{"id":2776,"date":"2022-06-22T10:55:32","date_gmt":"2022-06-22T08:55:32","guid":{"rendered":"https:\/\/agora.xtec.cat\/escolalesvinyes\/?p=2776"},"modified":"2022-06-22T10:57:27","modified_gmt":"2022-06-22T08:57:27","slug":"comiat-amb-lalumnat-de-lescola","status":"publish","type":"post","link":"https:\/\/agora.xtec.cat\/escolalesvinyes\/portada\/comiat-amb-lalumnat-de-lescola\/","title":{"rendered":"COMIAT AMB L&#8217;ALUMNAT DE L&#8217;ESCOLA"},"content":{"rendered":"<p>Com cada final de curs, ens acomiadem de l&#8217;alumnat.<\/p>\n<p>Al juny vivim moltes emocions, algunes contradict\u00f2ries, ja que ens alegrem, perqu\u00e8 comen\u00e7a l&#8217;estiu i les vacances, per\u00f2, per altra banda, tamb\u00e9 sentim tristesa per la dist\u00e0ncia que tenim entre nosaltres.<\/p>\n<p>Els alumnes de 6\u00e8 fan un gran pas cap a la secund\u00e0ria. Com ja saben, tenen les portes obertes de l&#8217;escola!<\/p>\n<p>La resta d&#8217;alumnat, ens retrobarem al setembre i rebrem als m\u00e9s petits de l&#8217;escola que s&#8217;incorporaran.<\/p>\n<p>Aqu\u00ed us deixem un <strong><a href=\"https:\/\/youtu.be\/8AKxa93mSE4\">v\u00eddeo de comiat<\/a>,<\/strong> per recordar-nos durant tot l&#8217;estiu!<\/p>\n<p><a href=\"https:\/\/youtu.be\/8AKxa93mSE4\"><img loading=\"lazy\" decoding=\"async\" class=\"alignnone size-large wp-image-2778\" src=\"https:\/\/agora.xtec.cat\/escolalesvinyes\/wp-content\/uploads\/usu634\/2022\/06\/Bon-estiu-1024x576.jpg\" alt=\"\" width=\"1024\" height=\"576\" srcset=\"https:\/\/agora.xtec.cat\/escolalesvinyes\/wp-content\/uploads\/usu634\/2022\/06\/Bon-estiu-1024x576.jpg 1024w, https:\/\/agora.xtec.cat\/escolalesvinyes\/wp-content\/uploads\/usu634\/2022\/06\/Bon-estiu-300x169.jpg 300w, https:\/\/agora.xtec.cat\/escolalesvinyes\/wp-content\/uploads\/usu634\/2022\/06\/Bon-estiu-768x432.jpg 768w, https:\/\/agora.xtec.cat\/escolalesvinyes\/wp-content\/uploads\/usu634\/2022\/06\/Bon-estiu-1536x864.jpg 1536w, https:\/\/agora.xtec.cat\/escolalesvinyes\/wp-content\/uploads\/usu634\/2022\/06\/Bon-estiu-2048x1152.jpg 2048w\" sizes=\"auto, (max-width: 1024px) 100vw, 1024px\" \/><\/a><\/p>\n","protected":false},"excerpt":{"rendered":"<p>Com cada final de curs, ens acomiadem de l&#8217;alumnat. Al juny vivim moltes emocions, algunes contradict\u00f2ries, ja que ens alegrem, perqu\u00e8 comen\u00e7a l&#8217;estiu i les vacances, per\u00f2, per altra banda, tamb\u00e9 sentim tristesa per la dist\u00e0ncia que tenim entre nosaltres. Els alumnes de 6\u00e8 fan un gran pas cap a la secund\u00e0ria. Com ja saben, [&hellip;]<\/p>\n","protected":false},"author":1,"featured_media":2778,"comment_status":"open","ping_status":"closed","sticky":false,"template":"","format":"standard","meta":{"_bbp_topic_count":0,"_bbp_reply_count":0,"_bbp_total_topic_count":0,"_bbp_total_reply_count":0,"_bbp_voice_count":0,"_bbp_anonymous_reply_count":0,"_bbp_topic_count_hidden":0,"_bbp_reply_count_hidden":0,"_bbp_forum_subforum_count":0,"site-sidebar-layout":"default","site-content-layout":"","ast-site-content-layout":"","site-content-style":"default","site-sidebar-style":"default","ast-global-header-display":"","ast-banner-title-visibility":"","ast-main-header-display":"","ast-hfb-above-header-display":"","ast-hfb-below-header-display":"","ast-hfb-mobile-header-display":"","site-post-title":"","ast-breadcrumbs-content":"","ast-featured-img":"","footer-sml-layout":"","theme-transparent-header-meta":"","adv-header-id-meta":"","stick-header-meta":"","header-above-stick-meta":"","header-main-stick-meta":"","header-below-stick-meta":"","astra-migrate-meta-layouts":"default","ast-page-background-enabled":"default","ast-page-background-meta":{"desktop":{"background-color":"var(--ast-global-color-4)","background-image":"","background-repeat":"repeat","background-position":"center center","background-size":"auto","background-attachment":"scroll","background-type":"","background-media":"","overlay-type":"","overlay-color":"","overlay-opacity":"","overlay-gradient":""},"tablet":{"background-color":"","background-image":"","background-repeat":"repeat","background-position":"center center","background-size":"auto","background-attachment":"scroll","background-type":"","background-media":"","overlay-type":"","overlay-color":"","overlay-opacity":"","overlay-gradient":""},"mobile":{"background-color":"","background-image":"","background-repeat":"repeat","background-position":"center center","background-size":"auto","background-attachment":"scroll","background-type":"","background-media":"","overlay-type":"","overlay-color":"","overlay-opacity":"","overlay-gradient":""}},"ast-content-background-meta":{"desktop":{"background-color":"var(--ast-global-color-5)","background-image":"","background-repeat":"repeat","background-position":"center center","background-size":"auto","background-attachment":"scroll","background-type":"","background-media":"","overlay-type":"","overlay-color":"","overlay-opacity":"","overlay-gradient":""},"tablet":{"background-color":"var(--ast-global-color-5)","background-image":"","background-repeat":"repeat","background-position":"center center","background-size":"auto","background-attachment":"scroll","background-type":"","background-media":"","overlay-type":"","overlay-color":"","overlay-opacity":"","overlay-gradient":""},"mobile":{"background-color":"var(--ast-global-color-5)","background-image":"","background-repeat":"repeat","background-position":"center center","background-size":"auto","background-attachment":"scroll","background-type":"","background-media":"","overlay-type":"","overlay-color":"","overlay-opacity":"","overlay-gradient":""}},"footnotes":""},"categories":[60,4],"tags":[],"class_list":["post-2776","post","type-post","status-publish","format-standard","has-post-thumbnail","hentry","category-escola","category-portada"],"post_mailing_queue_ids":[],"_links":{"self":[{"href":"https:\/\/agora.xtec.cat\/escolalesvinyes\/wp-json\/wp\/v2\/posts\/2776","targetHints":{"allow":["GET"]}}],"collection":[{"href":"https:\/\/agora.xtec.cat\/escolalesvinyes\/wp-json\/wp\/v2\/posts"}],"about":[{"href":"https:\/\/agora.xtec.cat\/escolalesvinyes\/wp-json\/wp\/v2\/types\/post"}],"author":[{"embeddable":true,"href":"https:\/\/agora.xtec.cat\/escolalesvinyes\/wp-json\/wp\/v2\/users\/1"}],"replies":[{"embeddable":true,"href":"https:\/\/agora.xtec.cat\/escolalesvinyes\/wp-json\/wp\/v2\/comments?post=2776"}],"version-history":[{"count":4,"href":"https:\/\/agora.xtec.cat\/escolalesvinyes\/wp-json\/wp\/v2\/posts\/2776\/revisions"}],"predecessor-version":[{"id":3668,"href":"https:\/\/agora.xtec.cat\/escolalesvinyes\/wp-json\/wp\/v2\/posts\/2776\/revisions\/3668"}],"wp:featuredmedia":[{"embeddable":true,"href":"https:\/\/agora.xtec.cat\/escolalesvinyes\/wp-json\/wp\/v2\/media\/2778"}],"wp:attachment":[{"href":"https:\/\/agora.xtec.cat\/escolalesvinyes\/wp-json\/wp\/v2\/media?parent=2776"}],"wp:term":[{"taxonomy":"category","embeddable":true,"href":"https:\/\/agora.xtec.cat\/escolalesvinyes\/wp-json\/wp\/v2\/categories?post=2776"},{"taxonomy":"post_tag","embeddable":true,"href":"https:\/\/agora.xtec.cat\/escolalesvinyes\/wp-json\/wp\/v2\/tags?post=2776"}],"curies":[{"name":"wp","href":"https:\/\/api.w.org\/{rel}","templated":true}]}}