{"id":2348,"date":"2022-03-08T16:30:45","date_gmt":"2022-03-08T15:30:45","guid":{"rendered":"https:\/\/agora.xtec.cat\/escolalesvinyes\/?p=2348"},"modified":"2022-03-06T21:42:14","modified_gmt":"2022-03-06T20:42:14","slug":"8-de-marc-dia-internacional-de-la-dona-treballadora","status":"publish","type":"post","link":"https:\/\/agora.xtec.cat\/escolalesvinyes\/general\/8-de-marc-dia-internacional-de-la-dona-treballadora\/","title":{"rendered":"8 DE MAR\u00c7 DIA INTERNACIONAL DE LA DONA TREBALLADORA"},"content":{"rendered":"<p><a href=\"https:\/\/agora.xtec.cat\/escolalesvinyes\/wp-content\/uploads\/usu634\/2022\/03\/jpg_20220221_224059_00001.jpg\"><img loading=\"lazy\" decoding=\"async\" class=\" wp-image-2349 alignleft\" src=\"https:\/\/agora.xtec.cat\/escolalesvinyes\/wp-content\/uploads\/usu634\/2022\/03\/jpg_20220221_224059_00001-212x300.jpg\" alt=\"\" width=\"290\" height=\"410\" srcset=\"https:\/\/agora.xtec.cat\/escolalesvinyes\/wp-content\/uploads\/usu634\/2022\/03\/jpg_20220221_224059_00001-212x300.jpg 212w, https:\/\/agora.xtec.cat\/escolalesvinyes\/wp-content\/uploads\/usu634\/2022\/03\/jpg_20220221_224059_00001-724x1024.jpg 724w, https:\/\/agora.xtec.cat\/escolalesvinyes\/wp-content\/uploads\/usu634\/2022\/03\/jpg_20220221_224059_00001-768x1086.jpg 768w, https:\/\/agora.xtec.cat\/escolalesvinyes\/wp-content\/uploads\/usu634\/2022\/03\/jpg_20220221_224059_00001-1086x1536.jpg 1086w, https:\/\/agora.xtec.cat\/escolalesvinyes\/wp-content\/uploads\/usu634\/2022\/03\/jpg_20220221_224059_00001-1448x2048.jpg 1448w, https:\/\/agora.xtec.cat\/escolalesvinyes\/wp-content\/uploads\/usu634\/2022\/03\/jpg_20220221_224059_00001.jpg 1587w\" sizes=\"auto, (max-width: 290px) 100vw, 290px\" \/><\/a>La nostra escola forma part del Seminari de Coeducaci\u00f3 i Pedagogies Feministes de l&#8217;Alt Pened\u00e8s, que s&#8217;ha creat aquest curs, hi participem 35 mestres de 20 centres educatius de la nostra comarca.<\/p>\n<p>El Seminari de Coeducaci\u00f3 i Pedagogies Feministes de l&#8217;Alt Pened\u00e8s \u00e9s un espai per a la reflexi\u00f3 \u00a0de la pr\u00e0ctica educativa entorn de l&#8217;educaci\u00f3 no sexista i l&#8217;educaci\u00f3 inclusiva on poder \u00a0reflexionar, aprofundir amb temes d&#8217;inter\u00e8s i alhora construir accions transformadores pel nostre\u00a0 territori amb relaci\u00f3 a la coeducaci\u00f3.<\/p>\n<p>Enguany, ens sumem a les propostes did\u00e0ctiques plantejades des del seminari sota el lema:<\/p>\n<p style=\"text-align: center;\"><strong>\u201cLA DONA DE LA MEVA VIDA\u201d<\/strong><\/p>\n<p>Cada cicle ha adaptat alguna de les \u00a0activitats proposades. Ens ha anat molt b\u00e9 treballar amb el llibre -editat per l\u2019Ajuntament de Sant Cugat Sesgarrigues, l\u2019any 2014- <strong>L\u2019empremta de DONES de Sant Cugat Sesgarrigues, <\/strong>per tal de con\u00e8ixer les vertaderes hero\u00efnes de la nostra comunitat.<\/p>\n<p><a href=\"https:\/\/agora.xtec.cat\/escolalesvinyes\/wp-content\/uploads\/usu634\/2022\/03\/Disseny-Llibre-L-Empremta-de-Dones-Disculpi-Studio-Angels-Pinyol-Books-Design.jpg\"><img loading=\"lazy\" decoding=\"async\" class=\"size-medium wp-image-2350 alignright\" src=\"https:\/\/agora.xtec.cat\/escolalesvinyes\/wp-content\/uploads\/usu634\/2022\/03\/Disseny-Llibre-L-Empremta-de-Dones-Disculpi-Studio-Angels-Pinyol-Books-Design-300x200.jpg\" alt=\"\" width=\"300\" height=\"200\" srcset=\"https:\/\/agora.xtec.cat\/escolalesvinyes\/wp-content\/uploads\/usu634\/2022\/03\/Disseny-Llibre-L-Empremta-de-Dones-Disculpi-Studio-Angels-Pinyol-Books-Design-300x200.jpg 300w, https:\/\/agora.xtec.cat\/escolalesvinyes\/wp-content\/uploads\/usu634\/2022\/03\/Disseny-Llibre-L-Empremta-de-Dones-Disculpi-Studio-Angels-Pinyol-Books-Design-1024x683.jpg 1024w, https:\/\/agora.xtec.cat\/escolalesvinyes\/wp-content\/uploads\/usu634\/2022\/03\/Disseny-Llibre-L-Empremta-de-Dones-Disculpi-Studio-Angels-Pinyol-Books-Design-768x512.jpg 768w, https:\/\/agora.xtec.cat\/escolalesvinyes\/wp-content\/uploads\/usu634\/2022\/03\/Disseny-Llibre-L-Empremta-de-Dones-Disculpi-Studio-Angels-Pinyol-Books-Design-1536x1024.jpg 1536w, https:\/\/agora.xtec.cat\/escolalesvinyes\/wp-content\/uploads\/usu634\/2022\/03\/Disseny-Llibre-L-Empremta-de-Dones-Disculpi-Studio-Angels-Pinyol-Books-Design-2048x1365.jpg 2048w\" sizes=\"auto, (max-width: 300px) 100vw, 300px\" \/><\/a><\/p>\n","protected":false},"excerpt":{"rendered":"<p>La nostra escola forma part del Seminari de Coeducaci\u00f3 i Pedagogies Feministes de l&#8217;Alt Pened\u00e8s, que s&#8217;ha creat aquest curs, hi participem 35 mestres de 20 centres educatius de la nostra comarca. El Seminari de Coeducaci\u00f3 i Pedagogies Feministes de l&#8217;Alt Pened\u00e8s \u00e9s un espai per a la reflexi\u00f3 \u00a0de la pr\u00e0ctica educativa entorn de [&hellip;]<\/p>\n","protected":false},"author":18,"featured_media":2349,"comment_status":"open","ping_status":"closed","sticky":false,"template":"","format":"standard","meta":{"_bbp_topic_count":0,"_bbp_reply_count":0,"_bbp_total_topic_count":0,"_bbp_total_reply_count":0,"_bbp_voice_count":0,"_bbp_anonymous_reply_count":0,"_bbp_topic_count_hidden":0,"_bbp_reply_count_hidden":0,"_bbp_forum_subforum_count":0,"site-sidebar-layout":"default","site-content-layout":"","ast-site-content-layout":"","site-content-style":"default","site-sidebar-style":"default","ast-global-header-display":"","ast-banner-title-visibility":"","ast-main-header-display":"","ast-hfb-above-header-display":"","ast-hfb-below-header-display":"","ast-hfb-mobile-header-display":"","site-post-title":"","ast-breadcrumbs-content":"","ast-featured-img":"","footer-sml-layout":"","theme-transparent-header-meta":"","adv-header-id-meta":"","stick-header-meta":"","header-above-stick-meta":"","header-main-stick-meta":"","header-below-stick-meta":"","astra-migrate-meta-layouts":"default","ast-page-background-enabled":"default","ast-page-background-meta":{"desktop":{"background-color":"var(--ast-global-color-4)","background-image":"","background-repeat":"repeat","background-position":"center center","background-size":"auto","background-attachment":"scroll","background-type":"","background-media":"","overlay-type":"","overlay-color":"","overlay-opacity":"","overlay-gradient":""},"tablet":{"background-color":"","background-image":"","background-repeat":"repeat","background-position":"center center","background-size":"auto","background-attachment":"scroll","background-type":"","background-media":"","overlay-type":"","overlay-color":"","overlay-opacity":"","overlay-gradient":""},"mobile":{"background-color":"","background-image":"","background-repeat":"repeat","background-position":"center center","background-size":"auto","background-attachment":"scroll","background-type":"","background-media":"","overlay-type":"","overlay-color":"","overlay-opacity":"","overlay-gradient":""}},"ast-content-background-meta":{"desktop":{"background-color":"var(--ast-global-color-5)","background-image":"","background-repeat":"repeat","background-position":"center center","background-size":"auto","background-attachment":"scroll","background-type":"","background-media":"","overlay-type":"","overlay-color":"","overlay-opacity":"","overlay-gradient":""},"tablet":{"background-color":"var(--ast-global-color-5)","background-image":"","background-repeat":"repeat","background-position":"center center","background-size":"auto","background-attachment":"scroll","background-type":"","background-media":"","overlay-type":"","overlay-color":"","overlay-opacity":"","overlay-gradient":""},"mobile":{"background-color":"var(--ast-global-color-5)","background-image":"","background-repeat":"repeat","background-position":"center center","background-size":"auto","background-attachment":"scroll","background-type":"","background-media":"","overlay-type":"","overlay-color":"","overlay-opacity":"","overlay-gradient":""}},"footnotes":""},"categories":[1,4],"tags":[],"class_list":["post-2348","post","type-post","status-publish","format-standard","has-post-thumbnail","hentry","category-general","category-portada"],"post_mailing_queue_ids":[],"_links":{"self":[{"href":"https:\/\/agora.xtec.cat\/escolalesvinyes\/wp-json\/wp\/v2\/posts\/2348","targetHints":{"allow":["GET"]}}],"collection":[{"href":"https:\/\/agora.xtec.cat\/escolalesvinyes\/wp-json\/wp\/v2\/posts"}],"about":[{"href":"https:\/\/agora.xtec.cat\/escolalesvinyes\/wp-json\/wp\/v2\/types\/post"}],"author":[{"embeddable":true,"href":"https:\/\/agora.xtec.cat\/escolalesvinyes\/wp-json\/wp\/v2\/users\/18"}],"replies":[{"embeddable":true,"href":"https:\/\/agora.xtec.cat\/escolalesvinyes\/wp-json\/wp\/v2\/comments?post=2348"}],"version-history":[{"count":3,"href":"https:\/\/agora.xtec.cat\/escolalesvinyes\/wp-json\/wp\/v2\/posts\/2348\/revisions"}],"predecessor-version":[{"id":2353,"href":"https:\/\/agora.xtec.cat\/escolalesvinyes\/wp-json\/wp\/v2\/posts\/2348\/revisions\/2353"}],"wp:featuredmedia":[{"embeddable":true,"href":"https:\/\/agora.xtec.cat\/escolalesvinyes\/wp-json\/wp\/v2\/media\/2349"}],"wp:attachment":[{"href":"https:\/\/agora.xtec.cat\/escolalesvinyes\/wp-json\/wp\/v2\/media?parent=2348"}],"wp:term":[{"taxonomy":"category","embeddable":true,"href":"https:\/\/agora.xtec.cat\/escolalesvinyes\/wp-json\/wp\/v2\/categories?post=2348"},{"taxonomy":"post_tag","embeddable":true,"href":"https:\/\/agora.xtec.cat\/escolalesvinyes\/wp-json\/wp\/v2\/tags?post=2348"}],"curies":[{"name":"wp","href":"https:\/\/api.w.org\/{rel}","templated":true}]}}