{"id":13331,"date":"2026-06-20T16:00:55","date_gmt":"2026-06-20T14:00:55","guid":{"rendered":"https:\/\/agora.xtec.cat\/escolalestany\/?p=13331"},"modified":"2026-09-06T16:46:31","modified_gmt":"2026-09-06T14:46:31","slug":"tanquem-el-curs-amb-molta-alegria","status":"publish","type":"post","link":"https:\/\/agora.xtec.cat\/escolalestany\/general\/tanquem-el-curs-amb-molta-alegria\/","title":{"rendered":"Tanquem el curs amb molta alegria!!"},"content":{"rendered":"<h1>I aix\u00ed, gaireb\u00e9 sense adonar-nos-en, <strong>arribem al final d\u2019un altre curs!<\/strong><\/h1>\n<p>Han estat uns darrers dies ben intensos, plens de moments compartits, rialles, emocions i molta vida d\u2019escola. Hem gaudit dels nostres <strong>sopars de carmanyola amb les fam\u00edlies<\/strong>, una estona per trobar-nos, compartir taula i celebrar plegats que som una gran comunitat.<\/p>\n<p>Tamb\u00e9 hem descobert grans talents amb el nostre <strong>Got Talent<\/strong>, on petits i grans ens han sorpr\u00e8s amb les seves habilitats, creativitat i molta, molta valentia!<\/p>\n<p>Hem mirat cap al futur i hem deixat la nostra petjada amb la <strong>plantada d\u2019arbres<\/strong>, una acci\u00f3 simb\u00f2lica que ens recorda que cr\u00e9ixer, cuidar i construir tamb\u00e9 \u00e9s pensar en el dem\u00e0.<\/p>\n<p>I, com cada final de curs, hem viscut un moment molt especial: <strong>l\u2019acomiadament dels nostres infants de 6\u00e8<\/strong>. Ens fa molta il\u00b7lusi\u00f3 veure\u2019ls emprendre una nova etapa i els desitgem de tot cor una <strong>molt bona entrada a l\u2019institut<\/strong>, plena de nous aprenentatges, amistats, reptes i aventures. Estem segurs que deixaran una mica de la seva empremta all\u00e0 on vagin.<\/p>\n<p>I per posar el punt final a aquest curs, no podia faltar una nit ben especial: <strong>la dormida a l\u2019escola!<\/strong><\/p>\n<p>Una \u00faltima aventura compartida abans de marxar de vacances&#8230; I, \u00e9s clar, ho hav\u00edem de rematar com calia: amb <strong>la remullada a la piscina!<\/strong><\/p>\n<p>Ara s\u00ed&#8230; toca descansar, gaudir, jugar, viatjar, compartir temps en fam\u00edlia i carregar piles! Gudiu molt de l\u2019estiu i ens retrobem al setembre amb les piles ben carregades i moltes ganes de continuar fent escola plegats!<\/p>\n<p><strong>Bones vacances, fam\u00edlies de l\u2019Escola de l\u2019Estany! Bon estiu!\u00a0<\/strong><\/p>\n","protected":false},"excerpt":{"rendered":"<p>I aix\u00ed, gaireb\u00e9 sense adonar-nos-en, arribem al final d\u2019un altre curs!<br \/>\nHan estat uns darrers dies ben intensos, plens de moments compartits, rialles, emocions i molta vida d\u2019escola. Hem gaudit dels nostres sopars de carmanyola amb les fam\u00edlies, una estona per trobar-nos, compartir taula i celebrar&hellip;  <a href=\"https:\/\/agora.xtec.cat\/escolalestany\/general\/tanquem-el-curs-amb-molta-alegria\/\" title=\"Read Tanquem el curs amb molta alegria!!\">Llegeix m\u00e9s\u00bb<\/a><\/p>\n","protected":false},"author":1,"featured_media":0,"comment_status":"open","ping_status":"open","sticky":false,"template":"","format":"standard","meta":{"_bbp_topic_count":0,"_bbp_reply_count":0,"_bbp_total_topic_count":0,"_bbp_total_reply_count":0,"_bbp_voice_count":0,"_bbp_anonymous_reply_count":0,"_bbp_topic_count_hidden":0,"_bbp_reply_count_hidden":0,"_bbp_forum_subforum_count":0,"footnotes":""},"categories":[71,5,22,1,4],"tags":[],"class_list":["post-13331","post","type-post","status-publish","format-standard","hentry","category-educacio-infantil-3","category-primaria","category-escola-de-lestany","category-general","category-portada"],"post_mailing_queue_ids":[],"_links":{"self":[{"href":"https:\/\/agora.xtec.cat\/escolalestany\/wp-json\/wp\/v2\/posts\/13331","targetHints":{"allow":["GET"]}}],"collection":[{"href":"https:\/\/agora.xtec.cat\/escolalestany\/wp-json\/wp\/v2\/posts"}],"about":[{"href":"https:\/\/agora.xtec.cat\/escolalestany\/wp-json\/wp\/v2\/types\/post"}],"author":[{"embeddable":true,"href":"https:\/\/agora.xtec.cat\/escolalestany\/wp-json\/wp\/v2\/users\/1"}],"replies":[{"embeddable":true,"href":"https:\/\/agora.xtec.cat\/escolalestany\/wp-json\/wp\/v2\/comments?post=13331"}],"version-history":[{"count":3,"href":"https:\/\/agora.xtec.cat\/escolalestany\/wp-json\/wp\/v2\/posts\/13331\/revisions"}],"predecessor-version":[{"id":13334,"href":"https:\/\/agora.xtec.cat\/escolalestany\/wp-json\/wp\/v2\/posts\/13331\/revisions\/13334"}],"wp:attachment":[{"href":"https:\/\/agora.xtec.cat\/escolalestany\/wp-json\/wp\/v2\/media?parent=13331"}],"wp:term":[{"taxonomy":"category","embeddable":true,"href":"https:\/\/agora.xtec.cat\/escolalestany\/wp-json\/wp\/v2\/categories?post=13331"},{"taxonomy":"post_tag","embeddable":true,"href":"https:\/\/agora.xtec.cat\/escolalestany\/wp-json\/wp\/v2\/tags?post=13331"}],"curies":[{"name":"wp","href":"https:\/\/api.w.org\/{rel}","templated":true}]}}