{"id":13325,"date":"2026-09-03T12:00:10","date_gmt":"2026-09-03T10:00:10","guid":{"rendered":"https:\/\/agora.xtec.cat\/escolalestany\/?p=13325"},"modified":"2026-09-06T16:30:17","modified_gmt":"2026-09-06T14:30:17","slug":"benvingut-nou-curs","status":"publish","type":"post","link":"https:\/\/agora.xtec.cat\/escolalestany\/general\/benvingut-nou-curs\/","title":{"rendered":"Benvingut, nou curs!"},"content":{"rendered":"<p>Comencem un nou curs amb molta il\u00b7lusi\u00f3, energia i ganes de compartir-lo amb tota la comunitat educativa de l\u2019Escola de l\u2019Estany i de la ZER.<\/p>\n<p>Aquest any encetem el cam\u00ed amb <strong>un equip nou, ple d\u2019empenta i d\u2019idees<\/strong>, disposat a portar a terme tota una colla d\u2019activitats i projectes que hem anat pensant amb molta il\u00b7lusi\u00f3. Ens acompanyen tamb\u00e9 <strong>cares noves, amb molta formaci\u00f3, experi\u00e8ncia i ganes de sumar<\/strong>, que esperem que contribueixin a fer cr\u00e9ixer el nostre projecte educatiu.<\/p>\n<p>Desitgem que aquest sigui un curs tranquil, sense entrebancs, en qu\u00e8 puguem avan\u00e7ar plegats amb <strong>una bona comunicaci\u00f3, confian\u00e7a i un fort esperit de comunitat<\/strong>. Perqu\u00e8 sabem que educar \u00e9s una tasca compartida i que, quan escola, infants i fam\u00edlies caminem en la mateixa direcci\u00f3, tot pren m\u00e9s sentit.<\/p>\n<p>Esperem, de tot cor, que <strong>l\u2019Escola de l\u2019Estany i, amb ella, tota la ZER<\/strong>, siguin un espai on els nostres infants puguin cr\u00e9ixer, descobrir, experimentar i gaudir; un lloc on tinguin l\u2019oportunitat d\u2019omplir la seva motxilla de <strong>nous aprenentatges, experi\u00e8ncies enriquidores i emocions positives<\/strong>.<\/p>\n<p>Afrontem aquest nou curs amb la mirada posada en tot all\u00f2 que est\u00e0 per venir i amb moltes ganes de fer escola, de fer xarxa i de construir plegats un curs ple de moments per recordar.<\/p>\n<p><strong>Benvingudes i benvinguts a aquest nou curs! Comencem!<\/strong><\/p>\n","protected":false},"excerpt":{"rendered":"<p>Comencem un nou curs amb molta il\u00b7lusi\u00f3, energia i ganes de compartir-lo amb tota la comunitat educativa de l\u2019Escola de l\u2019Estany i de la ZER.<br \/>\nAquest any encetem el cam\u00ed amb un equip nou, ple d\u2019empenta i d\u2019idees, disposat a portar a terme tota una colla&hellip;  <a href=\"https:\/\/agora.xtec.cat\/escolalestany\/general\/benvingut-nou-curs\/\" title=\"Read Benvingut, nou curs!\">Llegeix m\u00e9s\u00bb<\/a><\/p>\n","protected":false},"author":1,"featured_media":13326,"comment_status":"open","ping_status":"open","sticky":false,"template":"","format":"standard","meta":{"_bbp_topic_count":0,"_bbp_reply_count":0,"_bbp_total_topic_count":0,"_bbp_total_reply_count":0,"_bbp_voice_count":0,"_bbp_anonymous_reply_count":0,"_bbp_topic_count_hidden":0,"_bbp_reply_count_hidden":0,"_bbp_forum_subforum_count":0,"footnotes":""},"categories":[23,24,25,71,5,22,1,4,70,26],"tags":[],"class_list":["post-13325","post","type-post","status-publish","format-standard","has-post-thumbnail","hentry","category-cicle-inicial","category-cicle-mitja","category-cicle-superior","category-educacio-infantil-3","category-primaria","category-escola-de-lestany","category-general","category-portada","category-segon-cicle-deducacio-infantil","category-educacio-infantil"],"post_mailing_queue_ids":[],"_links":{"self":[{"href":"https:\/\/agora.xtec.cat\/escolalestany\/wp-json\/wp\/v2\/posts\/13325","targetHints":{"allow":["GET"]}}],"collection":[{"href":"https:\/\/agora.xtec.cat\/escolalestany\/wp-json\/wp\/v2\/posts"}],"about":[{"href":"https:\/\/agora.xtec.cat\/escolalestany\/wp-json\/wp\/v2\/types\/post"}],"author":[{"embeddable":true,"href":"https:\/\/agora.xtec.cat\/escolalestany\/wp-json\/wp\/v2\/users\/1"}],"replies":[{"embeddable":true,"href":"https:\/\/agora.xtec.cat\/escolalestany\/wp-json\/wp\/v2\/comments?post=13325"}],"version-history":[{"count":1,"href":"https:\/\/agora.xtec.cat\/escolalestany\/wp-json\/wp\/v2\/posts\/13325\/revisions"}],"predecessor-version":[{"id":13327,"href":"https:\/\/agora.xtec.cat\/escolalestany\/wp-json\/wp\/v2\/posts\/13325\/revisions\/13327"}],"wp:featuredmedia":[{"embeddable":true,"href":"https:\/\/agora.xtec.cat\/escolalestany\/wp-json\/wp\/v2\/media\/13326"}],"wp:attachment":[{"href":"https:\/\/agora.xtec.cat\/escolalestany\/wp-json\/wp\/v2\/media?parent=13325"}],"wp:term":[{"taxonomy":"category","embeddable":true,"href":"https:\/\/agora.xtec.cat\/escolalestany\/wp-json\/wp\/v2\/categories?post=13325"},{"taxonomy":"post_tag","embeddable":true,"href":"https:\/\/agora.xtec.cat\/escolalestany\/wp-json\/wp\/v2\/tags?post=13325"}],"curies":[{"name":"wp","href":"https:\/\/api.w.org\/{rel}","templated":true}]}}