{"id":4881,"date":"2026-04-28T10:36:05","date_gmt":"2026-04-28T08:36:05","guid":{"rendered":"https:\/\/agora.xtec.cat\/escolalesplanes\/?p=4881"},"modified":"2026-04-28T10:36:08","modified_gmt":"2026-04-28T08:36:08","slug":"setmana-intercultural-a-6e","status":"publish","type":"post","link":"https:\/\/agora.xtec.cat\/escolalesplanes\/primaria\/6e\/setmana-intercultural-a-6e\/","title":{"rendered":"Setmana intercultural a 6\u00e8"},"content":{"rendered":"<p>La Setmana Intercultural \u00e9s un espai de trobada, aprenentatge i celebraci\u00f3 de la diversitat que forma part de la nostra comunitat educativa. Durant aquests dies, l&#8217;alumnat podr\u00e0 descobrir diferents cultures del m\u00f3n mitjan\u00e7ant activitats din\u00e0miques, tallers, jocs, gastronomia i propostes art\u00edstiques.<\/p>\n<p>L&#8217;objectiu principal \u00e9s fomentar el respecte, la conviv\u00e8ncia i la curiositat envers altres formes de vida, tradicions i lleng\u00fces. Creiem que con\u00e8ixer altres cultures ens enriqueix, ens ajuda a comprendre millor el m\u00f3n i construir una societat m\u00e9s oberta i inclusiva.<\/p>\n<p>Durant la setmana, cada curs participar\u00e0 en diverses experi\u00e8ncies que els permetran viatjar simb\u00f2licament per diferents pa\u00efsos, compartint coneixements i viv\u00e8ncies. A m\u00e9s, comptarem amb la col\u00b7laboraci\u00f3 de fam\u00edlies i membres de la comunitat que aportaran el seu testimoniatge i sabers.<\/p>\n<p>A continuaci\u00f3 teniu les <a href=\"https:\/\/agora.xtec.cat\/escolalesplanes\/blogs\/promocio-2014\/\" target=\"_blank\" rel=\"noopener\">fotos<\/a> de les activitats que hem fet.<\/p>\n","protected":false},"excerpt":{"rendered":"<p>La Setmana Intercultural \u00e9s un espai de trobada, aprenentatge i celebraci\u00f3 de la diversitat que forma part de la nostra comunitat educativa. Durant aquests dies, l&#8217;alumnat podr\u00e0 descobrir diferents cultures del m\u00f3n mitjan\u00e7ant activitats din\u00e0miques, tallers, jocs, gastronomia i propostes art\u00edstiques. L&#8217;objectiu principal \u00e9s fomentar el respecte, la conviv\u00e8ncia i la curiositat envers altres formes [&hellip;]<\/p>\n","protected":false},"author":1,"featured_media":0,"comment_status":"open","ping_status":"open","sticky":false,"template":"","format":"standard","meta":{"_bbp_topic_count":0,"_bbp_reply_count":0,"_bbp_total_topic_count":0,"_bbp_total_reply_count":0,"_bbp_voice_count":0,"_bbp_anonymous_reply_count":0,"_bbp_topic_count_hidden":0,"_bbp_reply_count_hidden":0,"_bbp_forum_subforum_count":0,"site-sidebar-layout":"default","site-content-layout":"","ast-site-content-layout":"default","site-content-style":"default","site-sidebar-style":"default","ast-global-header-display":"","ast-banner-title-visibility":"","ast-main-header-display":"","ast-hfb-above-header-display":"","ast-hfb-below-header-display":"","ast-hfb-mobile-header-display":"","site-post-title":"","ast-breadcrumbs-content":"","ast-featured-img":"","footer-sml-layout":"","theme-transparent-header-meta":"default","adv-header-id-meta":"","stick-header-meta":"","header-above-stick-meta":"","header-main-stick-meta":"","header-below-stick-meta":"","astra-migrate-meta-layouts":"set","ast-page-background-enabled":"default","ast-page-background-meta":{"desktop":{"background-color":"var(--ast-global-color-4)","background-image":"","background-repeat":"repeat","background-position":"center center","background-size":"auto","background-attachment":"scroll","background-type":"","background-media":"","overlay-type":"","overlay-color":"","overlay-opacity":"","overlay-gradient":""},"tablet":{"background-color":"","background-image":"","background-repeat":"repeat","background-position":"center center","background-size":"auto","background-attachment":"scroll","background-type":"","background-media":"","overlay-type":"","overlay-color":"","overlay-opacity":"","overlay-gradient":""},"mobile":{"background-color":"","background-image":"","background-repeat":"repeat","background-position":"center center","background-size":"auto","background-attachment":"scroll","background-type":"","background-media":"","overlay-type":"","overlay-color":"","overlay-opacity":"","overlay-gradient":""}},"ast-content-background-meta":{"desktop":{"background-color":"var(--ast-global-color-5)","background-image":"","background-repeat":"repeat","background-position":"center center","background-size":"auto","background-attachment":"scroll","background-type":"","background-media":"","overlay-type":"","overlay-color":"","overlay-opacity":"","overlay-gradient":""},"tablet":{"background-color":"var(--ast-global-color-5)","background-image":"","background-repeat":"repeat","background-position":"center center","background-size":"auto","background-attachment":"scroll","background-type":"","background-media":"","overlay-type":"","overlay-color":"","overlay-opacity":"","overlay-gradient":""},"mobile":{"background-color":"var(--ast-global-color-5)","background-image":"","background-repeat":"repeat","background-position":"center center","background-size":"auto","background-attachment":"scroll","background-type":"","background-media":"","overlay-type":"","overlay-color":"","overlay-opacity":"","overlay-gradient":""}},"footnotes":""},"categories":[15],"tags":[],"class_list":["post-4881","post","type-post","status-publish","format-standard","hentry","category-6e"],"post_mailing_queue_ids":[],"_links":{"self":[{"href":"https:\/\/agora.xtec.cat\/escolalesplanes\/wp-json\/wp\/v2\/posts\/4881","targetHints":{"allow":["GET"]}}],"collection":[{"href":"https:\/\/agora.xtec.cat\/escolalesplanes\/wp-json\/wp\/v2\/posts"}],"about":[{"href":"https:\/\/agora.xtec.cat\/escolalesplanes\/wp-json\/wp\/v2\/types\/post"}],"author":[{"embeddable":true,"href":"https:\/\/agora.xtec.cat\/escolalesplanes\/wp-json\/wp\/v2\/users\/1"}],"replies":[{"embeddable":true,"href":"https:\/\/agora.xtec.cat\/escolalesplanes\/wp-json\/wp\/v2\/comments?post=4881"}],"version-history":[{"count":1,"href":"https:\/\/agora.xtec.cat\/escolalesplanes\/wp-json\/wp\/v2\/posts\/4881\/revisions"}],"predecessor-version":[{"id":4882,"href":"https:\/\/agora.xtec.cat\/escolalesplanes\/wp-json\/wp\/v2\/posts\/4881\/revisions\/4882"}],"wp:attachment":[{"href":"https:\/\/agora.xtec.cat\/escolalesplanes\/wp-json\/wp\/v2\/media?parent=4881"}],"wp:term":[{"taxonomy":"category","embeddable":true,"href":"https:\/\/agora.xtec.cat\/escolalesplanes\/wp-json\/wp\/v2\/categories?post=4881"},{"taxonomy":"post_tag","embeddable":true,"href":"https:\/\/agora.xtec.cat\/escolalesplanes\/wp-json\/wp\/v2\/tags?post=4881"}],"curies":[{"name":"wp","href":"https:\/\/api.w.org\/{rel}","templated":true}]}}