{"id":4698,"date":"2026-03-02T18:10:51","date_gmt":"2026-03-02T17:10:51","guid":{"rendered":"https:\/\/agora.xtec.cat\/escolalesplanes\/?p=4698"},"modified":"2026-03-02T18:10:51","modified_gmt":"2026-03-02T17:10:51","slug":"visita-a-linstitut-marina","status":"publish","type":"post","link":"https:\/\/agora.xtec.cat\/escolalesplanes\/general\/visita-a-linstitut-marina\/","title":{"rendered":"Visita a l&#8217;Institut Marina"},"content":{"rendered":"<p data-start=\"136\" data-end=\"339\"><a href=\"https:\/\/agora.xtec.cat\/escolalesplanes\/wp-content\/uploads\/usu2441\/2026\/03\/INS-Marina.png\"><img loading=\"lazy\" decoding=\"async\" class=\"aligncenter  wp-image-4699\" src=\"https:\/\/agora.xtec.cat\/escolalesplanes\/wp-content\/uploads\/usu2441\/2026\/03\/INS-Marina-1024x1024.png\" alt=\"\" width=\"270\" height=\"270\" srcset=\"https:\/\/agora.xtec.cat\/escolalesplanes\/wp-content\/uploads\/usu2441\/2026\/03\/INS-Marina-1024x1024.png 1024w, https:\/\/agora.xtec.cat\/escolalesplanes\/wp-content\/uploads\/usu2441\/2026\/03\/INS-Marina-300x300.png 300w, https:\/\/agora.xtec.cat\/escolalesplanes\/wp-content\/uploads\/usu2441\/2026\/03\/INS-Marina-150x150.png 150w, https:\/\/agora.xtec.cat\/escolalesplanes\/wp-content\/uploads\/usu2441\/2026\/03\/INS-Marina-768x768.png 768w, https:\/\/agora.xtec.cat\/escolalesplanes\/wp-content\/uploads\/usu2441\/2026\/03\/INS-Marina.png 1080w\" sizes=\"auto, (max-width: 270px) 100vw, 270px\" \/><\/a><\/p>\n<p data-start=\"136\" data-end=\"339\">Aquesta mat\u00ed, l\u2019alumnat de 6\u00e8 ha visitat l\u2019<span class=\"hover:entity-accent entity-underline inline cursor-pointer align-baseline\"><span class=\"whitespace-normal\">Institut Marina<\/span><\/span>, una experi\u00e8ncia molt enriquidora que els ha perm\u00e8s con\u00e8ixer de primera m\u00e0 el que ser\u00e0 la seva propera etapa educativa.<\/p>\n<p data-start=\"341\" data-end=\"615\">Durant la visita, hem recorregut diferents aules, els patis i altres estances del centre. Tamb\u00e9 ens han explicat el funcionament de l\u2019institut: l\u2019organitzaci\u00f3 de les mat\u00e8ries, els horaris, el paper del professorat i les diverses activitats i projectes que s\u2019hi duen a terme.<\/p>\n<p data-start=\"617\" data-end=\"780\">Al llarg del recorregut, l\u2019alumnat ha pogut plantejar tots els dubtes que anaven sorgint, i el professorat del centre els ha resolt de manera molt clara i propera.<\/p>\n<p data-start=\"782\" data-end=\"1018\">Un dels moments m\u00e9s especials de la jornada ha estat retrobar antics companys i companyes de la nostra escola que actualment estudien a l\u2019institut. Ha estat una bona oportunitat per compartir experi\u00e8ncies i rebre consells de primera m\u00e0.<\/p>\n<p data-start=\"1020\" data-end=\"1138\">Sens dubte, aquesta visita ha ajudat l\u2019alumnat a afrontar amb m\u00e9s il\u00b7lusi\u00f3 i confian\u00e7a el pas a l\u2019educaci\u00f3 secund\u00e0ria.<\/p>\n<p data-start=\"1020\" data-end=\"1138\">Us deixem algunes <a href=\"https:\/\/agora.xtec.cat\/escolalesplanes\/blogs\/promocio-2014\/\">FOTOS<\/a> d&#8217;aquesta visita. Les podeu trobar a la carpeta: Visita a l&#8217;INS Marina.<\/p>\n","protected":false},"excerpt":{"rendered":"<p>Aquesta mat\u00ed, l\u2019alumnat de 6\u00e8 ha visitat l\u2019Institut Marina, una experi\u00e8ncia molt enriquidora que els ha perm\u00e8s con\u00e8ixer de primera m\u00e0 el que ser\u00e0 la seva propera etapa educativa. Durant la visita, hem recorregut diferents aules, els patis i altres estances del centre. Tamb\u00e9 ens han explicat el funcionament de l\u2019institut: l\u2019organitzaci\u00f3 de les mat\u00e8ries, [&hellip;]<\/p>\n","protected":false},"author":6,"featured_media":4699,"comment_status":"closed","ping_status":"closed","sticky":false,"template":"","format":"standard","meta":{"_bbp_topic_count":0,"_bbp_reply_count":0,"_bbp_total_topic_count":0,"_bbp_total_reply_count":0,"_bbp_voice_count":0,"_bbp_anonymous_reply_count":0,"_bbp_topic_count_hidden":0,"_bbp_reply_count_hidden":0,"_bbp_forum_subforum_count":0,"site-sidebar-layout":"default","site-content-layout":"","ast-site-content-layout":"default","site-content-style":"default","site-sidebar-style":"default","ast-global-header-display":"","ast-banner-title-visibility":"","ast-main-header-display":"","ast-hfb-above-header-display":"","ast-hfb-below-header-display":"","ast-hfb-mobile-header-display":"","site-post-title":"","ast-breadcrumbs-content":"","ast-featured-img":"","footer-sml-layout":"","theme-transparent-header-meta":"default","adv-header-id-meta":"","stick-header-meta":"","header-above-stick-meta":"","header-main-stick-meta":"","header-below-stick-meta":"","astra-migrate-meta-layouts":"set","ast-page-background-enabled":"default","ast-page-background-meta":{"desktop":{"background-color":"var(--ast-global-color-4)","background-image":"","background-repeat":"repeat","background-position":"center center","background-size":"auto","background-attachment":"scroll","background-type":"","background-media":"","overlay-type":"","overlay-color":"","overlay-opacity":"","overlay-gradient":""},"tablet":{"background-color":"","background-image":"","background-repeat":"repeat","background-position":"center center","background-size":"auto","background-attachment":"scroll","background-type":"","background-media":"","overlay-type":"","overlay-color":"","overlay-opacity":"","overlay-gradient":""},"mobile":{"background-color":"","background-image":"","background-repeat":"repeat","background-position":"center center","background-size":"auto","background-attachment":"scroll","background-type":"","background-media":"","overlay-type":"","overlay-color":"","overlay-opacity":"","overlay-gradient":""}},"ast-content-background-meta":{"desktop":{"background-color":"var(--ast-global-color-5)","background-image":"","background-repeat":"repeat","background-position":"center center","background-size":"auto","background-attachment":"scroll","background-type":"","background-media":"","overlay-type":"","overlay-color":"","overlay-opacity":"","overlay-gradient":""},"tablet":{"background-color":"var(--ast-global-color-5)","background-image":"","background-repeat":"repeat","background-position":"center center","background-size":"auto","background-attachment":"scroll","background-type":"","background-media":"","overlay-type":"","overlay-color":"","overlay-opacity":"","overlay-gradient":""},"mobile":{"background-color":"var(--ast-global-color-5)","background-image":"","background-repeat":"repeat","background-position":"center center","background-size":"auto","background-attachment":"scroll","background-type":"","background-media":"","overlay-type":"","overlay-color":"","overlay-opacity":"","overlay-gradient":""}},"footnotes":""},"categories":[15,101,1,4,5],"tags":[],"class_list":["post-4698","post","type-post","status-publish","format-standard","has-post-thumbnail","hentry","category-6e","category-comunitat-gran","category-general","category-portada","category-primaria"],"post_mailing_queue_ids":[],"_links":{"self":[{"href":"https:\/\/agora.xtec.cat\/escolalesplanes\/wp-json\/wp\/v2\/posts\/4698","targetHints":{"allow":["GET"]}}],"collection":[{"href":"https:\/\/agora.xtec.cat\/escolalesplanes\/wp-json\/wp\/v2\/posts"}],"about":[{"href":"https:\/\/agora.xtec.cat\/escolalesplanes\/wp-json\/wp\/v2\/types\/post"}],"author":[{"embeddable":true,"href":"https:\/\/agora.xtec.cat\/escolalesplanes\/wp-json\/wp\/v2\/users\/6"}],"replies":[{"embeddable":true,"href":"https:\/\/agora.xtec.cat\/escolalesplanes\/wp-json\/wp\/v2\/comments?post=4698"}],"version-history":[{"count":1,"href":"https:\/\/agora.xtec.cat\/escolalesplanes\/wp-json\/wp\/v2\/posts\/4698\/revisions"}],"predecessor-version":[{"id":4700,"href":"https:\/\/agora.xtec.cat\/escolalesplanes\/wp-json\/wp\/v2\/posts\/4698\/revisions\/4700"}],"wp:featuredmedia":[{"embeddable":true,"href":"https:\/\/agora.xtec.cat\/escolalesplanes\/wp-json\/wp\/v2\/media\/4699"}],"wp:attachment":[{"href":"https:\/\/agora.xtec.cat\/escolalesplanes\/wp-json\/wp\/v2\/media?parent=4698"}],"wp:term":[{"taxonomy":"category","embeddable":true,"href":"https:\/\/agora.xtec.cat\/escolalesplanes\/wp-json\/wp\/v2\/categories?post=4698"},{"taxonomy":"post_tag","embeddable":true,"href":"https:\/\/agora.xtec.cat\/escolalesplanes\/wp-json\/wp\/v2\/tags?post=4698"}],"curies":[{"name":"wp","href":"https:\/\/api.w.org\/{rel}","templated":true}]}}