{"id":4660,"date":"2026-02-23T11:13:33","date_gmt":"2026-02-23T10:13:33","guid":{"rendered":"https:\/\/agora.xtec.cat\/escolalesplanes\/?p=4660"},"modified":"2026-02-23T11:15:09","modified_gmt":"2026-02-23T10:15:09","slug":"6e-b-activitat-a-la-radio","status":"publish","type":"post","link":"https:\/\/agora.xtec.cat\/escolalesplanes\/general\/6e-b-activitat-a-la-radio\/","title":{"rendered":"6\u00e8 B- Activitat a la r\u00e0dio"},"content":{"rendered":"<p>&nbsp;<\/p>\n<p><a style=\"font-size: 16px; font-style: normal; font-weight: 400; transition-property: all; color: #3a3a3a;\" href=\"https:\/\/agora.xtec.cat\/escolalesplanes\/wp-content\/uploads\/usu2441\/2026\/02\/radio-1.jpg\"><img loading=\"lazy\" decoding=\"async\" class=\"aligncenter size-full wp-image-4661\" src=\"https:\/\/agora.xtec.cat\/escolalesplanes\/wp-content\/uploads\/usu2441\/2026\/02\/radio-1.jpg\" alt=\"\" width=\"306\" height=\"322\" srcset=\"https:\/\/agora.xtec.cat\/escolalesplanes\/wp-content\/uploads\/usu2441\/2026\/02\/radio-1.jpg 306w, https:\/\/agora.xtec.cat\/escolalesplanes\/wp-content\/uploads\/usu2441\/2026\/02\/radio-1-285x300.jpg 285w\" sizes=\"auto, (max-width: 306px) 100vw, 306px\" \/><\/a><\/p>\n<p>Estimades fam\u00edlies,<\/p>\n<p>La setmana passada, commemorant el Dia Mundial de la R\u00e0dio (13 de febrer), vam poder gaudir d&#8217;una sessi\u00f3 amb el Jes\u00fas en la qual ens va compartir un petit recull d&#8217;imatges i objectes relacionats amb la r\u00e0dio per poder observar la seva evoluci\u00f3 al llarg del temps. Tamb\u00e9 ens va explicar la seva pr\u00f2pia experi\u00e8ncia com a periodista durant molts anys, abans d&#8217;arribar a la nostra escola. A m\u00e9s, l&#8217;alumnat de 6\u00e8 havia preparat un petit r\u00e0dio-teatre que va poder gravar i editar.<\/p>\n<p>Va ser una sessi\u00f3 molt interessant, enriquidora i divertida!<\/p>\n<p>Us deixem algunes <a href=\"https:\/\/agora.xtec.cat\/escolalesplanes\/blogs\/promocio-2014\/\" target=\"_blank\" rel=\"noopener\">FOTOS<\/a> i el v\u00eddeo de la gravaci\u00f3.<\/p>\n<p>Esperem que us agradin!<\/p>\n","protected":false},"excerpt":{"rendered":"<p>&nbsp; Estimades fam\u00edlies, La setmana passada, commemorant el Dia Mundial de la R\u00e0dio (13 de febrer), vam poder gaudir d&#8217;una sessi\u00f3 amb el Jes\u00fas en la qual ens va compartir un petit recull d&#8217;imatges i objectes relacionats amb la r\u00e0dio per poder observar la seva evoluci\u00f3 al llarg del temps. Tamb\u00e9 ens va explicar la [&hellip;]<\/p>\n","protected":false},"author":6,"featured_media":4661,"comment_status":"closed","ping_status":"closed","sticky":false,"template":"","format":"standard","meta":{"_bbp_topic_count":0,"_bbp_reply_count":0,"_bbp_total_topic_count":0,"_bbp_total_reply_count":0,"_bbp_voice_count":0,"_bbp_anonymous_reply_count":0,"_bbp_topic_count_hidden":0,"_bbp_reply_count_hidden":0,"_bbp_forum_subforum_count":0,"site-sidebar-layout":"default","site-content-layout":"","ast-site-content-layout":"default","site-content-style":"default","site-sidebar-style":"default","ast-global-header-display":"","ast-banner-title-visibility":"","ast-main-header-display":"","ast-hfb-above-header-display":"","ast-hfb-below-header-display":"","ast-hfb-mobile-header-display":"","site-post-title":"","ast-breadcrumbs-content":"","ast-featured-img":"","footer-sml-layout":"","theme-transparent-header-meta":"default","adv-header-id-meta":"","stick-header-meta":"","header-above-stick-meta":"","header-main-stick-meta":"","header-below-stick-meta":"","astra-migrate-meta-layouts":"set","ast-page-background-enabled":"default","ast-page-background-meta":{"desktop":{"background-color":"var(--ast-global-color-4)","background-image":"","background-repeat":"repeat","background-position":"center center","background-size":"auto","background-attachment":"scroll","background-type":"","background-media":"","overlay-type":"","overlay-color":"","overlay-opacity":"","overlay-gradient":""},"tablet":{"background-color":"","background-image":"","background-repeat":"repeat","background-position":"center center","background-size":"auto","background-attachment":"scroll","background-type":"","background-media":"","overlay-type":"","overlay-color":"","overlay-opacity":"","overlay-gradient":""},"mobile":{"background-color":"","background-image":"","background-repeat":"repeat","background-position":"center center","background-size":"auto","background-attachment":"scroll","background-type":"","background-media":"","overlay-type":"","overlay-color":"","overlay-opacity":"","overlay-gradient":""}},"ast-content-background-meta":{"desktop":{"background-color":"var(--ast-global-color-5)","background-image":"","background-repeat":"repeat","background-position":"center center","background-size":"auto","background-attachment":"scroll","background-type":"","background-media":"","overlay-type":"","overlay-color":"","overlay-opacity":"","overlay-gradient":""},"tablet":{"background-color":"var(--ast-global-color-5)","background-image":"","background-repeat":"repeat","background-position":"center center","background-size":"auto","background-attachment":"scroll","background-type":"","background-media":"","overlay-type":"","overlay-color":"","overlay-opacity":"","overlay-gradient":""},"mobile":{"background-color":"var(--ast-global-color-5)","background-image":"","background-repeat":"repeat","background-position":"center center","background-size":"auto","background-attachment":"scroll","background-type":"","background-media":"","overlay-type":"","overlay-color":"","overlay-opacity":"","overlay-gradient":""}},"footnotes":""},"categories":[15,1],"tags":[],"class_list":["post-4660","post","type-post","status-publish","format-standard","has-post-thumbnail","hentry","category-6e","category-general"],"post_mailing_queue_ids":[],"_links":{"self":[{"href":"https:\/\/agora.xtec.cat\/escolalesplanes\/wp-json\/wp\/v2\/posts\/4660","targetHints":{"allow":["GET"]}}],"collection":[{"href":"https:\/\/agora.xtec.cat\/escolalesplanes\/wp-json\/wp\/v2\/posts"}],"about":[{"href":"https:\/\/agora.xtec.cat\/escolalesplanes\/wp-json\/wp\/v2\/types\/post"}],"author":[{"embeddable":true,"href":"https:\/\/agora.xtec.cat\/escolalesplanes\/wp-json\/wp\/v2\/users\/6"}],"replies":[{"embeddable":true,"href":"https:\/\/agora.xtec.cat\/escolalesplanes\/wp-json\/wp\/v2\/comments?post=4660"}],"version-history":[{"count":2,"href":"https:\/\/agora.xtec.cat\/escolalesplanes\/wp-json\/wp\/v2\/posts\/4660\/revisions"}],"predecessor-version":[{"id":4663,"href":"https:\/\/agora.xtec.cat\/escolalesplanes\/wp-json\/wp\/v2\/posts\/4660\/revisions\/4663"}],"wp:featuredmedia":[{"embeddable":true,"href":"https:\/\/agora.xtec.cat\/escolalesplanes\/wp-json\/wp\/v2\/media\/4661"}],"wp:attachment":[{"href":"https:\/\/agora.xtec.cat\/escolalesplanes\/wp-json\/wp\/v2\/media?parent=4660"}],"wp:term":[{"taxonomy":"category","embeddable":true,"href":"https:\/\/agora.xtec.cat\/escolalesplanes\/wp-json\/wp\/v2\/categories?post=4660"},{"taxonomy":"post_tag","embeddable":true,"href":"https:\/\/agora.xtec.cat\/escolalesplanes\/wp-json\/wp\/v2\/tags?post=4660"}],"curies":[{"name":"wp","href":"https:\/\/api.w.org\/{rel}","templated":true}]}}