{"id":4507,"date":"2026-01-27T09:21:42","date_gmt":"2026-01-27T08:21:42","guid":{"rendered":"https:\/\/agora.xtec.cat\/escolalesplanes\/?p=4507"},"modified":"2026-02-18T13:49:36","modified_gmt":"2026-02-18T12:49:36","slug":"el-projecte-pcmat-a-cinque-matematiques-programacio-i-robotica-en-accio","status":"publish","type":"post","link":"https:\/\/agora.xtec.cat\/escolalesplanes\/general\/el-projecte-pcmat-a-cinque-matematiques-programacio-i-robotica-en-accio\/","title":{"rendered":"El projecte PCMAT a cinqu\u00e8: matem\u00e0tiques, programaci\u00f3 i rob\u00f2tica en acci\u00f3"},"content":{"rendered":"<p data-start=\"255\" data-end=\"493\">A cinqu\u00e8 de prim\u00e0ria estem treballant el projecte <strong data-start=\"305\" data-end=\"314\">PCMAT<\/strong>, una iniciativa innovadora que t\u00e9 com a objectiu millorar la compet\u00e8ncia matem\u00e0tica de l\u2019alumnat a trav\u00e9s del <strong data-start=\"425\" data-end=\"492\">pensament computacional, la programaci\u00f3 i la rob\u00f2tica educativa<\/strong>.<\/p>\n<p data-start=\"495\" data-end=\"711\">Aquest projecte ofereix un <strong data-start=\"522\" data-end=\"579\">acompanyament intensiu i personalitzat al professorat<\/strong>, fet que permet garantir que cada pas del proc\u00e9s d\u2019aprenentatge sigui profit\u00f3s, significatiu i adaptat a les necessitats de l\u2019aula.<\/p>\n<p data-start=\"713\" data-end=\"1053\">L\u2019alumnat de cinqu\u00e8 est\u00e0 gaudint molt de l\u2019experi\u00e8ncia, ja que pot posar en pr\u00e0ctica els aprenentatges de manera manipulativa i creativa. A trav\u00e9s de programes com <strong data-start=\"877\" data-end=\"888\">Scratch<\/strong> i l\u2019\u00fas de <strong data-start=\"899\" data-end=\"913\">Micro:bits<\/strong>, els nens i nenes desenvolupen habilitats matem\u00e0tiques, l\u00f2giques i tecnol\u00f2giques tot resolent reptes i treballant de manera col\u00b7laborativa.<\/p>\n<p data-start=\"1055\" data-end=\"1207\">Sens dubte, el projecte PCMAT est\u00e0 esdevenint una experi\u00e8ncia molt enriquidora per l&#8217;alumnat de cinqu\u00e8!\u00a0<a href=\"https:\/\/agora.xtec.cat\/escolalesplanes\/blogs\/promocio-2015\/\" target=\"_blank\" rel=\"noopener\">veure fotos<\/a><\/p>\n","protected":false},"excerpt":{"rendered":"<p>A cinqu\u00e8 de prim\u00e0ria estem treballant el projecte PCMAT, una iniciativa innovadora que t\u00e9 com a objectiu millorar la compet\u00e8ncia matem\u00e0tica de l\u2019alumnat a trav\u00e9s del pensament computacional, la programaci\u00f3 i la rob\u00f2tica educativa. Aquest projecte ofereix un acompanyament intensiu i personalitzat al professorat, fet que permet garantir que cada pas del proc\u00e9s d\u2019aprenentatge sigui [&hellip;]<\/p>\n","protected":false},"author":6,"featured_media":4191,"comment_status":"open","ping_status":"open","sticky":false,"template":"","format":"standard","meta":{"_bbp_topic_count":0,"_bbp_reply_count":0,"_bbp_total_topic_count":0,"_bbp_total_reply_count":0,"_bbp_voice_count":0,"_bbp_anonymous_reply_count":0,"_bbp_topic_count_hidden":0,"_bbp_reply_count_hidden":0,"_bbp_forum_subforum_count":0,"site-sidebar-layout":"default","site-content-layout":"","ast-site-content-layout":"default","site-content-style":"default","site-sidebar-style":"default","ast-global-header-display":"","ast-banner-title-visibility":"","ast-main-header-display":"","ast-hfb-above-header-display":"","ast-hfb-below-header-display":"","ast-hfb-mobile-header-display":"","site-post-title":"","ast-breadcrumbs-content":"","ast-featured-img":"","footer-sml-layout":"","theme-transparent-header-meta":"default","adv-header-id-meta":"","stick-header-meta":"","header-above-stick-meta":"","header-main-stick-meta":"","header-below-stick-meta":"","astra-migrate-meta-layouts":"set","ast-page-background-enabled":"default","ast-page-background-meta":{"desktop":{"background-color":"var(--ast-global-color-4)","background-image":"","background-repeat":"repeat","background-position":"center center","background-size":"auto","background-attachment":"scroll","background-type":"","background-media":"","overlay-type":"","overlay-color":"","overlay-opacity":"","overlay-gradient":""},"tablet":{"background-color":"","background-image":"","background-repeat":"repeat","background-position":"center center","background-size":"auto","background-attachment":"scroll","background-type":"","background-media":"","overlay-type":"","overlay-color":"","overlay-opacity":"","overlay-gradient":""},"mobile":{"background-color":"","background-image":"","background-repeat":"repeat","background-position":"center center","background-size":"auto","background-attachment":"scroll","background-type":"","background-media":"","overlay-type":"","overlay-color":"","overlay-opacity":"","overlay-gradient":""}},"ast-content-background-meta":{"desktop":{"background-color":"var(--ast-global-color-5)","background-image":"","background-repeat":"repeat","background-position":"center center","background-size":"auto","background-attachment":"scroll","background-type":"","background-media":"","overlay-type":"","overlay-color":"","overlay-opacity":"","overlay-gradient":""},"tablet":{"background-color":"var(--ast-global-color-5)","background-image":"","background-repeat":"repeat","background-position":"center center","background-size":"auto","background-attachment":"scroll","background-type":"","background-media":"","overlay-type":"","overlay-color":"","overlay-opacity":"","overlay-gradient":""},"mobile":{"background-color":"var(--ast-global-color-5)","background-image":"","background-repeat":"repeat","background-position":"center center","background-size":"auto","background-attachment":"scroll","background-type":"","background-media":"","overlay-type":"","overlay-color":"","overlay-opacity":"","overlay-gradient":""}},"footnotes":""},"categories":[14,101,1,4,5],"tags":[],"class_list":["post-4507","post","type-post","status-publish","format-standard","has-post-thumbnail","hentry","category-5e","category-comunitat-gran","category-general","category-portada","category-primaria"],"post_mailing_queue_ids":[],"_links":{"self":[{"href":"https:\/\/agora.xtec.cat\/escolalesplanes\/wp-json\/wp\/v2\/posts\/4507","targetHints":{"allow":["GET"]}}],"collection":[{"href":"https:\/\/agora.xtec.cat\/escolalesplanes\/wp-json\/wp\/v2\/posts"}],"about":[{"href":"https:\/\/agora.xtec.cat\/escolalesplanes\/wp-json\/wp\/v2\/types\/post"}],"author":[{"embeddable":true,"href":"https:\/\/agora.xtec.cat\/escolalesplanes\/wp-json\/wp\/v2\/users\/6"}],"replies":[{"embeddable":true,"href":"https:\/\/agora.xtec.cat\/escolalesplanes\/wp-json\/wp\/v2\/comments?post=4507"}],"version-history":[{"count":2,"href":"https:\/\/agora.xtec.cat\/escolalesplanes\/wp-json\/wp\/v2\/posts\/4507\/revisions"}],"predecessor-version":[{"id":4591,"href":"https:\/\/agora.xtec.cat\/escolalesplanes\/wp-json\/wp\/v2\/posts\/4507\/revisions\/4591"}],"wp:featuredmedia":[{"embeddable":true,"href":"https:\/\/agora.xtec.cat\/escolalesplanes\/wp-json\/wp\/v2\/media\/4191"}],"wp:attachment":[{"href":"https:\/\/agora.xtec.cat\/escolalesplanes\/wp-json\/wp\/v2\/media?parent=4507"}],"wp:term":[{"taxonomy":"category","embeddable":true,"href":"https:\/\/agora.xtec.cat\/escolalesplanes\/wp-json\/wp\/v2\/categories?post=4507"},{"taxonomy":"post_tag","embeddable":true,"href":"https:\/\/agora.xtec.cat\/escolalesplanes\/wp-json\/wp\/v2\/tags?post=4507"}],"curies":[{"name":"wp","href":"https:\/\/api.w.org\/{rel}","templated":true}]}}