{"id":4374,"date":"2025-11-28T13:00:02","date_gmt":"2025-11-28T12:00:02","guid":{"rendered":"https:\/\/agora.xtec.cat\/escolalesplanes\/?p=4374"},"modified":"2025-11-28T13:00:02","modified_gmt":"2025-11-28T12:00:02","slug":"manualitat-amb-els-fillols-es","status":"publish","type":"post","link":"https:\/\/agora.xtec.cat\/escolalesplanes\/primaria\/1r\/manualitat-amb-els-fillols-es\/","title":{"rendered":"Manualitat amb els fillols\/es"},"content":{"rendered":"<p data-start=\"165\" data-end=\"364\">Aquest mat\u00ed, l&#8217;alumnat de <strong data-start=\"193\" data-end=\"199\">6\u00e8<\/strong> i de <strong data-start=\"209\" data-end=\"215\">1r<\/strong> han compartit una estona molt especial en una nova trobada de <strong data-start=\"278\" data-end=\"299\">padrins i fillols<\/strong>. Ha estat una jornada plena d\u2019il\u00b7lusi\u00f3, creativitat i somriures!<\/p>\n<p data-start=\"366\" data-end=\"746\">Durant el mat\u00ed, grans i petits han treballat plegats en la realitzaci\u00f3 d\u2019una <strong data-start=\"443\" data-end=\"457\">manualitat<\/strong>, ajudant-se m\u00fatuament, compartint idees i, sobretot, refor\u00e7ant els lligams que es van creant entre ells al llarg del curs. Els alumnes de 6\u00e8 han fet de guies, acompanyant els fillols amb molta paci\u00e8ncia i estima, mentre que els m\u00e9s petits han participat amb entusiasme i ganes d\u2019aprendre.<\/p>\n<p data-start=\"748\" data-end=\"940\">Aquestes activitats no nom\u00e9s fomenten la creativitat, sin\u00f3 que tamb\u00e9 ajuden a crear vincles, afavorir la conviv\u00e8ncia i potenciar valors tan importants com l\u2019ajuda, el respecte i la cooperaci\u00f3.<\/p>\n<p data-start=\"942\" data-end=\"1046\">Sens dubte, ha estat un mat\u00ed molt enriquidor per a tothom\u2026 i ja esperem amb ganes la propera trobada!<\/p>\n<p data-start=\"942\" data-end=\"1046\"><a href=\"https:\/\/agora.xtec.cat\/escolalesplanes\/blogs\/promocio-2014\/\" target=\"_blank\" rel=\"noopener\">FOTOS 6\u00e8<\/a><\/p>\n<p data-start=\"942\" data-end=\"1046\"><a href=\"https:\/\/agora.xtec.cat\/escolalesplanes\/blogs\/promocio-2019-i3\/\" target=\"_blank\" rel=\"noopener\">FOTOS 1r<\/a><\/p>\n","protected":false},"excerpt":{"rendered":"<p>Aquest mat\u00ed, l&#8217;alumnat de 6\u00e8 i de 1r han compartit una estona molt especial en una nova trobada de padrins i fillols. Ha estat una jornada plena d\u2019il\u00b7lusi\u00f3, creativitat i somriures! Durant el mat\u00ed, grans i petits han treballat plegats en la realitzaci\u00f3 d\u2019una manualitat, ajudant-se m\u00fatuament, compartint idees i, sobretot, refor\u00e7ant els lligams que [&hellip;]<\/p>\n","protected":false},"author":1,"featured_media":0,"comment_status":"open","ping_status":"open","sticky":false,"template":"","format":"standard","meta":{"_bbp_topic_count":0,"_bbp_reply_count":0,"_bbp_total_topic_count":0,"_bbp_total_reply_count":0,"_bbp_voice_count":0,"_bbp_anonymous_reply_count":0,"_bbp_topic_count_hidden":0,"_bbp_reply_count_hidden":0,"_bbp_forum_subforum_count":0,"site-sidebar-layout":"default","site-content-layout":"","ast-site-content-layout":"default","site-content-style":"default","site-sidebar-style":"default","ast-global-header-display":"","ast-banner-title-visibility":"","ast-main-header-display":"","ast-hfb-above-header-display":"","ast-hfb-below-header-display":"","ast-hfb-mobile-header-display":"","site-post-title":"","ast-breadcrumbs-content":"","ast-featured-img":"","footer-sml-layout":"","theme-transparent-header-meta":"default","adv-header-id-meta":"","stick-header-meta":"","header-above-stick-meta":"","header-main-stick-meta":"","header-below-stick-meta":"","astra-migrate-meta-layouts":"set","ast-page-background-enabled":"default","ast-page-background-meta":{"desktop":{"background-color":"var(--ast-global-color-4)","background-image":"","background-repeat":"repeat","background-position":"center center","background-size":"auto","background-attachment":"scroll","background-type":"","background-media":"","overlay-type":"","overlay-color":"","overlay-opacity":"","overlay-gradient":""},"tablet":{"background-color":"","background-image":"","background-repeat":"repeat","background-position":"center center","background-size":"auto","background-attachment":"scroll","background-type":"","background-media":"","overlay-type":"","overlay-color":"","overlay-opacity":"","overlay-gradient":""},"mobile":{"background-color":"","background-image":"","background-repeat":"repeat","background-position":"center center","background-size":"auto","background-attachment":"scroll","background-type":"","background-media":"","overlay-type":"","overlay-color":"","overlay-opacity":"","overlay-gradient":""}},"ast-content-background-meta":{"desktop":{"background-color":"var(--ast-global-color-5)","background-image":"","background-repeat":"repeat","background-position":"center center","background-size":"auto","background-attachment":"scroll","background-type":"","background-media":"","overlay-type":"","overlay-color":"","overlay-opacity":"","overlay-gradient":""},"tablet":{"background-color":"var(--ast-global-color-5)","background-image":"","background-repeat":"repeat","background-position":"center center","background-size":"auto","background-attachment":"scroll","background-type":"","background-media":"","overlay-type":"","overlay-color":"","overlay-opacity":"","overlay-gradient":""},"mobile":{"background-color":"var(--ast-global-color-5)","background-image":"","background-repeat":"repeat","background-position":"center center","background-size":"auto","background-attachment":"scroll","background-type":"","background-media":"","overlay-type":"","overlay-color":"","overlay-opacity":"","overlay-gradient":""}},"footnotes":""},"categories":[10,15],"tags":[],"class_list":["post-4374","post","type-post","status-publish","format-standard","hentry","category-1r","category-6e"],"post_mailing_queue_ids":[],"_links":{"self":[{"href":"https:\/\/agora.xtec.cat\/escolalesplanes\/wp-json\/wp\/v2\/posts\/4374","targetHints":{"allow":["GET"]}}],"collection":[{"href":"https:\/\/agora.xtec.cat\/escolalesplanes\/wp-json\/wp\/v2\/posts"}],"about":[{"href":"https:\/\/agora.xtec.cat\/escolalesplanes\/wp-json\/wp\/v2\/types\/post"}],"author":[{"embeddable":true,"href":"https:\/\/agora.xtec.cat\/escolalesplanes\/wp-json\/wp\/v2\/users\/1"}],"replies":[{"embeddable":true,"href":"https:\/\/agora.xtec.cat\/escolalesplanes\/wp-json\/wp\/v2\/comments?post=4374"}],"version-history":[{"count":1,"href":"https:\/\/agora.xtec.cat\/escolalesplanes\/wp-json\/wp\/v2\/posts\/4374\/revisions"}],"predecessor-version":[{"id":4375,"href":"https:\/\/agora.xtec.cat\/escolalesplanes\/wp-json\/wp\/v2\/posts\/4374\/revisions\/4375"}],"wp:attachment":[{"href":"https:\/\/agora.xtec.cat\/escolalesplanes\/wp-json\/wp\/v2\/media?parent=4374"}],"wp:term":[{"taxonomy":"category","embeddable":true,"href":"https:\/\/agora.xtec.cat\/escolalesplanes\/wp-json\/wp\/v2\/categories?post=4374"},{"taxonomy":"post_tag","embeddable":true,"href":"https:\/\/agora.xtec.cat\/escolalesplanes\/wp-json\/wp\/v2\/tags?post=4374"}],"curies":[{"name":"wp","href":"https:\/\/api.w.org\/{rel}","templated":true}]}}