{"id":4283,"date":"2025-11-09T19:00:01","date_gmt":"2025-11-09T18:00:01","guid":{"rendered":"https:\/\/agora.xtec.cat\/escolalesplanes\/?p=4283"},"modified":"2025-11-09T19:16:25","modified_gmt":"2025-11-09T18:16:25","slug":"eleccions-consell-escolar","status":"publish","type":"post","link":"https:\/\/agora.xtec.cat\/escolalesplanes\/portada\/eleccions-consell-escolar\/","title":{"rendered":"ELECCIONS CONSELL ESCOLAR"},"content":{"rendered":"<p>Benvolgudes fam\u00edlies,<br \/>\nDes del 27 d\u2019octubre s\u2019ha iniciat el proc\u00e9s electoral per a la renovaci\u00f3 parcial del Consell Escolar.<br \/>\nCom cada dos anys, es renova la meitat dels representants dels diferents sectors de la comunitat educativa (mestres, fam\u00edlies, personal d&#8217;administraci\u00f3 i serveis, etc.), tal com estableix la normativa vigent.<br \/>\nEn aquesta convocat\u00f2ria, del sector fam\u00edlies, cal escollir 2 representants.<br \/>\nUs animem a participar-hi activament, presentant la vostra candidatura o b\u00e9 votant el dia de les eleccions.<br \/>\nLa vostra implicaci\u00f3 \u00e9s clau per mantenir una escola participativa, plural i oberta.<br \/>\nPodeu consultar el cens electoral al vest\u00edbul de l\u2019escola i presentar reclamacions, si s\u2019escau, fins al 4 de novembre.<\/p>\n<p><img loading=\"lazy\" decoding=\"async\" class=\"aligncenter wp-image-4285\" src=\"https:\/\/agora.xtec.cat\/escolalesplanes\/wp-content\/uploads\/usu2441\/2025\/11\/CALENDARI-ELECIONS-CONSELL-ESCOLAR-2025_cropped_page-0001-1024x742.jpg\" alt=\"\" width=\"729\" height=\"528\" srcset=\"https:\/\/agora.xtec.cat\/escolalesplanes\/wp-content\/uploads\/usu2441\/2025\/11\/CALENDARI-ELECIONS-CONSELL-ESCOLAR-2025_cropped_page-0001-1024x742.jpg 1024w, https:\/\/agora.xtec.cat\/escolalesplanes\/wp-content\/uploads\/usu2441\/2025\/11\/CALENDARI-ELECIONS-CONSELL-ESCOLAR-2025_cropped_page-0001-300x217.jpg 300w, https:\/\/agora.xtec.cat\/escolalesplanes\/wp-content\/uploads\/usu2441\/2025\/11\/CALENDARI-ELECIONS-CONSELL-ESCOLAR-2025_cropped_page-0001-768x557.jpg 768w, https:\/\/agora.xtec.cat\/escolalesplanes\/wp-content\/uploads\/usu2441\/2025\/11\/CALENDARI-ELECIONS-CONSELL-ESCOLAR-2025_cropped_page-0001.jpg 1130w\" sizes=\"auto, (max-width: 729px) 100vw, 729px\" \/><\/p>\n","protected":false},"excerpt":{"rendered":"<p>Benvolgudes fam\u00edlies, Des del 27 d\u2019octubre s\u2019ha iniciat el proc\u00e9s electoral per a la renovaci\u00f3 parcial del Consell Escolar. Com cada dos anys, es renova la meitat dels representants dels diferents sectors de la comunitat educativa (mestres, fam\u00edlies, personal d&#8217;administraci\u00f3 i serveis, etc.), tal com estableix la normativa vigent. En aquesta convocat\u00f2ria, del sector fam\u00edlies, [&hellip;]<\/p>\n","protected":false},"author":1,"featured_media":4287,"comment_status":"closed","ping_status":"open","sticky":true,"template":"","format":"standard","meta":{"_bbp_topic_count":0,"_bbp_reply_count":0,"_bbp_total_topic_count":0,"_bbp_total_reply_count":0,"_bbp_voice_count":0,"_bbp_anonymous_reply_count":0,"_bbp_topic_count_hidden":0,"_bbp_reply_count_hidden":0,"_bbp_forum_subforum_count":0,"site-sidebar-layout":"default","site-content-layout":"","ast-site-content-layout":"default","site-content-style":"default","site-sidebar-style":"default","ast-global-header-display":"","ast-banner-title-visibility":"","ast-main-header-display":"","ast-hfb-above-header-display":"","ast-hfb-below-header-display":"","ast-hfb-mobile-header-display":"","site-post-title":"","ast-breadcrumbs-content":"","ast-featured-img":"","footer-sml-layout":"","theme-transparent-header-meta":"default","adv-header-id-meta":"","stick-header-meta":"","header-above-stick-meta":"","header-main-stick-meta":"","header-below-stick-meta":"","astra-migrate-meta-layouts":"set","ast-page-background-enabled":"default","ast-page-background-meta":{"desktop":{"background-color":"var(--ast-global-color-4)","background-image":"","background-repeat":"repeat","background-position":"center center","background-size":"auto","background-attachment":"scroll","background-type":"","background-media":"","overlay-type":"","overlay-color":"","overlay-opacity":"","overlay-gradient":""},"tablet":{"background-color":"","background-image":"","background-repeat":"repeat","background-position":"center center","background-size":"auto","background-attachment":"scroll","background-type":"","background-media":"","overlay-type":"","overlay-color":"","overlay-opacity":"","overlay-gradient":""},"mobile":{"background-color":"","background-image":"","background-repeat":"repeat","background-position":"center center","background-size":"auto","background-attachment":"scroll","background-type":"","background-media":"","overlay-type":"","overlay-color":"","overlay-opacity":"","overlay-gradient":""}},"ast-content-background-meta":{"desktop":{"background-color":"var(--ast-global-color-5)","background-image":"","background-repeat":"repeat","background-position":"center center","background-size":"auto","background-attachment":"scroll","background-type":"","background-media":"","overlay-type":"","overlay-color":"","overlay-opacity":"","overlay-gradient":""},"tablet":{"background-color":"var(--ast-global-color-5)","background-image":"","background-repeat":"repeat","background-position":"center center","background-size":"auto","background-attachment":"scroll","background-type":"","background-media":"","overlay-type":"","overlay-color":"","overlay-opacity":"","overlay-gradient":""},"mobile":{"background-color":"var(--ast-global-color-5)","background-image":"","background-repeat":"repeat","background-position":"center center","background-size":"auto","background-attachment":"scroll","background-type":"","background-media":"","overlay-type":"","overlay-color":"","overlay-opacity":"","overlay-gradient":""}},"footnotes":""},"categories":[4],"tags":[],"class_list":["post-4283","post","type-post","status-publish","format-standard","has-post-thumbnail","hentry","category-portada"],"post_mailing_queue_ids":[],"_links":{"self":[{"href":"https:\/\/agora.xtec.cat\/escolalesplanes\/wp-json\/wp\/v2\/posts\/4283","targetHints":{"allow":["GET"]}}],"collection":[{"href":"https:\/\/agora.xtec.cat\/escolalesplanes\/wp-json\/wp\/v2\/posts"}],"about":[{"href":"https:\/\/agora.xtec.cat\/escolalesplanes\/wp-json\/wp\/v2\/types\/post"}],"author":[{"embeddable":true,"href":"https:\/\/agora.xtec.cat\/escolalesplanes\/wp-json\/wp\/v2\/users\/1"}],"replies":[{"embeddable":true,"href":"https:\/\/agora.xtec.cat\/escolalesplanes\/wp-json\/wp\/v2\/comments?post=4283"}],"version-history":[{"count":2,"href":"https:\/\/agora.xtec.cat\/escolalesplanes\/wp-json\/wp\/v2\/posts\/4283\/revisions"}],"predecessor-version":[{"id":4288,"href":"https:\/\/agora.xtec.cat\/escolalesplanes\/wp-json\/wp\/v2\/posts\/4283\/revisions\/4288"}],"wp:featuredmedia":[{"embeddable":true,"href":"https:\/\/agora.xtec.cat\/escolalesplanes\/wp-json\/wp\/v2\/media\/4287"}],"wp:attachment":[{"href":"https:\/\/agora.xtec.cat\/escolalesplanes\/wp-json\/wp\/v2\/media?parent=4283"}],"wp:term":[{"taxonomy":"category","embeddable":true,"href":"https:\/\/agora.xtec.cat\/escolalesplanes\/wp-json\/wp\/v2\/categories?post=4283"},{"taxonomy":"post_tag","embeddable":true,"href":"https:\/\/agora.xtec.cat\/escolalesplanes\/wp-json\/wp\/v2\/tags?post=4283"}],"curies":[{"name":"wp","href":"https:\/\/api.w.org\/{rel}","templated":true}]}}