{"id":3854,"date":"2025-05-14T09:00:21","date_gmt":"2025-05-14T07:00:21","guid":{"rendered":"https:\/\/agora.xtec.cat\/escolalesplanes\/?p=3854"},"modified":"2025-05-08T13:22:38","modified_gmt":"2025-05-08T11:22:38","slug":"setmana-intercultural-4","status":"publish","type":"post","link":"https:\/\/agora.xtec.cat\/escolalesplanes\/infantil\/setmana-intercultural-4\/","title":{"rendered":"Setmana intercultural"},"content":{"rendered":"<p>Ens plau compartir amb vosaltres que hem gaudit molt de la setmana cultural a la nostra escola! Aquesta activitat ha estat un projecte transversal que ha perm\u00e8s a tota la comunitat educativa viure una experi\u00e8ncia enriquidora i plena d\u2019energia. Durant aquests dies, hem realitzat diverses activitats que ens han perm\u00e8s con\u00e8ixer diferents cultures, fomentant la toler\u00e0ncia, la conviv\u00e8ncia i la curiositat entre els nostres alumnes.<\/p>\n<p>A m\u00e9s, volem destacar la participaci\u00f3 de diferents entitats que han col\u00b7laborat amb nosaltres, aportant la seva experi\u00e8ncia i coneixements per fer d\u2019aquesta setmana un \u00e8xit. Ha estat una oportunitat fant\u00e0stica per aprendre, compartir i gaudir en comunitat.<\/p>\n<p>Gr\u00e0cies a tothom que ha fet possible aquesta setmana cultural tan especial. Estem molt contents de veure com la diversitat i la col\u00b7laboraci\u00f3 enriqueixen la nostra escola i la nostra manera d\u2019aprendre.<\/p>\n<p>Aqu\u00ed teniu els enlla\u00e7os per poder accedir a les diferents imatges i v\u00eddeos que s\u2019han fet durant aquesta setmana.<\/p>\n<p><a href=\"https:\/\/agora.xtec.cat\/escolalesplanes\/promocio-2021-i3\/\">VEURE FOTOS I3<\/a><\/p>\n<p><a href=\"https:\/\/agora.xtec.cat\/escolalesplanes\/promocio-2020\/\">VEURE FOTOS I4<\/a><\/p>\n<p><a href=\"https:\/\/agora.xtec.cat\/escolalesplanes\/blogs\/promocio-2019-i3\/\">VEURE FOTOS I5<\/a><\/p>\n<p><a href=\"https:\/\/agora.xtec.cat\/escolalesplanes\/blogs\/promocio-2018\/\">VEURE FOTOS 1r<\/a><\/p>\n<p><a href=\"https:\/\/agora.xtec.cat\/escolalesplanes\/blogs\/promocio-2017\/\">VEURE FOTOS 2n<\/a><\/p>\n<p><a href=\"https:\/\/agora.xtec.cat\/escolalesplanes\/blogs\/promocio-2016\/\">VEURE FOTOS 3r<\/a><\/p>\n<p><a href=\"https:\/\/agora.xtec.cat\/escolalesplanes\/blogs\/promocio-2015\/\">VEURE FOTOS 4t<\/a><\/p>\n<p><a href=\"https:\/\/agora.xtec.cat\/escolalesplanes\/blogs\/promocio-2014\/\">VEURE FOTOS 5\u00e8<\/a><\/p>\n<p><a href=\"https:\/\/agora.xtec.cat\/escolalesplanes\/blogs\/promocio-2013\/\">VEURE FOTOS 6\u00e8<\/a><\/p>\n","protected":false},"excerpt":{"rendered":"<p>Ens plau compartir amb vosaltres que hem gaudit molt de la setmana cultural a la nostra escola! Aquesta activitat ha estat un projecte transversal que ha perm\u00e8s a tota la comunitat educativa viure una experi\u00e8ncia enriquidora i plena d\u2019energia. Durant aquests dies, hem realitzat diverses activitats que ens han perm\u00e8s con\u00e8ixer diferents cultures, fomentant la [&hellip;]<\/p>\n","protected":false},"author":6,"featured_media":3855,"comment_status":"open","ping_status":"closed","sticky":false,"template":"","format":"standard","meta":{"_bbp_topic_count":0,"_bbp_reply_count":0,"_bbp_total_topic_count":0,"_bbp_total_reply_count":0,"_bbp_voice_count":0,"_bbp_anonymous_reply_count":0,"_bbp_topic_count_hidden":0,"_bbp_reply_count_hidden":0,"_bbp_forum_subforum_count":0,"site-sidebar-layout":"default","site-content-layout":"","ast-site-content-layout":"","site-content-style":"default","site-sidebar-style":"default","ast-global-header-display":"","ast-banner-title-visibility":"","ast-main-header-display":"","ast-hfb-above-header-display":"","ast-hfb-below-header-display":"","ast-hfb-mobile-header-display":"","site-post-title":"","ast-breadcrumbs-content":"","ast-featured-img":"","footer-sml-layout":"","theme-transparent-header-meta":"","adv-header-id-meta":"","stick-header-meta":"","header-above-stick-meta":"","header-main-stick-meta":"","header-below-stick-meta":"","astra-migrate-meta-layouts":"default","ast-page-background-enabled":"default","ast-page-background-meta":{"desktop":{"background-color":"var(--ast-global-color-4)","background-image":"","background-repeat":"repeat","background-position":"center center","background-size":"auto","background-attachment":"scroll","background-type":"","background-media":"","overlay-type":"","overlay-color":"","overlay-opacity":"","overlay-gradient":""},"tablet":{"background-color":"","background-image":"","background-repeat":"repeat","background-position":"center center","background-size":"auto","background-attachment":"scroll","background-type":"","background-media":"","overlay-type":"","overlay-color":"","overlay-opacity":"","overlay-gradient":""},"mobile":{"background-color":"","background-image":"","background-repeat":"repeat","background-position":"center center","background-size":"auto","background-attachment":"scroll","background-type":"","background-media":"","overlay-type":"","overlay-color":"","overlay-opacity":"","overlay-gradient":""}},"ast-content-background-meta":{"desktop":{"background-color":"var(--ast-global-color-5)","background-image":"","background-repeat":"repeat","background-position":"center center","background-size":"auto","background-attachment":"scroll","background-type":"","background-media":"","overlay-type":"","overlay-color":"","overlay-opacity":"","overlay-gradient":""},"tablet":{"background-color":"var(--ast-global-color-5)","background-image":"","background-repeat":"repeat","background-position":"center center","background-size":"auto","background-attachment":"scroll","background-type":"","background-media":"","overlay-type":"","overlay-color":"","overlay-opacity":"","overlay-gradient":""},"mobile":{"background-color":"var(--ast-global-color-5)","background-image":"","background-repeat":"repeat","background-position":"center center","background-size":"auto","background-attachment":"scroll","background-type":"","background-media":"","overlay-type":"","overlay-color":"","overlay-opacity":"","overlay-gradient":""}},"footnotes":""},"categories":[10,11,12,13,14,15,3,8,9,2,4,5],"tags":[],"class_list":["post-3854","post","type-post","status-publish","format-standard","has-post-thumbnail","hentry","category-1r","category-2n","category-3r","category-4t","category-5e","category-6e","category-i3","category-i4","category-i5","category-infantil","category-portada","category-primaria"],"post_mailing_queue_ids":[],"_links":{"self":[{"href":"https:\/\/agora.xtec.cat\/escolalesplanes\/wp-json\/wp\/v2\/posts\/3854","targetHints":{"allow":["GET"]}}],"collection":[{"href":"https:\/\/agora.xtec.cat\/escolalesplanes\/wp-json\/wp\/v2\/posts"}],"about":[{"href":"https:\/\/agora.xtec.cat\/escolalesplanes\/wp-json\/wp\/v2\/types\/post"}],"author":[{"embeddable":true,"href":"https:\/\/agora.xtec.cat\/escolalesplanes\/wp-json\/wp\/v2\/users\/6"}],"replies":[{"embeddable":true,"href":"https:\/\/agora.xtec.cat\/escolalesplanes\/wp-json\/wp\/v2\/comments?post=3854"}],"version-history":[{"count":2,"href":"https:\/\/agora.xtec.cat\/escolalesplanes\/wp-json\/wp\/v2\/posts\/3854\/revisions"}],"predecessor-version":[{"id":3857,"href":"https:\/\/agora.xtec.cat\/escolalesplanes\/wp-json\/wp\/v2\/posts\/3854\/revisions\/3857"}],"wp:featuredmedia":[{"embeddable":true,"href":"https:\/\/agora.xtec.cat\/escolalesplanes\/wp-json\/wp\/v2\/media\/3855"}],"wp:attachment":[{"href":"https:\/\/agora.xtec.cat\/escolalesplanes\/wp-json\/wp\/v2\/media?parent=3854"}],"wp:term":[{"taxonomy":"category","embeddable":true,"href":"https:\/\/agora.xtec.cat\/escolalesplanes\/wp-json\/wp\/v2\/categories?post=3854"},{"taxonomy":"post_tag","embeddable":true,"href":"https:\/\/agora.xtec.cat\/escolalesplanes\/wp-json\/wp\/v2\/tags?post=3854"}],"curies":[{"name":"wp","href":"https:\/\/api.w.org\/{rel}","templated":true}]}}