{"id":3523,"date":"2024-12-12T19:43:20","date_gmt":"2024-12-12T18:43:20","guid":{"rendered":"https:\/\/agora.xtec.cat\/escolalesplanes\/?p=3523"},"modified":"2024-12-12T19:47:12","modified_gmt":"2024-12-12T18:47:12","slug":"ajudem-a-i5-a-fer-una-manualitat-nadalenca","status":"publish","type":"post","link":"https:\/\/agora.xtec.cat\/escolalesplanes\/portada\/ajudem-a-i5-a-fer-una-manualitat-nadalenca\/","title":{"rendered":"Ajudem a I5 a fer una manualitat nadalenca!"},"content":{"rendered":"<p>Hola fam\u00edlies!<\/p>\n<p>El passat dimecres, 11 de desembre, els nens i nenes de 5\u00e8 B i de I5 vam fer l&#8217;\u00faltima sessi\u00f3 de padrins i fillols elaborant un arbre de Nadal amb els colors freds de l&#8217;hivern.<\/p>\n<p>Ens agrada molt compartir aquestes estonetes i poder ajudar als nostres fillols i filloles!<\/p>\n<p>Us deixem algunes <a href=\"https:\/\/agora.xtec.cat\/escolalesplanes\/blogs\/promocio-2014\/\" target=\"_blank\" rel=\"noopener\">FOTOS<\/a> que trobareu a la carpeta anomenada &#8220;Manualitat amb fillols&#8221;.<\/p>\n<p><a href=\"https:\/\/agora.xtec.cat\/escolalesplanes\/wp-content\/uploads\/usu2441\/2024\/12\/IMG-20241212-WA0010.jpg\"><img loading=\"lazy\" decoding=\"async\" class=\"wp-image-3525 aligncenter\" src=\"https:\/\/agora.xtec.cat\/escolalesplanes\/wp-content\/uploads\/usu2441\/2024\/12\/IMG-20241212-WA0010-1024x729.jpg\" alt=\"\" width=\"376\" height=\"268\" srcset=\"https:\/\/agora.xtec.cat\/escolalesplanes\/wp-content\/uploads\/usu2441\/2024\/12\/IMG-20241212-WA0010-1024x729.jpg 1024w, https:\/\/agora.xtec.cat\/escolalesplanes\/wp-content\/uploads\/usu2441\/2024\/12\/IMG-20241212-WA0010-300x213.jpg 300w, https:\/\/agora.xtec.cat\/escolalesplanes\/wp-content\/uploads\/usu2441\/2024\/12\/IMG-20241212-WA0010-768x546.jpg 768w, https:\/\/agora.xtec.cat\/escolalesplanes\/wp-content\/uploads\/usu2441\/2024\/12\/IMG-20241212-WA0010.jpg 1307w\" sizes=\"auto, (max-width: 376px) 100vw, 376px\" \/><\/a><\/p>\n<p>&nbsp;<\/p>\n","protected":false},"excerpt":{"rendered":"<p>Hola fam\u00edlies! El passat dimecres, 11 de desembre, els nens i nenes de 5\u00e8 B i de I5 vam fer l&#8217;\u00faltima sessi\u00f3 de padrins i fillols elaborant un arbre de Nadal amb els colors freds de l&#8217;hivern. Ens agrada molt compartir aquestes estonetes i poder ajudar als nostres fillols i filloles! Us deixem algunes FOTOS [&hellip;]<\/p>\n","protected":false},"author":6,"featured_media":3525,"comment_status":"closed","ping_status":"closed","sticky":false,"template":"","format":"standard","meta":{"_bbp_topic_count":0,"_bbp_reply_count":0,"_bbp_total_topic_count":0,"_bbp_total_reply_count":0,"_bbp_voice_count":0,"_bbp_anonymous_reply_count":0,"_bbp_topic_count_hidden":0,"_bbp_reply_count_hidden":0,"_bbp_forum_subforum_count":0,"site-sidebar-layout":"default","site-content-layout":"","ast-site-content-layout":"","site-content-style":"default","site-sidebar-style":"default","ast-global-header-display":"","ast-banner-title-visibility":"","ast-main-header-display":"","ast-hfb-above-header-display":"","ast-hfb-below-header-display":"","ast-hfb-mobile-header-display":"","site-post-title":"","ast-breadcrumbs-content":"","ast-featured-img":"","footer-sml-layout":"","theme-transparent-header-meta":"","adv-header-id-meta":"","stick-header-meta":"","header-above-stick-meta":"","header-main-stick-meta":"","header-below-stick-meta":"","astra-migrate-meta-layouts":"default","ast-page-background-enabled":"default","ast-page-background-meta":{"desktop":{"background-color":"var(--ast-global-color-4)","background-image":"","background-repeat":"repeat","background-position":"center center","background-size":"auto","background-attachment":"scroll","background-type":"","background-media":"","overlay-type":"","overlay-color":"","overlay-opacity":"","overlay-gradient":""},"tablet":{"background-color":"","background-image":"","background-repeat":"repeat","background-position":"center center","background-size":"auto","background-attachment":"scroll","background-type":"","background-media":"","overlay-type":"","overlay-color":"","overlay-opacity":"","overlay-gradient":""},"mobile":{"background-color":"","background-image":"","background-repeat":"repeat","background-position":"center center","background-size":"auto","background-attachment":"scroll","background-type":"","background-media":"","overlay-type":"","overlay-color":"","overlay-opacity":"","overlay-gradient":""}},"ast-content-background-meta":{"desktop":{"background-color":"var(--ast-global-color-5)","background-image":"","background-repeat":"repeat","background-position":"center center","background-size":"auto","background-attachment":"scroll","background-type":"","background-media":"","overlay-type":"","overlay-color":"","overlay-opacity":"","overlay-gradient":""},"tablet":{"background-color":"var(--ast-global-color-5)","background-image":"","background-repeat":"repeat","background-position":"center center","background-size":"auto","background-attachment":"scroll","background-type":"","background-media":"","overlay-type":"","overlay-color":"","overlay-opacity":"","overlay-gradient":""},"mobile":{"background-color":"var(--ast-global-color-5)","background-image":"","background-repeat":"repeat","background-position":"center center","background-size":"auto","background-attachment":"scroll","background-type":"","background-media":"","overlay-type":"","overlay-color":"","overlay-opacity":"","overlay-gradient":""}},"footnotes":""},"categories":[14,4],"tags":[],"class_list":["post-3523","post","type-post","status-publish","format-standard","has-post-thumbnail","hentry","category-5e","category-portada"],"post_mailing_queue_ids":[],"_links":{"self":[{"href":"https:\/\/agora.xtec.cat\/escolalesplanes\/wp-json\/wp\/v2\/posts\/3523","targetHints":{"allow":["GET"]}}],"collection":[{"href":"https:\/\/agora.xtec.cat\/escolalesplanes\/wp-json\/wp\/v2\/posts"}],"about":[{"href":"https:\/\/agora.xtec.cat\/escolalesplanes\/wp-json\/wp\/v2\/types\/post"}],"author":[{"embeddable":true,"href":"https:\/\/agora.xtec.cat\/escolalesplanes\/wp-json\/wp\/v2\/users\/6"}],"replies":[{"embeddable":true,"href":"https:\/\/agora.xtec.cat\/escolalesplanes\/wp-json\/wp\/v2\/comments?post=3523"}],"version-history":[{"count":4,"href":"https:\/\/agora.xtec.cat\/escolalesplanes\/wp-json\/wp\/v2\/posts\/3523\/revisions"}],"predecessor-version":[{"id":3528,"href":"https:\/\/agora.xtec.cat\/escolalesplanes\/wp-json\/wp\/v2\/posts\/3523\/revisions\/3528"}],"wp:featuredmedia":[{"embeddable":true,"href":"https:\/\/agora.xtec.cat\/escolalesplanes\/wp-json\/wp\/v2\/media\/3525"}],"wp:attachment":[{"href":"https:\/\/agora.xtec.cat\/escolalesplanes\/wp-json\/wp\/v2\/media?parent=3523"}],"wp:term":[{"taxonomy":"category","embeddable":true,"href":"https:\/\/agora.xtec.cat\/escolalesplanes\/wp-json\/wp\/v2\/categories?post=3523"},{"taxonomy":"post_tag","embeddable":true,"href":"https:\/\/agora.xtec.cat\/escolalesplanes\/wp-json\/wp\/v2\/tags?post=3523"}],"curies":[{"name":"wp","href":"https:\/\/api.w.org\/{rel}","templated":true}]}}