{"id":3398,"date":"2024-11-04T10:06:45","date_gmt":"2024-11-04T09:06:45","guid":{"rendered":"https:\/\/agora.xtec.cat\/escolalesplanes\/?p=3398"},"modified":"2024-11-04T10:06:45","modified_gmt":"2024-11-04T09:06:45","slug":"4rt-cicle-de-laigua","status":"publish","type":"post","link":"https:\/\/agora.xtec.cat\/escolalesplanes\/portada\/4rt-cicle-de-laigua\/","title":{"rendered":"4rt CICLE DE L&#8217;AIGUA"},"content":{"rendered":"<p><span style=\"font-weight: 400;\">Bon dia fam\u00edlies,<\/span><\/p>\n<p><span style=\"font-weight: 400;\">us deixem un recull de fotografies del projecte que hem dut a terme aquestes setmanes a quart. Tot va comen\u00e7ar amb la pregunta inicial de: on van els n\u00favols quan no plou? A partir d\u2019aqu\u00ed vam fer un viatge per totes les fases del cicle de l\u2019aigua (evaporaci\u00f3, condensaci\u00f3 i precipitaci\u00f3). A cada fase, f\u00e8iem un experiment diferent i una activitat d\u2019aplicaci\u00f3 a la vida di\u00e0ria. Tamb\u00e9 vam elaborar un conte per parelles sobre el viatge d\u2019una gota d\u2019aigua. Per \u00faltim, i donat la necessitat d\u2019estalviar aigua, l\u2019alumnat va dissenyar uns cartells amb Canva que s\u2019han penjat per tots els lavabos de l\u2019escola. Quantes coses hem apr\u00e8s! <\/span><\/p>\n<p><span style=\"font-weight: 400;\"><a href=\"https:\/\/agora.xtec.cat\/escolalesplanes\/blogs\/promocio-2015\/\">CICLE DE L&#8217;AIGUA<\/a><a href=\"https:\/\/agora.xtec.cat\/escolalesplanes\/wp-content\/uploads\/usu2441\/2024\/11\/cicle-de-laigua.heic\"><img decoding=\"async\" class=\"alignnone size-full wp-image-3399\" src=\"https:\/\/agora.xtec.cat\/escolalesplanes\/wp-content\/uploads\/usu2441\/2024\/11\/cicle-de-laigua.heic\" alt=\"\" \/><\/a><a href=\"https:\/\/agora.xtec.cat\/escolalesplanes\/wp-content\/uploads\/usu2441\/2024\/11\/cicle-de-laigua.heic\"><img decoding=\"async\" class=\"alignnone size-full wp-image-3399\" src=\"https:\/\/agora.xtec.cat\/escolalesplanes\/wp-content\/uploads\/usu2441\/2024\/11\/cicle-de-laigua.heic\" alt=\"\" \/><\/a><\/span><\/p>\n","protected":false},"excerpt":{"rendered":"<p>Bon dia fam\u00edlies, us deixem un recull de fotografies del projecte que hem dut a terme aquestes setmanes a quart. Tot va comen\u00e7ar amb la pregunta inicial de: on van els n\u00favols quan no plou? A partir d\u2019aqu\u00ed vam fer un viatge per totes les fases del cicle de l\u2019aigua (evaporaci\u00f3, condensaci\u00f3 i precipitaci\u00f3). A [&hellip;]<\/p>\n","protected":false},"author":5,"featured_media":3402,"comment_status":"closed","ping_status":"closed","sticky":false,"template":"","format":"standard","meta":{"_bbp_topic_count":0,"_bbp_reply_count":0,"_bbp_total_topic_count":0,"_bbp_total_reply_count":0,"_bbp_voice_count":0,"_bbp_anonymous_reply_count":0,"_bbp_topic_count_hidden":0,"_bbp_reply_count_hidden":0,"_bbp_forum_subforum_count":0,"site-sidebar-layout":"default","site-content-layout":"","ast-site-content-layout":"","site-content-style":"default","site-sidebar-style":"default","ast-global-header-display":"","ast-banner-title-visibility":"","ast-main-header-display":"","ast-hfb-above-header-display":"","ast-hfb-below-header-display":"","ast-hfb-mobile-header-display":"","site-post-title":"","ast-breadcrumbs-content":"","ast-featured-img":"","footer-sml-layout":"","theme-transparent-header-meta":"","adv-header-id-meta":"","stick-header-meta":"","header-above-stick-meta":"","header-main-stick-meta":"","header-below-stick-meta":"","astra-migrate-meta-layouts":"default","ast-page-background-enabled":"default","ast-page-background-meta":{"desktop":{"background-color":"var(--ast-global-color-4)","background-image":"","background-repeat":"repeat","background-position":"center center","background-size":"auto","background-attachment":"scroll","background-type":"","background-media":"","overlay-type":"","overlay-color":"","overlay-opacity":"","overlay-gradient":""},"tablet":{"background-color":"","background-image":"","background-repeat":"repeat","background-position":"center center","background-size":"auto","background-attachment":"scroll","background-type":"","background-media":"","overlay-type":"","overlay-color":"","overlay-opacity":"","overlay-gradient":""},"mobile":{"background-color":"","background-image":"","background-repeat":"repeat","background-position":"center center","background-size":"auto","background-attachment":"scroll","background-type":"","background-media":"","overlay-type":"","overlay-color":"","overlay-opacity":"","overlay-gradient":""}},"ast-content-background-meta":{"desktop":{"background-color":"var(--ast-global-color-5)","background-image":"","background-repeat":"repeat","background-position":"center center","background-size":"auto","background-attachment":"scroll","background-type":"","background-media":"","overlay-type":"","overlay-color":"","overlay-opacity":"","overlay-gradient":""},"tablet":{"background-color":"var(--ast-global-color-5)","background-image":"","background-repeat":"repeat","background-position":"center center","background-size":"auto","background-attachment":"scroll","background-type":"","background-media":"","overlay-type":"","overlay-color":"","overlay-opacity":"","overlay-gradient":""},"mobile":{"background-color":"var(--ast-global-color-5)","background-image":"","background-repeat":"repeat","background-position":"center center","background-size":"auto","background-attachment":"scroll","background-type":"","background-media":"","overlay-type":"","overlay-color":"","overlay-opacity":"","overlay-gradient":""}},"footnotes":""},"categories":[13,4],"tags":[],"class_list":["post-3398","post","type-post","status-publish","format-standard","has-post-thumbnail","hentry","category-4t","category-portada"],"post_mailing_queue_ids":[],"_links":{"self":[{"href":"https:\/\/agora.xtec.cat\/escolalesplanes\/wp-json\/wp\/v2\/posts\/3398","targetHints":{"allow":["GET"]}}],"collection":[{"href":"https:\/\/agora.xtec.cat\/escolalesplanes\/wp-json\/wp\/v2\/posts"}],"about":[{"href":"https:\/\/agora.xtec.cat\/escolalesplanes\/wp-json\/wp\/v2\/types\/post"}],"author":[{"embeddable":true,"href":"https:\/\/agora.xtec.cat\/escolalesplanes\/wp-json\/wp\/v2\/users\/5"}],"replies":[{"embeddable":true,"href":"https:\/\/agora.xtec.cat\/escolalesplanes\/wp-json\/wp\/v2\/comments?post=3398"}],"version-history":[{"count":2,"href":"https:\/\/agora.xtec.cat\/escolalesplanes\/wp-json\/wp\/v2\/posts\/3398\/revisions"}],"predecessor-version":[{"id":3403,"href":"https:\/\/agora.xtec.cat\/escolalesplanes\/wp-json\/wp\/v2\/posts\/3398\/revisions\/3403"}],"wp:featuredmedia":[{"embeddable":true,"href":"https:\/\/agora.xtec.cat\/escolalesplanes\/wp-json\/wp\/v2\/media\/3402"}],"wp:attachment":[{"href":"https:\/\/agora.xtec.cat\/escolalesplanes\/wp-json\/wp\/v2\/media?parent=3398"}],"wp:term":[{"taxonomy":"category","embeddable":true,"href":"https:\/\/agora.xtec.cat\/escolalesplanes\/wp-json\/wp\/v2\/categories?post=3398"},{"taxonomy":"post_tag","embeddable":true,"href":"https:\/\/agora.xtec.cat\/escolalesplanes\/wp-json\/wp\/v2\/tags?post=3398"}],"curies":[{"name":"wp","href":"https:\/\/api.w.org\/{rel}","templated":true}]}}