{"id":2633,"date":"2024-02-06T20:37:39","date_gmt":"2024-02-06T19:37:39","guid":{"rendered":"https:\/\/agora.xtec.cat\/escolalesplanes\/?p=2633"},"modified":"2024-02-06T20:46:55","modified_gmt":"2024-02-06T19:46:55","slug":"carnaval-carnaval","status":"publish","type":"post","link":"https:\/\/agora.xtec.cat\/escolalesplanes\/portada\/carnaval-carnaval\/","title":{"rendered":"Carnaval, Carnaval &#8230;"},"content":{"rendered":"<p><span style=\"color: #000080;\">Durant aquests dies estem ben enfeinats amb les ordres del Carnestoltes.<\/span><br \/>\n<span style=\"color: #000080;\">Pentinats originals, vestits elegants, sabates diferents i esportistes serem.<\/span><\/p>\n<p><span style=\"color: #000080;\">I per fi, divendres, l\u2019escola es convertir\u00e0 en l\u2019Univers: sol, llunes i estrelles els petits.<\/span><\/p>\n<p><span style=\"color: #000080;\">Astronautes, coets, astr\u00f2noms i extraterrestres els mitjans i sistema solar i l&#8217;ex\u00e8rcit imperial els grans. <\/span><br \/>\n<span style=\"color: #000080;\">Visca Carnestoltes !!<\/span><\/p>\n<p><span style=\"color: #000080;\">Aqu\u00ed podeu veure algunes fotos i el v\u00eddeo de l\u2019arribada de la reina carnestoltes.<\/span><\/p>\n<p><strong><a href=\"https:\/\/photos.app.goo.gl\/HGiy5Sb1uzbUfpDcA\" target=\"_blank\" rel=\"noopener\">pentinats originals<\/a><\/strong><\/p>\n<p><strong><a href=\"https:\/\/photos.app.goo.gl\/8H3zdX6j72rADKz47\" target=\"_blank\" rel=\"noopener\">vestits elegants<\/a><\/strong><\/p>\n<p><strong><a href=\"https:\/\/photos.app.goo.gl\/zVg9gxQDJjGgBG5p9\" target=\"_blank\" rel=\"noopener\">v\u00eddeo arribada carnestoltes<\/a><\/strong><\/p>\n<p>&nbsp;<\/p>\n<p>&nbsp;<\/p>\n<p>&nbsp;<\/p>\n","protected":false},"excerpt":{"rendered":"<p>Durant aquests dies estem ben enfeinats amb les ordres del Carnestoltes. Pentinats originals, vestits elegants, sabates diferents i esportistes serem. I per fi, divendres, l\u2019escola es convertir\u00e0 en l\u2019Univers: sol, llunes i estrelles els petits. Astronautes, coets, astr\u00f2noms i extraterrestres els mitjans i sistema solar i l&#8217;ex\u00e8rcit imperial els grans. Visca Carnestoltes !! Aqu\u00ed podeu [&hellip;]<\/p>\n","protected":false},"author":1,"featured_media":2638,"comment_status":"closed","ping_status":"closed","sticky":false,"template":"","format":"standard","meta":{"_bbp_topic_count":0,"_bbp_reply_count":0,"_bbp_total_topic_count":0,"_bbp_total_reply_count":0,"_bbp_voice_count":0,"_bbp_anonymous_reply_count":0,"_bbp_topic_count_hidden":0,"_bbp_reply_count_hidden":0,"_bbp_forum_subforum_count":0,"site-sidebar-layout":"default","site-content-layout":"","ast-site-content-layout":"","site-content-style":"default","site-sidebar-style":"default","ast-global-header-display":"","ast-banner-title-visibility":"","ast-main-header-display":"","ast-hfb-above-header-display":"","ast-hfb-below-header-display":"","ast-hfb-mobile-header-display":"","site-post-title":"","ast-breadcrumbs-content":"","ast-featured-img":"","footer-sml-layout":"","theme-transparent-header-meta":"","adv-header-id-meta":"","stick-header-meta":"","header-above-stick-meta":"","header-main-stick-meta":"","header-below-stick-meta":"","astra-migrate-meta-layouts":"default","ast-page-background-enabled":"default","ast-page-background-meta":{"desktop":{"background-color":"var(--ast-global-color-4)","background-image":"","background-repeat":"repeat","background-position":"center center","background-size":"auto","background-attachment":"scroll","background-type":"","background-media":"","overlay-type":"","overlay-color":"","overlay-opacity":"","overlay-gradient":""},"tablet":{"background-color":"","background-image":"","background-repeat":"repeat","background-position":"center center","background-size":"auto","background-attachment":"scroll","background-type":"","background-media":"","overlay-type":"","overlay-color":"","overlay-opacity":"","overlay-gradient":""},"mobile":{"background-color":"","background-image":"","background-repeat":"repeat","background-position":"center center","background-size":"auto","background-attachment":"scroll","background-type":"","background-media":"","overlay-type":"","overlay-color":"","overlay-opacity":"","overlay-gradient":""}},"ast-content-background-meta":{"desktop":{"background-color":"var(--ast-global-color-5)","background-image":"","background-repeat":"repeat","background-position":"center center","background-size":"auto","background-attachment":"scroll","background-type":"","background-media":"","overlay-type":"","overlay-color":"","overlay-opacity":"","overlay-gradient":""},"tablet":{"background-color":"var(--ast-global-color-5)","background-image":"","background-repeat":"repeat","background-position":"center center","background-size":"auto","background-attachment":"scroll","background-type":"","background-media":"","overlay-type":"","overlay-color":"","overlay-opacity":"","overlay-gradient":""},"mobile":{"background-color":"var(--ast-global-color-5)","background-image":"","background-repeat":"repeat","background-position":"center center","background-size":"auto","background-attachment":"scroll","background-type":"","background-media":"","overlay-type":"","overlay-color":"","overlay-opacity":"","overlay-gradient":""}},"footnotes":""},"categories":[80,4],"tags":[],"class_list":["post-2633","post","type-post","status-publish","format-standard","has-post-thumbnail","hentry","category-alumnes","category-portada"],"post_mailing_queue_ids":[],"_links":{"self":[{"href":"https:\/\/agora.xtec.cat\/escolalesplanes\/wp-json\/wp\/v2\/posts\/2633","targetHints":{"allow":["GET"]}}],"collection":[{"href":"https:\/\/agora.xtec.cat\/escolalesplanes\/wp-json\/wp\/v2\/posts"}],"about":[{"href":"https:\/\/agora.xtec.cat\/escolalesplanes\/wp-json\/wp\/v2\/types\/post"}],"author":[{"embeddable":true,"href":"https:\/\/agora.xtec.cat\/escolalesplanes\/wp-json\/wp\/v2\/users\/1"}],"replies":[{"embeddable":true,"href":"https:\/\/agora.xtec.cat\/escolalesplanes\/wp-json\/wp\/v2\/comments?post=2633"}],"version-history":[{"count":2,"href":"https:\/\/agora.xtec.cat\/escolalesplanes\/wp-json\/wp\/v2\/posts\/2633\/revisions"}],"predecessor-version":[{"id":2636,"href":"https:\/\/agora.xtec.cat\/escolalesplanes\/wp-json\/wp\/v2\/posts\/2633\/revisions\/2636"}],"wp:featuredmedia":[{"embeddable":true,"href":"https:\/\/agora.xtec.cat\/escolalesplanes\/wp-json\/wp\/v2\/media\/2638"}],"wp:attachment":[{"href":"https:\/\/agora.xtec.cat\/escolalesplanes\/wp-json\/wp\/v2\/media?parent=2633"}],"wp:term":[{"taxonomy":"category","embeddable":true,"href":"https:\/\/agora.xtec.cat\/escolalesplanes\/wp-json\/wp\/v2\/categories?post=2633"},{"taxonomy":"post_tag","embeddable":true,"href":"https:\/\/agora.xtec.cat\/escolalesplanes\/wp-json\/wp\/v2\/tags?post=2633"}],"curies":[{"name":"wp","href":"https:\/\/api.w.org\/{rel}","templated":true}]}}