{"id":1679,"date":"2023-03-26T18:13:45","date_gmt":"2023-03-26T16:13:45","guid":{"rendered":"https:\/\/agora.xtec.cat\/escolalesplanes\/?p=1679"},"modified":"2023-03-26T18:16:11","modified_gmt":"2023-03-26T16:16:11","slug":"setmana-intercultural","status":"publish","type":"post","link":"https:\/\/agora.xtec.cat\/escolalesplanes\/general\/setmana-intercultural\/","title":{"rendered":"Setmana intercultural"},"content":{"rendered":"<p><span style=\"color: #000080;\">Aquesta setmana celebrem la setmana intercultural a l&#8217;escola. Durant aquests dies farem diferents activitats (contes, tallers, jocs,\u00a0 m\u00fasica,tradicions,&#8230;) i tamb\u00e9 comptarem amb la col\u00b7laboraci\u00f3 de les fam\u00edlies.<\/span><\/p>\n<p><span style=\"color: #000080;\">Aqu\u00ed teniu totes les mirades de l&#8217;escola, alumnat i mestres.<\/span><\/p>\n<p><span style=\"color: #008000;\">Definici\u00f3 interculturalitat: conviv\u00e8ncia de diferents cultures amb la voluntat de que aquestes es relacionin entre elles de forma inclusiva i horitzontal. \/\/ Suma de diverses cultures que viuen en relaci\u00f3 i que s\u2019escolten les unes a les altres.<\/span><\/p>\n<p><img loading=\"lazy\" decoding=\"async\" class=\"aligncenter size-large wp-image-1680\" src=\"https:\/\/agora.xtec.cat\/escolalesplanes\/wp-content\/uploads\/usu2441\/2023\/03\/Mirades-del-mon-1024x373.jpg\" alt=\"\" width=\"1024\" height=\"373\" srcset=\"https:\/\/agora.xtec.cat\/escolalesplanes\/wp-content\/uploads\/usu2441\/2023\/03\/Mirades-del-mon-1024x373.jpg 1024w, https:\/\/agora.xtec.cat\/escolalesplanes\/wp-content\/uploads\/usu2441\/2023\/03\/Mirades-del-mon-300x109.jpg 300w, https:\/\/agora.xtec.cat\/escolalesplanes\/wp-content\/uploads\/usu2441\/2023\/03\/Mirades-del-mon-768x279.jpg 768w, https:\/\/agora.xtec.cat\/escolalesplanes\/wp-content\/uploads\/usu2441\/2023\/03\/Mirades-del-mon-1536x559.jpg 1536w, https:\/\/agora.xtec.cat\/escolalesplanes\/wp-content\/uploads\/usu2441\/2023\/03\/Mirades-del-mon-2048x745.jpg 2048w\" sizes=\"auto, (max-width: 1024px) 100vw, 1024px\" \/><\/p>\n","protected":false},"excerpt":{"rendered":"<p>Aquesta setmana celebrem la setmana intercultural a l&#8217;escola. Durant aquests dies farem diferents activitats (contes, tallers, jocs,\u00a0 m\u00fasica,tradicions,&#8230;) i tamb\u00e9 comptarem amb la col\u00b7laboraci\u00f3 de les fam\u00edlies. Aqu\u00ed teniu totes les mirades de l&#8217;escola, alumnat i mestres. Definici\u00f3 interculturalitat: conviv\u00e8ncia de diferents cultures amb la voluntat de que aquestes es relacionin entre elles de forma [&hellip;]<\/p>\n","protected":false},"author":1,"featured_media":1680,"comment_status":"closed","ping_status":"closed","sticky":false,"template":"","format":"standard","meta":{"_bbp_topic_count":0,"_bbp_reply_count":0,"_bbp_total_topic_count":0,"_bbp_total_reply_count":0,"_bbp_voice_count":0,"_bbp_anonymous_reply_count":0,"_bbp_topic_count_hidden":0,"_bbp_reply_count_hidden":0,"_bbp_forum_subforum_count":0,"site-sidebar-layout":"default","site-content-layout":"","ast-site-content-layout":"","site-content-style":"default","site-sidebar-style":"default","ast-global-header-display":"","ast-banner-title-visibility":"","ast-main-header-display":"","ast-hfb-above-header-display":"","ast-hfb-below-header-display":"","ast-hfb-mobile-header-display":"","site-post-title":"","ast-breadcrumbs-content":"","ast-featured-img":"","footer-sml-layout":"","theme-transparent-header-meta":"","adv-header-id-meta":"","stick-header-meta":"","header-above-stick-meta":"","header-main-stick-meta":"","header-below-stick-meta":"","astra-migrate-meta-layouts":"default","ast-page-background-enabled":"default","ast-page-background-meta":{"desktop":{"background-color":"var(--ast-global-color-4)","background-image":"","background-repeat":"repeat","background-position":"center center","background-size":"auto","background-attachment":"scroll","background-type":"","background-media":"","overlay-type":"","overlay-color":"","overlay-opacity":"","overlay-gradient":""},"tablet":{"background-color":"","background-image":"","background-repeat":"repeat","background-position":"center center","background-size":"auto","background-attachment":"scroll","background-type":"","background-media":"","overlay-type":"","overlay-color":"","overlay-opacity":"","overlay-gradient":""},"mobile":{"background-color":"","background-image":"","background-repeat":"repeat","background-position":"center center","background-size":"auto","background-attachment":"scroll","background-type":"","background-media":"","overlay-type":"","overlay-color":"","overlay-opacity":"","overlay-gradient":""}},"ast-content-background-meta":{"desktop":{"background-color":"var(--ast-global-color-5)","background-image":"","background-repeat":"repeat","background-position":"center center","background-size":"auto","background-attachment":"scroll","background-type":"","background-media":"","overlay-type":"","overlay-color":"","overlay-opacity":"","overlay-gradient":""},"tablet":{"background-color":"var(--ast-global-color-5)","background-image":"","background-repeat":"repeat","background-position":"center center","background-size":"auto","background-attachment":"scroll","background-type":"","background-media":"","overlay-type":"","overlay-color":"","overlay-opacity":"","overlay-gradient":""},"mobile":{"background-color":"var(--ast-global-color-5)","background-image":"","background-repeat":"repeat","background-position":"center center","background-size":"auto","background-attachment":"scroll","background-type":"","background-media":"","overlay-type":"","overlay-color":"","overlay-opacity":"","overlay-gradient":""}},"footnotes":""},"categories":[80,1,4],"tags":[],"class_list":["post-1679","post","type-post","status-publish","format-standard","has-post-thumbnail","hentry","category-alumnes","category-general","category-portada"],"post_mailing_queue_ids":[],"_links":{"self":[{"href":"https:\/\/agora.xtec.cat\/escolalesplanes\/wp-json\/wp\/v2\/posts\/1679","targetHints":{"allow":["GET"]}}],"collection":[{"href":"https:\/\/agora.xtec.cat\/escolalesplanes\/wp-json\/wp\/v2\/posts"}],"about":[{"href":"https:\/\/agora.xtec.cat\/escolalesplanes\/wp-json\/wp\/v2\/types\/post"}],"author":[{"embeddable":true,"href":"https:\/\/agora.xtec.cat\/escolalesplanes\/wp-json\/wp\/v2\/users\/1"}],"replies":[{"embeddable":true,"href":"https:\/\/agora.xtec.cat\/escolalesplanes\/wp-json\/wp\/v2\/comments?post=1679"}],"version-history":[{"count":3,"href":"https:\/\/agora.xtec.cat\/escolalesplanes\/wp-json\/wp\/v2\/posts\/1679\/revisions"}],"predecessor-version":[{"id":1682,"href":"https:\/\/agora.xtec.cat\/escolalesplanes\/wp-json\/wp\/v2\/posts\/1679\/revisions\/1682"}],"wp:featuredmedia":[{"embeddable":true,"href":"https:\/\/agora.xtec.cat\/escolalesplanes\/wp-json\/wp\/v2\/media\/1680"}],"wp:attachment":[{"href":"https:\/\/agora.xtec.cat\/escolalesplanes\/wp-json\/wp\/v2\/media?parent=1679"}],"wp:term":[{"taxonomy":"category","embeddable":true,"href":"https:\/\/agora.xtec.cat\/escolalesplanes\/wp-json\/wp\/v2\/categories?post=1679"},{"taxonomy":"post_tag","embeddable":true,"href":"https:\/\/agora.xtec.cat\/escolalesplanes\/wp-json\/wp\/v2\/tags?post=1679"}],"curies":[{"name":"wp","href":"https:\/\/api.w.org\/{rel}","templated":true}]}}