{"id":1363,"date":"2023-01-30T19:26:44","date_gmt":"2023-01-30T18:26:44","guid":{"rendered":"https:\/\/agora.xtec.cat\/escolalesplanes\/?p=1363"},"modified":"2023-01-30T19:53:56","modified_gmt":"2023-01-30T18:53:56","slug":"dia-de-la-no-violencia-i-de-la-pau","status":"publish","type":"post","link":"https:\/\/agora.xtec.cat\/escolalesplanes\/portada\/dia-de-la-no-violencia-i-de-la-pau\/","title":{"rendered":"Dia de la no viol\u00e8ncia i de la pau"},"content":{"rendered":"<p>Avui, 30 de gener, hem celebrat el DENIP, dia escolar de la no viol\u00e8ncia i de la pau. Tots els cursos han fet activitats relacionades amb el tema.<br \/>\nTamb\u00e9, tots els nenes i les nenes de l\u2019escola, han elaborat una poci\u00f3 m\u00e0gica per combatre la viol\u00e8ncia. Per fer aquesta poci\u00f3 m\u00e0gica, han utilitzat paraules tant boniques i importants com: respecte, cooperaci\u00f3, empatia, confian\u00e7a, amabilitat, &#8230;<\/p>\n<p><img loading=\"lazy\" decoding=\"async\" class=\"aligncenter size-large wp-image-1365\" src=\"https:\/\/agora.xtec.cat\/escolalesplanes\/wp-content\/uploads\/usu2441\/2023\/01\/IMG-20230130-WA0007-1024x576.jpg\" alt=\"\" width=\"1024\" height=\"576\" srcset=\"https:\/\/agora.xtec.cat\/escolalesplanes\/wp-content\/uploads\/usu2441\/2023\/01\/IMG-20230130-WA0007-1024x576.jpg 1024w, https:\/\/agora.xtec.cat\/escolalesplanes\/wp-content\/uploads\/usu2441\/2023\/01\/IMG-20230130-WA0007-300x169.jpg 300w, https:\/\/agora.xtec.cat\/escolalesplanes\/wp-content\/uploads\/usu2441\/2023\/01\/IMG-20230130-WA0007-768x432.jpg 768w, https:\/\/agora.xtec.cat\/escolalesplanes\/wp-content\/uploads\/usu2441\/2023\/01\/IMG-20230130-WA0007-1536x864.jpg 1536w, https:\/\/agora.xtec.cat\/escolalesplanes\/wp-content\/uploads\/usu2441\/2023\/01\/IMG-20230130-WA0007.jpg 1600w\" sizes=\"auto, (max-width: 1024px) 100vw, 1024px\" \/><\/p>\n<p><img loading=\"lazy\" decoding=\"async\" class=\"aligncenter  wp-image-1364\" src=\"https:\/\/agora.xtec.cat\/escolalesplanes\/wp-content\/uploads\/usu2441\/2023\/01\/1-1-1009x1024.jpg\" alt=\"\" width=\"804\" height=\"816\" srcset=\"https:\/\/agora.xtec.cat\/escolalesplanes\/wp-content\/uploads\/usu2441\/2023\/01\/1-1-1009x1024.jpg 1009w, https:\/\/agora.xtec.cat\/escolalesplanes\/wp-content\/uploads\/usu2441\/2023\/01\/1-1-296x300.jpg 296w, https:\/\/agora.xtec.cat\/escolalesplanes\/wp-content\/uploads\/usu2441\/2023\/01\/1-1-768x779.jpg 768w, https:\/\/agora.xtec.cat\/escolalesplanes\/wp-content\/uploads\/usu2441\/2023\/01\/1-1-1514x1536.jpg 1514w, https:\/\/agora.xtec.cat\/escolalesplanes\/wp-content\/uploads\/usu2441\/2023\/01\/1-1-2019x2048.jpg 2019w\" sizes=\"auto, (max-width: 804px) 100vw, 804px\" \/><\/p>\n<p><img loading=\"lazy\" decoding=\"async\" class=\"size-large wp-image-1366 alignleft\" src=\"https:\/\/agora.xtec.cat\/escolalesplanes\/wp-content\/uploads\/usu2441\/2023\/01\/2.jpg\" alt=\"\" width=\"591\" height=\"443\" srcset=\"https:\/\/agora.xtec.cat\/escolalesplanes\/wp-content\/uploads\/usu2441\/2023\/01\/2.jpg 591w, https:\/\/agora.xtec.cat\/escolalesplanes\/wp-content\/uploads\/usu2441\/2023\/01\/2-300x225.jpg 300w, https:\/\/agora.xtec.cat\/escolalesplanes\/wp-content\/uploads\/usu2441\/2023\/01\/2-200x150.jpg 200w\" sizes=\"auto, (max-width: 591px) 100vw, 591px\" \/> <img loading=\"lazy\" decoding=\"async\" class=\"aligncenter size-large wp-image-1367\" src=\"https:\/\/agora.xtec.cat\/escolalesplanes\/wp-content\/uploads\/usu2441\/2023\/01\/3.jpg\" alt=\"\" width=\"591\" height=\"443\" srcset=\"https:\/\/agora.xtec.cat\/escolalesplanes\/wp-content\/uploads\/usu2441\/2023\/01\/3.jpg 591w, https:\/\/agora.xtec.cat\/escolalesplanes\/wp-content\/uploads\/usu2441\/2023\/01\/3-300x225.jpg 300w, https:\/\/agora.xtec.cat\/escolalesplanes\/wp-content\/uploads\/usu2441\/2023\/01\/3-200x150.jpg 200w\" sizes=\"auto, (max-width: 591px) 100vw, 591px\" \/><\/p>\n","protected":false},"excerpt":{"rendered":"<p>Avui, 30 de gener, hem celebrat el DENIP, dia escolar de la no viol\u00e8ncia i de la pau. Tots els cursos han fet activitats relacionades amb el tema. Tamb\u00e9, tots els nenes i les nenes de l\u2019escola, han elaborat una poci\u00f3 m\u00e0gica per combatre la viol\u00e8ncia. Per fer aquesta poci\u00f3 m\u00e0gica, han utilitzat paraules tant [&hellip;]<\/p>\n","protected":false},"author":1,"featured_media":1364,"comment_status":"closed","ping_status":"closed","sticky":false,"template":"","format":"standard","meta":{"_bbp_topic_count":0,"_bbp_reply_count":0,"_bbp_total_topic_count":0,"_bbp_total_reply_count":0,"_bbp_voice_count":0,"_bbp_anonymous_reply_count":0,"_bbp_topic_count_hidden":0,"_bbp_reply_count_hidden":0,"_bbp_forum_subforum_count":0,"site-sidebar-layout":"default","site-content-layout":"","ast-site-content-layout":"","site-content-style":"default","site-sidebar-style":"default","ast-global-header-display":"","ast-banner-title-visibility":"","ast-main-header-display":"","ast-hfb-above-header-display":"","ast-hfb-below-header-display":"","ast-hfb-mobile-header-display":"","site-post-title":"","ast-breadcrumbs-content":"","ast-featured-img":"","footer-sml-layout":"","theme-transparent-header-meta":"","adv-header-id-meta":"","stick-header-meta":"","header-above-stick-meta":"","header-main-stick-meta":"","header-below-stick-meta":"","astra-migrate-meta-layouts":"default","ast-page-background-enabled":"default","ast-page-background-meta":{"desktop":{"background-color":"var(--ast-global-color-4)","background-image":"","background-repeat":"repeat","background-position":"center center","background-size":"auto","background-attachment":"scroll","background-type":"","background-media":"","overlay-type":"","overlay-color":"","overlay-opacity":"","overlay-gradient":""},"tablet":{"background-color":"","background-image":"","background-repeat":"repeat","background-position":"center center","background-size":"auto","background-attachment":"scroll","background-type":"","background-media":"","overlay-type":"","overlay-color":"","overlay-opacity":"","overlay-gradient":""},"mobile":{"background-color":"","background-image":"","background-repeat":"repeat","background-position":"center center","background-size":"auto","background-attachment":"scroll","background-type":"","background-media":"","overlay-type":"","overlay-color":"","overlay-opacity":"","overlay-gradient":""}},"ast-content-background-meta":{"desktop":{"background-color":"var(--ast-global-color-5)","background-image":"","background-repeat":"repeat","background-position":"center center","background-size":"auto","background-attachment":"scroll","background-type":"","background-media":"","overlay-type":"","overlay-color":"","overlay-opacity":"","overlay-gradient":""},"tablet":{"background-color":"var(--ast-global-color-5)","background-image":"","background-repeat":"repeat","background-position":"center center","background-size":"auto","background-attachment":"scroll","background-type":"","background-media":"","overlay-type":"","overlay-color":"","overlay-opacity":"","overlay-gradient":""},"mobile":{"background-color":"var(--ast-global-color-5)","background-image":"","background-repeat":"repeat","background-position":"center center","background-size":"auto","background-attachment":"scroll","background-type":"","background-media":"","overlay-type":"","overlay-color":"","overlay-opacity":"","overlay-gradient":""}},"footnotes":""},"categories":[80,4],"tags":[],"class_list":["post-1363","post","type-post","status-publish","format-standard","has-post-thumbnail","hentry","category-alumnes","category-portada"],"post_mailing_queue_ids":[],"_links":{"self":[{"href":"https:\/\/agora.xtec.cat\/escolalesplanes\/wp-json\/wp\/v2\/posts\/1363","targetHints":{"allow":["GET"]}}],"collection":[{"href":"https:\/\/agora.xtec.cat\/escolalesplanes\/wp-json\/wp\/v2\/posts"}],"about":[{"href":"https:\/\/agora.xtec.cat\/escolalesplanes\/wp-json\/wp\/v2\/types\/post"}],"author":[{"embeddable":true,"href":"https:\/\/agora.xtec.cat\/escolalesplanes\/wp-json\/wp\/v2\/users\/1"}],"replies":[{"embeddable":true,"href":"https:\/\/agora.xtec.cat\/escolalesplanes\/wp-json\/wp\/v2\/comments?post=1363"}],"version-history":[{"count":3,"href":"https:\/\/agora.xtec.cat\/escolalesplanes\/wp-json\/wp\/v2\/posts\/1363\/revisions"}],"predecessor-version":[{"id":1375,"href":"https:\/\/agora.xtec.cat\/escolalesplanes\/wp-json\/wp\/v2\/posts\/1363\/revisions\/1375"}],"wp:featuredmedia":[{"embeddable":true,"href":"https:\/\/agora.xtec.cat\/escolalesplanes\/wp-json\/wp\/v2\/media\/1364"}],"wp:attachment":[{"href":"https:\/\/agora.xtec.cat\/escolalesplanes\/wp-json\/wp\/v2\/media?parent=1363"}],"wp:term":[{"taxonomy":"category","embeddable":true,"href":"https:\/\/agora.xtec.cat\/escolalesplanes\/wp-json\/wp\/v2\/categories?post=1363"},{"taxonomy":"post_tag","embeddable":true,"href":"https:\/\/agora.xtec.cat\/escolalesplanes\/wp-json\/wp\/v2\/tags?post=1363"}],"curies":[{"name":"wp","href":"https:\/\/api.w.org\/{rel}","templated":true}]}}