{"id":1245,"date":"2022-11-12T11:54:28","date_gmt":"2022-11-12T10:54:28","guid":{"rendered":"https:\/\/agora.xtec.cat\/escolalesplanes\/?p=1245"},"modified":"2022-11-27T21:13:44","modified_gmt":"2022-11-27T20:13:44","slug":"les-planes-amb-el-25n","status":"publish","type":"post","link":"https:\/\/agora.xtec.cat\/escolalesplanes\/general\/les-planes-amb-el-25n\/","title":{"rendered":"Les Planes amb el 25N"},"content":{"rendered":"<p><span style=\"color: #800080;\"><strong>DIA INTERNACIONAL CONTRA LA VIOL\u00c8NCIA DE G\u00c8NERE<\/strong><\/span><\/p>\n<p><strong><span style=\"color: #800080;\">Mireu el v\u00eddeo dels nostres nens i nenes<\/span><\/strong><\/p>\n<div style=\"width: 1920px;\" class=\"wp-video\"><!--[if lt IE 9]><script>document.createElement('video');<\/script><![endif]-->\n<video class=\"wp-video-shortcode\" id=\"video-1245-1\" width=\"1920\" height=\"1080\" preload=\"metadata\" controls=\"controls\"><source type=\"video\/mp4\" src=\"https:\/\/agora.xtec.cat\/escolalesplanes\/wp-content\/uploads\/usu2441\/2022\/11\/Video-alumnes-25N.mp4?_=1\" \/><a href=\"https:\/\/agora.xtec.cat\/escolalesplanes\/wp-content\/uploads\/usu2441\/2022\/11\/Video-alumnes-25N.mp4\">https:\/\/agora.xtec.cat\/escolalesplanes\/wp-content\/uploads\/usu2441\/2022\/11\/Video-alumnes-25N.mp4<\/a><\/video><\/div>\n<p>El <strong>25 de novembre<\/strong> va ser declarat el <strong>dia internacional contra la viol\u00e8ncia de g\u00e8nere<\/strong> el juliol de 1981, i el 17 de desembre de 1999 es va aprovar a l\u2019Assemblea General de les Nacions Unides.<\/p>\n<p>Aquest dia (i tots els dies), es celebra per denunciar la viol\u00e8ncia que s\u2019exerceix sobre les dones a tot el m\u00f3n i reclamar pol\u00edtiques en tots els pa\u00efsos per la seva erradicaci\u00f3. Aquesta viol\u00e8ncia, es pot presentar en 10 \u00e0mbits diferents: psicol\u00f2gica, f\u00edsica, patrimonial, sexual, &#8230;<\/p>\n<p>A l\u2019escola volem ajudar a prendre consci\u00e8ncia, a tot l\u2019alumnat, de la gravetat d\u2019aquest problema, per poder prevenir el masclisme i la viol\u00e8ncia de g\u00e8nere, i farem unes sessions espec\u00edfiques enfocades a la viol\u00e8ncia contra les dones (adaptades per a cada edat).<\/p>\n<p>Cada grup visualitzar\u00e0 un v\u00eddeo (diferent tenint en compte el nivell maduratiu de l\u2019alumnat) i despr\u00e9s farem un petit debat en refer\u00e8ncia al v\u00eddeo, i es parlar\u00e0 de qu\u00e8 \u00e9s estimar, com demostrem que estimem a les persones, quines s\u00f3n les accions que fem quan estimem a alguna persona (abra\u00e7ar, confiar, ajudar, respectar&#8230;), i quines s\u00f3n les accions que no s\u2019han de fer quan estimem (pegar, cridar, controlar, insultar&#8230;).<\/p>\n<p>Per finalitzar aquesta sessi\u00f3, tots i totes les nenes i joves posaran la seva ma en pintura lila i l\u2019estamparan en un foli i escriuran alguna cosa significativa de la sessi\u00f3 en refer\u00e8ncia la viol\u00e8ncia de g\u00e8nere, per despr\u00e9s penjar-les a l\u2019escola.<\/p>\n<p><img loading=\"lazy\" decoding=\"async\" class=\"aligncenter size-full wp-image-1249\" src=\"https:\/\/agora.xtec.cat\/escolalesplanes\/wp-content\/uploads\/usu2441\/2022\/11\/25-N-3.jpg\" alt=\"\" width=\"334\" height=\"357\" srcset=\"https:\/\/agora.xtec.cat\/escolalesplanes\/wp-content\/uploads\/usu2441\/2022\/11\/25-N-3.jpg 334w, https:\/\/agora.xtec.cat\/escolalesplanes\/wp-content\/uploads\/usu2441\/2022\/11\/25-N-3-281x300.jpg 281w\" sizes=\"auto, (max-width: 334px) 100vw, 334px\" \/><\/p>\n","protected":false},"excerpt":{"rendered":"<p>DIA INTERNACIONAL CONTRA LA VIOL\u00c8NCIA DE G\u00c8NERE Mireu el v\u00eddeo dels nostres nens i nenes El 25 de novembre va ser declarat el dia internacional contra la viol\u00e8ncia de g\u00e8nere el juliol de 1981, i el 17 de desembre de 1999 es va aprovar a l\u2019Assemblea General de les Nacions Unides. Aquest dia (i tots [&hellip;]<\/p>\n","protected":false},"author":1,"featured_media":1246,"comment_status":"closed","ping_status":"closed","sticky":false,"template":"","format":"standard","meta":{"_bbp_topic_count":0,"_bbp_reply_count":0,"_bbp_total_topic_count":0,"_bbp_total_reply_count":0,"_bbp_voice_count":0,"_bbp_anonymous_reply_count":0,"_bbp_topic_count_hidden":0,"_bbp_reply_count_hidden":0,"_bbp_forum_subforum_count":0,"site-sidebar-layout":"default","site-content-layout":"","ast-site-content-layout":"","site-content-style":"default","site-sidebar-style":"default","ast-global-header-display":"","ast-banner-title-visibility":"","ast-main-header-display":"","ast-hfb-above-header-display":"","ast-hfb-below-header-display":"","ast-hfb-mobile-header-display":"","site-post-title":"","ast-breadcrumbs-content":"","ast-featured-img":"","footer-sml-layout":"","theme-transparent-header-meta":"","adv-header-id-meta":"","stick-header-meta":"","header-above-stick-meta":"","header-main-stick-meta":"","header-below-stick-meta":"","astra-migrate-meta-layouts":"default","ast-page-background-enabled":"default","ast-page-background-meta":{"desktop":{"background-color":"var(--ast-global-color-4)","background-image":"","background-repeat":"repeat","background-position":"center center","background-size":"auto","background-attachment":"scroll","background-type":"","background-media":"","overlay-type":"","overlay-color":"","overlay-opacity":"","overlay-gradient":""},"tablet":{"background-color":"","background-image":"","background-repeat":"repeat","background-position":"center center","background-size":"auto","background-attachment":"scroll","background-type":"","background-media":"","overlay-type":"","overlay-color":"","overlay-opacity":"","overlay-gradient":""},"mobile":{"background-color":"","background-image":"","background-repeat":"repeat","background-position":"center center","background-size":"auto","background-attachment":"scroll","background-type":"","background-media":"","overlay-type":"","overlay-color":"","overlay-opacity":"","overlay-gradient":""}},"ast-content-background-meta":{"desktop":{"background-color":"var(--ast-global-color-5)","background-image":"","background-repeat":"repeat","background-position":"center center","background-size":"auto","background-attachment":"scroll","background-type":"","background-media":"","overlay-type":"","overlay-color":"","overlay-opacity":"","overlay-gradient":""},"tablet":{"background-color":"var(--ast-global-color-5)","background-image":"","background-repeat":"repeat","background-position":"center center","background-size":"auto","background-attachment":"scroll","background-type":"","background-media":"","overlay-type":"","overlay-color":"","overlay-opacity":"","overlay-gradient":""},"mobile":{"background-color":"var(--ast-global-color-5)","background-image":"","background-repeat":"repeat","background-position":"center center","background-size":"auto","background-attachment":"scroll","background-type":"","background-media":"","overlay-type":"","overlay-color":"","overlay-opacity":"","overlay-gradient":""}},"footnotes":""},"categories":[1,4],"tags":[],"class_list":["post-1245","post","type-post","status-publish","format-standard","has-post-thumbnail","hentry","category-general","category-portada"],"post_mailing_queue_ids":[],"_links":{"self":[{"href":"https:\/\/agora.xtec.cat\/escolalesplanes\/wp-json\/wp\/v2\/posts\/1245","targetHints":{"allow":["GET"]}}],"collection":[{"href":"https:\/\/agora.xtec.cat\/escolalesplanes\/wp-json\/wp\/v2\/posts"}],"about":[{"href":"https:\/\/agora.xtec.cat\/escolalesplanes\/wp-json\/wp\/v2\/types\/post"}],"author":[{"embeddable":true,"href":"https:\/\/agora.xtec.cat\/escolalesplanes\/wp-json\/wp\/v2\/users\/1"}],"replies":[{"embeddable":true,"href":"https:\/\/agora.xtec.cat\/escolalesplanes\/wp-json\/wp\/v2\/comments?post=1245"}],"version-history":[{"count":3,"href":"https:\/\/agora.xtec.cat\/escolalesplanes\/wp-json\/wp\/v2\/posts\/1245\/revisions"}],"predecessor-version":[{"id":1307,"href":"https:\/\/agora.xtec.cat\/escolalesplanes\/wp-json\/wp\/v2\/posts\/1245\/revisions\/1307"}],"wp:featuredmedia":[{"embeddable":true,"href":"https:\/\/agora.xtec.cat\/escolalesplanes\/wp-json\/wp\/v2\/media\/1246"}],"wp:attachment":[{"href":"https:\/\/agora.xtec.cat\/escolalesplanes\/wp-json\/wp\/v2\/media?parent=1245"}],"wp:term":[{"taxonomy":"category","embeddable":true,"href":"https:\/\/agora.xtec.cat\/escolalesplanes\/wp-json\/wp\/v2\/categories?post=1245"},{"taxonomy":"post_tag","embeddable":true,"href":"https:\/\/agora.xtec.cat\/escolalesplanes\/wp-json\/wp\/v2\/tags?post=1245"}],"curies":[{"name":"wp","href":"https:\/\/api.w.org\/{rel}","templated":true}]}}