{"id":779,"date":"2019-11-05T23:38:31","date_gmt":"2019-11-05T22:38:31","guid":{"rendered":"https:\/\/agora.xtec.cat\/escolalesllisses\/?p=779"},"modified":"2020-01-13T13:33:44","modified_gmt":"2020-01-13T12:33:44","slug":"curs-2019-20-3r-visitem-lajuntament","status":"publish","type":"post","link":"https:\/\/agora.xtec.cat\/escolalesllisses\/general\/curs-2019-20-3r-visitem-lajuntament\/","title":{"rendered":"Curs 19-20 3r Visitem l&#8217;Ajuntament!"},"content":{"rendered":"<p>Seguint amb el nostre projecte del poble, els nens i nenes de 3r han estat pensant on podem cercar informaci\u00f3 d&#8217;aquest, per poder-lo con\u00e8ixer millor. Finalment han pensat que hi ha una persona al nostre poble que els pot ajudar molt a con\u00e8ixer com es Lli\u00e7\u00e0, una mica de la seva hist\u00f2ria, qu\u00e8 \u00e9s l&#8217;Ajuntament i com funciona&#8230;. Aix\u00ed que decidim que anirem a fer-li una visita a la nostra alcaldessa i li farem una entrevista!<\/p>\n<p>Per poder-la preparar hem hagut d\u2019investigar qu\u00e8 \u00e9s una entrevista, quines parts la formen i hem apr\u00e8s alguns consells b\u00e0sics per fer una bona entrevista! Un cop l\u2019hem tingut llesta&#8230; hem anat cap a l\u2019Ajuntament, on ens esperava la Marta!D\u2019aqu\u00ed poc us podrem penjar l\u2019entrevista sencera!<\/p>\n<p>Aqu\u00ed us deixem unes imatges i uns v\u00eddeos, esperem que us agradin! Per veure tot el recull, cliqueu damunt la imatge.<\/p>\n<p><a href=\"https:\/\/photos.app.goo.gl\/aVfc9dvU5q6SGTXV6\" target=\"_blank\" rel=\"noopener noreferrer\"><img loading=\"lazy\" decoding=\"async\" class=\"wp-image-780 aligncenter\" src=\"https:\/\/agora.xtec.cat\/escolalesllisses\/wp-content\/uploads\/usu2000\/2019\/11\/IMG_8682-copia-150x150.jpg\" alt=\"\" width=\"407\" height=\"305\" srcset=\"https:\/\/agora.xtec.cat\/escolalesllisses\/wp-content\/uploads\/usu2000\/2019\/11\/IMG_8682-copia-300x225.jpg 300w, https:\/\/agora.xtec.cat\/escolalesllisses\/wp-content\/uploads\/usu2000\/2019\/11\/IMG_8682-copia-768x576.jpg 768w, https:\/\/agora.xtec.cat\/escolalesllisses\/wp-content\/uploads\/usu2000\/2019\/11\/IMG_8682-copia-1024x768.jpg 1024w, https:\/\/agora.xtec.cat\/escolalesllisses\/wp-content\/uploads\/usu2000\/2019\/11\/IMG_8682-copia-200x150.jpg 200w\" sizes=\"auto, (max-width: 407px) 100vw, 407px\" \/><\/a><\/p>\n<p>Mestres de 3r<\/p>\n","protected":false},"excerpt":{"rendered":"<p>Seguint amb el nostre projecte del poble, els nens i nenes de 3r han estat pensant on podem cercar informaci\u00f3 d&#8217;aquest, per poder-lo con\u00e8ixer millor. Finalment han pensat que hi ha una persona al nostre poble que els pot ajudar molt a con\u00e8ixer com es Lli\u00e7\u00e0, una mica de la seva hist\u00f2ria, qu\u00e8 \u00e9s l&#8217;Ajuntament [&hellip;]<\/p>\n","protected":false},"author":3,"featured_media":0,"comment_status":"open","ping_status":"closed","sticky":false,"template":"","format":"standard","meta":{"_bbp_topic_count":0,"_bbp_reply_count":0,"_bbp_total_topic_count":0,"_bbp_total_reply_count":0,"_bbp_voice_count":0,"_bbp_anonymous_reply_count":0,"_bbp_topic_count_hidden":0,"_bbp_reply_count_hidden":0,"_bbp_forum_subforum_count":0,"site-sidebar-layout":"default","site-content-layout":"","ast-site-content-layout":"","site-content-style":"default","site-sidebar-style":"default","ast-global-header-display":"","ast-banner-title-visibility":"","ast-main-header-display":"","ast-hfb-above-header-display":"","ast-hfb-below-header-display":"","ast-hfb-mobile-header-display":"","site-post-title":"","ast-breadcrumbs-content":"","ast-featured-img":"","footer-sml-layout":"","theme-transparent-header-meta":"","adv-header-id-meta":"","stick-header-meta":"","header-above-stick-meta":"","header-main-stick-meta":"","header-below-stick-meta":"","astra-migrate-meta-layouts":"default","ast-page-background-enabled":"default","ast-page-background-meta":{"desktop":{"background-color":"var(--ast-global-color-4)","background-image":"","background-repeat":"repeat","background-position":"center center","background-size":"auto","background-attachment":"scroll","background-type":"","background-media":"","overlay-type":"","overlay-color":"","overlay-opacity":"","overlay-gradient":""},"tablet":{"background-color":"","background-image":"","background-repeat":"repeat","background-position":"center center","background-size":"auto","background-attachment":"scroll","background-type":"","background-media":"","overlay-type":"","overlay-color":"","overlay-opacity":"","overlay-gradient":""},"mobile":{"background-color":"","background-image":"","background-repeat":"repeat","background-position":"center center","background-size":"auto","background-attachment":"scroll","background-type":"","background-media":"","overlay-type":"","overlay-color":"","overlay-opacity":"","overlay-gradient":""}},"ast-content-background-meta":{"desktop":{"background-color":"var(--ast-global-color-5)","background-image":"","background-repeat":"repeat","background-position":"center center","background-size":"auto","background-attachment":"scroll","background-type":"","background-media":"","overlay-type":"","overlay-color":"","overlay-opacity":"","overlay-gradient":""},"tablet":{"background-color":"var(--ast-global-color-5)","background-image":"","background-repeat":"repeat","background-position":"center center","background-size":"auto","background-attachment":"scroll","background-type":"","background-media":"","overlay-type":"","overlay-color":"","overlay-opacity":"","overlay-gradient":""},"mobile":{"background-color":"var(--ast-global-color-5)","background-image":"","background-repeat":"repeat","background-position":"center center","background-size":"auto","background-attachment":"scroll","background-type":"","background-media":"","overlay-type":"","overlay-color":"","overlay-opacity":"","overlay-gradient":""}},"footnotes":""},"categories":[66,1,4],"tags":[],"class_list":["post-779","post","type-post","status-publish","format-standard","hentry","category-cicle-mitja","category-general","category-portada"],"post_mailing_queue_ids":[],"_links":{"self":[{"href":"https:\/\/agora.xtec.cat\/escolalesllisses\/wp-json\/wp\/v2\/posts\/779","targetHints":{"allow":["GET"]}}],"collection":[{"href":"https:\/\/agora.xtec.cat\/escolalesllisses\/wp-json\/wp\/v2\/posts"}],"about":[{"href":"https:\/\/agora.xtec.cat\/escolalesllisses\/wp-json\/wp\/v2\/types\/post"}],"author":[{"embeddable":true,"href":"https:\/\/agora.xtec.cat\/escolalesllisses\/wp-json\/wp\/v2\/users\/3"}],"replies":[{"embeddable":true,"href":"https:\/\/agora.xtec.cat\/escolalesllisses\/wp-json\/wp\/v2\/comments?post=779"}],"version-history":[{"count":3,"href":"https:\/\/agora.xtec.cat\/escolalesllisses\/wp-json\/wp\/v2\/posts\/779\/revisions"}],"predecessor-version":[{"id":887,"href":"https:\/\/agora.xtec.cat\/escolalesllisses\/wp-json\/wp\/v2\/posts\/779\/revisions\/887"}],"wp:attachment":[{"href":"https:\/\/agora.xtec.cat\/escolalesllisses\/wp-json\/wp\/v2\/media?parent=779"}],"wp:term":[{"taxonomy":"category","embeddable":true,"href":"https:\/\/agora.xtec.cat\/escolalesllisses\/wp-json\/wp\/v2\/categories?post=779"},{"taxonomy":"post_tag","embeddable":true,"href":"https:\/\/agora.xtec.cat\/escolalesllisses\/wp-json\/wp\/v2\/tags?post=779"}],"curies":[{"name":"wp","href":"https:\/\/api.w.org\/{rel}","templated":true}]}}