{"id":5320,"date":"2025-10-29T13:51:03","date_gmt":"2025-10-29T12:51:03","guid":{"rendered":"https:\/\/agora.xtec.cat\/escolalesllisses\/?p=5320"},"modified":"2025-10-29T13:51:05","modified_gmt":"2025-10-29T12:51:05","slug":"25-26-cicle-mitja-anem-al-teatre","status":"publish","type":"post","link":"https:\/\/agora.xtec.cat\/escolalesllisses\/general\/25-26-cicle-mitja-anem-al-teatre\/","title":{"rendered":"25\/26 Cicle mitj\u00e0 anem al teatre"},"content":{"rendered":"\n<p>Aquesta setmana, els nens i nenes de 3r i 4t hem anat a veure l&#8217;espectacle &#8220;L&#8217;home de la camisa feli\u00e7&#8221; al teatre Alian\u00e7a de Lli\u00e7\u00e0 d&#8217;Amunt.<\/p>\n\n\n\n<p>L&#8217;obra consistia de dos personatges que buscaven la persona m\u00e9s feli\u00e7 del m\u00f3n i es preguntaven si seria la persona m\u00e9s feli\u00e7, la m\u00e9s poderosa, la m\u00e9s famosa&#8230; Amb l&#8217;ajuda del p\u00fablic, vam anar descobrint que no era cap d&#8217;elles.<\/p>\n\n\n\n<p>Fins i tot va sortir un alumne de l&#8217;escola a l&#8217;escenari per ajudar als personatges!<\/p>\n\n\n\n<p>Ens va fer molt riure i tamb\u00e9 ens va fer pensar i reflexionar sobre la veritable felicitat.<\/p>\n\n\n\n<figure class=\"wp-block-image size-large\"><a href=\"https:\/\/agora.xtec.cat\/escolalesllisses\/wp-content\/uploads\/usu2000\/2025\/10\/5f31bf6f-3dab-46da-9152-7a48c5daf426.jpg\"><img loading=\"lazy\" decoding=\"async\" width=\"1024\" height=\"768\" src=\"https:\/\/agora.xtec.cat\/escolalesllisses\/wp-content\/uploads\/usu2000\/2025\/10\/5f31bf6f-3dab-46da-9152-7a48c5daf426-1024x768.jpg\" alt=\"\" class=\"wp-image-5328\" srcset=\"https:\/\/agora.xtec.cat\/escolalesllisses\/wp-content\/uploads\/usu2000\/2025\/10\/5f31bf6f-3dab-46da-9152-7a48c5daf426-1024x768.jpg 1024w, https:\/\/agora.xtec.cat\/escolalesllisses\/wp-content\/uploads\/usu2000\/2025\/10\/5f31bf6f-3dab-46da-9152-7a48c5daf426-300x225.jpg 300w, https:\/\/agora.xtec.cat\/escolalesllisses\/wp-content\/uploads\/usu2000\/2025\/10\/5f31bf6f-3dab-46da-9152-7a48c5daf426-768x576.jpg 768w, https:\/\/agora.xtec.cat\/escolalesllisses\/wp-content\/uploads\/usu2000\/2025\/10\/5f31bf6f-3dab-46da-9152-7a48c5daf426-1536x1152.jpg 1536w, https:\/\/agora.xtec.cat\/escolalesllisses\/wp-content\/uploads\/usu2000\/2025\/10\/5f31bf6f-3dab-46da-9152-7a48c5daf426.jpg 1600w\" sizes=\"auto, (max-width: 1024px) 100vw, 1024px\" \/><\/a><\/figure>\n\n\n\n<p><\/p>\n","protected":false},"excerpt":{"rendered":"<p>Aquesta setmana, els nens i nenes de 3r i 4t hem anat a veure l&#8217;espectacle &#8220;L&#8217;home de la camisa feli\u00e7&#8221; al teatre Alian\u00e7a de Lli\u00e7\u00e0 d&#8217;Amunt. L&#8217;obra consistia de dos personatges que buscaven la persona m\u00e9s feli\u00e7 del m\u00f3n i es preguntaven si seria la persona m\u00e9s feli\u00e7, la m\u00e9s poderosa, la m\u00e9s famosa&#8230; Amb [&hellip;]<\/p>\n","protected":false},"author":3,"featured_media":5326,"comment_status":"closed","ping_status":"open","sticky":false,"template":"","format":"standard","meta":{"_bbp_topic_count":0,"_bbp_reply_count":0,"_bbp_total_topic_count":0,"_bbp_total_reply_count":0,"_bbp_voice_count":0,"_bbp_anonymous_reply_count":0,"_bbp_topic_count_hidden":0,"_bbp_reply_count_hidden":0,"_bbp_forum_subforum_count":0,"site-sidebar-layout":"default","site-content-layout":"","ast-site-content-layout":"default","site-content-style":"default","site-sidebar-style":"default","ast-global-header-display":"","ast-banner-title-visibility":"","ast-main-header-display":"","ast-hfb-above-header-display":"","ast-hfb-below-header-display":"","ast-hfb-mobile-header-display":"","site-post-title":"","ast-breadcrumbs-content":"","ast-featured-img":"","footer-sml-layout":"","theme-transparent-header-meta":"","adv-header-id-meta":"","stick-header-meta":"","header-above-stick-meta":"","header-main-stick-meta":"","header-below-stick-meta":"","astra-migrate-meta-layouts":"set","ast-page-background-enabled":"default","ast-page-background-meta":{"desktop":{"background-color":"var(--ast-global-color-4)","background-image":"","background-repeat":"repeat","background-position":"center center","background-size":"auto","background-attachment":"scroll","background-type":"","background-media":"","overlay-type":"","overlay-color":"","overlay-opacity":"","overlay-gradient":""},"tablet":{"background-color":"","background-image":"","background-repeat":"repeat","background-position":"center center","background-size":"auto","background-attachment":"scroll","background-type":"","background-media":"","overlay-type":"","overlay-color":"","overlay-opacity":"","overlay-gradient":""},"mobile":{"background-color":"","background-image":"","background-repeat":"repeat","background-position":"center center","background-size":"auto","background-attachment":"scroll","background-type":"","background-media":"","overlay-type":"","overlay-color":"","overlay-opacity":"","overlay-gradient":""}},"ast-content-background-meta":{"desktop":{"background-color":"var(--ast-global-color-5)","background-image":"","background-repeat":"repeat","background-position":"center center","background-size":"auto","background-attachment":"scroll","background-type":"","background-media":"","overlay-type":"","overlay-color":"","overlay-opacity":"","overlay-gradient":""},"tablet":{"background-color":"var(--ast-global-color-5)","background-image":"","background-repeat":"repeat","background-position":"center center","background-size":"auto","background-attachment":"scroll","background-type":"","background-media":"","overlay-type":"","overlay-color":"","overlay-opacity":"","overlay-gradient":""},"mobile":{"background-color":"var(--ast-global-color-5)","background-image":"","background-repeat":"repeat","background-position":"center center","background-size":"auto","background-attachment":"scroll","background-type":"","background-media":"","overlay-type":"","overlay-color":"","overlay-opacity":"","overlay-gradient":""}},"footnotes":""},"categories":[66,1,4],"tags":[62],"class_list":["post-5320","post","type-post","status-publish","format-standard","has-post-thumbnail","hentry","category-cicle-mitja","category-general","category-portada","tag-cicle-mitja"],"post_mailing_queue_ids":[],"_links":{"self":[{"href":"https:\/\/agora.xtec.cat\/escolalesllisses\/wp-json\/wp\/v2\/posts\/5320","targetHints":{"allow":["GET"]}}],"collection":[{"href":"https:\/\/agora.xtec.cat\/escolalesllisses\/wp-json\/wp\/v2\/posts"}],"about":[{"href":"https:\/\/agora.xtec.cat\/escolalesllisses\/wp-json\/wp\/v2\/types\/post"}],"author":[{"embeddable":true,"href":"https:\/\/agora.xtec.cat\/escolalesllisses\/wp-json\/wp\/v2\/users\/3"}],"replies":[{"embeddable":true,"href":"https:\/\/agora.xtec.cat\/escolalesllisses\/wp-json\/wp\/v2\/comments?post=5320"}],"version-history":[{"count":1,"href":"https:\/\/agora.xtec.cat\/escolalesllisses\/wp-json\/wp\/v2\/posts\/5320\/revisions"}],"predecessor-version":[{"id":5329,"href":"https:\/\/agora.xtec.cat\/escolalesllisses\/wp-json\/wp\/v2\/posts\/5320\/revisions\/5329"}],"wp:featuredmedia":[{"embeddable":true,"href":"https:\/\/agora.xtec.cat\/escolalesllisses\/wp-json\/wp\/v2\/media\/5326"}],"wp:attachment":[{"href":"https:\/\/agora.xtec.cat\/escolalesllisses\/wp-json\/wp\/v2\/media?parent=5320"}],"wp:term":[{"taxonomy":"category","embeddable":true,"href":"https:\/\/agora.xtec.cat\/escolalesllisses\/wp-json\/wp\/v2\/categories?post=5320"},{"taxonomy":"post_tag","embeddable":true,"href":"https:\/\/agora.xtec.cat\/escolalesllisses\/wp-json\/wp\/v2\/tags?post=5320"}],"curies":[{"name":"wp","href":"https:\/\/api.w.org\/{rel}","templated":true}]}}