{"id":5004,"date":"2025-03-28T19:31:40","date_gmt":"2025-03-28T18:31:40","guid":{"rendered":"https:\/\/agora.xtec.cat\/escolalesllisses\/?p=5004"},"modified":"2025-04-07T13:37:44","modified_gmt":"2025-04-07T11:37:44","slug":"cs-5ea-emprenedoria","status":"publish","type":"post","link":"https:\/\/agora.xtec.cat\/escolalesllisses\/general\/cs-5ea-emprenedoria\/","title":{"rendered":"CS 5\u00e8B EMPRENEDORIA: Cooperativa La Paradeta"},"content":{"rendered":"<p>Els nens i nenes de\u00a0<b>5\u00e8B\u00a0<\/b>hem creat una cooperativa que es diu\u00a0<b>LA PARADETA<\/b>. L&#8217;objectiu \u00e9s\u00a0<b>recollir diners\u00a0<\/b>per donar-los a Sant Joan de D\u00e9u i ajudar en la investigaci\u00f3 de malalties de la inf\u00e0ncia.<\/p>\n<div>\n<div>El\u00a0<b>dissabte 31 de maig<\/b>\u00a0posarem una parada al\u00a0<b>mercat\u00a0<\/b>de la Pla\u00e7a de la Vila per vendre uns productes\u00a0<b>artesanals<\/b>, que fabricarem nosaltres.<\/div>\n<div><\/div>\n<div>Necessitem de la vostra ajuda per poder fer un estudi de mercat i acabar de decidir el disseny dels productes que elaborarem.<\/div>\n<\/div>\n<div><\/div>\n<div>Us agra\u00efm que <b><u>contesteu a les seg\u00fcents preguntes que trobareu a l&#8217;enlla\u00e7:\u00a0<\/u><\/b><\/div>\n<div><\/div>\n<div><\/div>\n<div><\/div>\n<div>\n<div><\/div>\n<\/div>\n<div style=\"text-align: center;\"><a href=\"https:\/\/docs.google.com\/forms\/d\/e\/1FAIpQLScNFysxUHzF0W3PcsCGIFUz8tVRdRGyd6ry-k0gsK4YOT6Qww\/viewform\" target=\"_blank\" rel=\"noopener\">https:\/\/docs.google.com\/forms\/d\/e\/1FAIpQLScNFysxUHzF0W3PcsCGIFUz8tVRdRGyd6ry-k0gsK4YOT6Qww\/viewform<\/a><\/div>\n<div><\/div>\n<div><\/div>\n<div><\/div>\n<div><\/div>\n<div><\/div>\n<div>Gr\u00e0cies per la vostra col\u00b7laboraci\u00f3.<\/div>\n<div>\n<div><\/div>\n<\/div>\n<div id=\"3E53FA2C_2733_E72F_D92E_BA2716F0EB47\"><\/div>\n<div id=\"3E53FA2C_2733_E72F_D92E_BA2716F0EB47\"><\/div>\n<div id=\"3E53FA2C_2733_E72F_D92E_BA2716F0EB47\"><\/div>\n<div id=\"3E53FA2C_2733_E72F_D92E_BA2716F0EB47\"><\/div>\n<div id=\"3E53FA2C_2733_E72F_D92E_BA2716F0EB47\"><\/div>\n<div id=\"3E53FA2C_2733_E72F_D92E_BA2716F0EB47\"><\/div>\n<div id=\"3E53FA2C_2733_E72F_D92E_BA2716F0EB47\"><\/div>\n","protected":false},"excerpt":{"rendered":"<p>Els nens i nenes de\u00a05\u00e8B\u00a0hem creat una cooperativa que es diu\u00a0LA PARADETA. L&#8217;objectiu \u00e9s\u00a0recollir diners\u00a0per donar-los a Sant Joan de D\u00e9u i ajudar en la investigaci\u00f3 de malalties de la inf\u00e0ncia. El\u00a0dissabte 31 de maig\u00a0posarem una parada al\u00a0mercat\u00a0de la Pla\u00e7a de la Vila per vendre uns productes\u00a0artesanals, que fabricarem nosaltres. Necessitem de la vostra ajuda [&hellip;]<\/p>\n","protected":false},"author":3,"featured_media":0,"comment_status":"closed","ping_status":"closed","sticky":false,"template":"","format":"standard","meta":{"_bbp_topic_count":0,"_bbp_reply_count":0,"_bbp_total_topic_count":0,"_bbp_total_reply_count":0,"_bbp_voice_count":0,"_bbp_anonymous_reply_count":0,"_bbp_topic_count_hidden":0,"_bbp_reply_count_hidden":0,"_bbp_forum_subforum_count":0,"site-sidebar-layout":"default","site-content-layout":"","ast-site-content-layout":"","site-content-style":"default","site-sidebar-style":"default","ast-global-header-display":"","ast-banner-title-visibility":"","ast-main-header-display":"","ast-hfb-above-header-display":"","ast-hfb-below-header-display":"","ast-hfb-mobile-header-display":"","site-post-title":"","ast-breadcrumbs-content":"","ast-featured-img":"","footer-sml-layout":"","theme-transparent-header-meta":"","adv-header-id-meta":"","stick-header-meta":"","header-above-stick-meta":"","header-main-stick-meta":"","header-below-stick-meta":"","astra-migrate-meta-layouts":"default","ast-page-background-enabled":"default","ast-page-background-meta":{"desktop":{"background-color":"var(--ast-global-color-4)","background-image":"","background-repeat":"repeat","background-position":"center center","background-size":"auto","background-attachment":"scroll","background-type":"","background-media":"","overlay-type":"","overlay-color":"","overlay-opacity":"","overlay-gradient":""},"tablet":{"background-color":"","background-image":"","background-repeat":"repeat","background-position":"center center","background-size":"auto","background-attachment":"scroll","background-type":"","background-media":"","overlay-type":"","overlay-color":"","overlay-opacity":"","overlay-gradient":""},"mobile":{"background-color":"","background-image":"","background-repeat":"repeat","background-position":"center center","background-size":"auto","background-attachment":"scroll","background-type":"","background-media":"","overlay-type":"","overlay-color":"","overlay-opacity":"","overlay-gradient":""}},"ast-content-background-meta":{"desktop":{"background-color":"var(--ast-global-color-5)","background-image":"","background-repeat":"repeat","background-position":"center center","background-size":"auto","background-attachment":"scroll","background-type":"","background-media":"","overlay-type":"","overlay-color":"","overlay-opacity":"","overlay-gradient":""},"tablet":{"background-color":"var(--ast-global-color-5)","background-image":"","background-repeat":"repeat","background-position":"center center","background-size":"auto","background-attachment":"scroll","background-type":"","background-media":"","overlay-type":"","overlay-color":"","overlay-opacity":"","overlay-gradient":""},"mobile":{"background-color":"var(--ast-global-color-5)","background-image":"","background-repeat":"repeat","background-position":"center center","background-size":"auto","background-attachment":"scroll","background-type":"","background-media":"","overlay-type":"","overlay-color":"","overlay-opacity":"","overlay-gradient":""}},"footnotes":""},"categories":[67,1,4],"tags":[],"class_list":["post-5004","post","type-post","status-publish","format-standard","hentry","category-cicle-superior","category-general","category-portada"],"post_mailing_queue_ids":[],"_links":{"self":[{"href":"https:\/\/agora.xtec.cat\/escolalesllisses\/wp-json\/wp\/v2\/posts\/5004","targetHints":{"allow":["GET"]}}],"collection":[{"href":"https:\/\/agora.xtec.cat\/escolalesllisses\/wp-json\/wp\/v2\/posts"}],"about":[{"href":"https:\/\/agora.xtec.cat\/escolalesllisses\/wp-json\/wp\/v2\/types\/post"}],"author":[{"embeddable":true,"href":"https:\/\/agora.xtec.cat\/escolalesllisses\/wp-json\/wp\/v2\/users\/3"}],"replies":[{"embeddable":true,"href":"https:\/\/agora.xtec.cat\/escolalesllisses\/wp-json\/wp\/v2\/comments?post=5004"}],"version-history":[{"count":6,"href":"https:\/\/agora.xtec.cat\/escolalesllisses\/wp-json\/wp\/v2\/posts\/5004\/revisions"}],"predecessor-version":[{"id":5021,"href":"https:\/\/agora.xtec.cat\/escolalesllisses\/wp-json\/wp\/v2\/posts\/5004\/revisions\/5021"}],"wp:attachment":[{"href":"https:\/\/agora.xtec.cat\/escolalesllisses\/wp-json\/wp\/v2\/media?parent=5004"}],"wp:term":[{"taxonomy":"category","embeddable":true,"href":"https:\/\/agora.xtec.cat\/escolalesllisses\/wp-json\/wp\/v2\/categories?post=5004"},{"taxonomy":"post_tag","embeddable":true,"href":"https:\/\/agora.xtec.cat\/escolalesllisses\/wp-json\/wp\/v2\/tags?post=5004"}],"curies":[{"name":"wp","href":"https:\/\/api.w.org\/{rel}","templated":true}]}}