{"id":4684,"date":"2024-10-23T13:35:23","date_gmt":"2024-10-23T11:35:23","guid":{"rendered":"https:\/\/agora.xtec.cat\/escolalesllisses\/?p=4684"},"modified":"2024-10-23T13:39:15","modified_gmt":"2024-10-23T11:39:15","slug":"24-25-festa-de-la-castanyada","status":"publish","type":"post","link":"https:\/\/agora.xtec.cat\/escolalesllisses\/general\/24-25-festa-de-la-castanyada\/","title":{"rendered":"24\/25 Festa de la Castanyada"},"content":{"rendered":"<p dir=\"ltr\"><a href=\"https:\/\/agora.xtec.cat\/escolalesllisses\/wp-content\/uploads\/usu2000\/2024\/10\/castanyera.jpg\"><img loading=\"lazy\" decoding=\"async\" class=\"aligncenter size-full wp-image-4685\" src=\"https:\/\/agora.xtec.cat\/escolalesllisses\/wp-content\/uploads\/usu2000\/2024\/10\/castanyera.jpg\" alt=\"\" width=\"194\" height=\"260\" \/><\/a><\/p>\n<p dir=\"ltr\">Benvolgudes fam\u00edlies,<\/p>\n<p dir=\"ltr\">El pr\u00f2xim dijous 31 d&#8217;octubre l&#8217;escola celebrar\u00e0<b> la Festa de la Castanyada<\/b>.<\/p>\n<p dir=\"ltr\">Per aquest motiu, us demanem que el dijous 31 d\u2019octubre, l&#8217;alumnat de l&#8217;escola porti per esmorzar menjar t\u00edpic de la tardor (per exemple: panellets, magrana, codonyat, fruits secs, figues, caquis, peres, ra\u00efm, past\u00eds de carabassa\u2026).<\/p>\n<p dir=\"ltr\">Durant el mat\u00ed els alumnes realitzaran tallers relacionats amb la tardor i la castanyada.<\/p>\n<p dir=\"ltr\">A la tarda, menjarem castanyes i realitzarem les danses, tots junts, al pati de l&#8217;escola. Esteu convidats!<\/p>\n<p dir=\"ltr\">Les danses que interpretaran els vostres fills i filles seran:<\/p>\n<p dir=\"ltr\">I3: LES CASTANYES PETEN<\/p>\n<p dir=\"ltr\">I4: EL BALLET DEL ROTLLET\u00d3<\/p>\n<p dir=\"ltr\">I5:\u00a0 LA CASTANYA<\/p>\n<p dir=\"ltr\">1r: EL CAL\u00c7\u00d3<\/p>\n<p dir=\"ltr\">2n: DANSA CASCAVELLS DE CARDONA<\/p>\n<p dir=\"ltr\">3r: EL PATATUF<\/p>\n<p dir=\"ltr\">4t: DANSA LES MENTIDES<\/p>\n<p dir=\"ltr\">5\u00e8: LA POLCA D\u2019OURS<\/p>\n<p dir=\"ltr\">6\u00e8: EL VIROLET (Ball de bastons)<\/p>\n<p dir=\"ltr\">Per a la realitzaci\u00f3 de les danses aquell dia els vostres fills i filles hauran de portar:<\/p>\n<p dir=\"ltr\">&#8211; Pantalons texans de color negre o blau.<\/p>\n<p dir=\"ltr\">&#8211; Camisa o samarreta blanca llisa.<\/p>\n<p dir=\"ltr\">&#8211; Un mocador o tela vermella per poder lligar a la cintura.<\/p>\n<p dir=\"ltr\">&#8211; Mocador al cap (opcional).<\/p>\n<p dir=\"ltr\">&#8211; En cas de voler portar faldilla ha de ser llarga.<\/p>\n<p dir=\"ltr\">Us farem arribar el v\u00eddeo de la dansa a trav\u00e9s del correu de la promoci\u00f3 uns dies despr\u00e9s.<\/p>\n<p dir=\"ltr\">Us desitgem una bona castanyada a tots i totes.<\/p>\n","protected":false},"excerpt":{"rendered":"<p>Benvolgudes fam\u00edlies, El pr\u00f2xim dijous 31 d&#8217;octubre l&#8217;escola celebrar\u00e0 la Festa de la Castanyada. Per aquest motiu, us demanem que el dijous 31 d\u2019octubre, l&#8217;alumnat de l&#8217;escola porti per esmorzar menjar t\u00edpic de la tardor (per exemple: panellets, magrana, codonyat, fruits secs, figues, caquis, peres, ra\u00efm, past\u00eds de carabassa\u2026). Durant el mat\u00ed els alumnes realitzaran [&hellip;]<\/p>\n","protected":false},"author":3,"featured_media":4685,"comment_status":"closed","ping_status":"closed","sticky":false,"template":"","format":"standard","meta":{"_bbp_topic_count":0,"_bbp_reply_count":0,"_bbp_total_topic_count":0,"_bbp_total_reply_count":0,"_bbp_voice_count":0,"_bbp_anonymous_reply_count":0,"_bbp_topic_count_hidden":0,"_bbp_reply_count_hidden":0,"_bbp_forum_subforum_count":0,"site-sidebar-layout":"default","site-content-layout":"","ast-site-content-layout":"","site-content-style":"default","site-sidebar-style":"default","ast-global-header-display":"","ast-banner-title-visibility":"","ast-main-header-display":"","ast-hfb-above-header-display":"","ast-hfb-below-header-display":"","ast-hfb-mobile-header-display":"","site-post-title":"","ast-breadcrumbs-content":"","ast-featured-img":"","footer-sml-layout":"","theme-transparent-header-meta":"","adv-header-id-meta":"","stick-header-meta":"","header-above-stick-meta":"","header-main-stick-meta":"","header-below-stick-meta":"","astra-migrate-meta-layouts":"default","ast-page-background-enabled":"default","ast-page-background-meta":{"desktop":{"background-color":"var(--ast-global-color-4)","background-image":"","background-repeat":"repeat","background-position":"center center","background-size":"auto","background-attachment":"scroll","background-type":"","background-media":"","overlay-type":"","overlay-color":"","overlay-opacity":"","overlay-gradient":""},"tablet":{"background-color":"","background-image":"","background-repeat":"repeat","background-position":"center center","background-size":"auto","background-attachment":"scroll","background-type":"","background-media":"","overlay-type":"","overlay-color":"","overlay-opacity":"","overlay-gradient":""},"mobile":{"background-color":"","background-image":"","background-repeat":"repeat","background-position":"center center","background-size":"auto","background-attachment":"scroll","background-type":"","background-media":"","overlay-type":"","overlay-color":"","overlay-opacity":"","overlay-gradient":""}},"ast-content-background-meta":{"desktop":{"background-color":"var(--ast-global-color-5)","background-image":"","background-repeat":"repeat","background-position":"center center","background-size":"auto","background-attachment":"scroll","background-type":"","background-media":"","overlay-type":"","overlay-color":"","overlay-opacity":"","overlay-gradient":""},"tablet":{"background-color":"var(--ast-global-color-5)","background-image":"","background-repeat":"repeat","background-position":"center center","background-size":"auto","background-attachment":"scroll","background-type":"","background-media":"","overlay-type":"","overlay-color":"","overlay-opacity":"","overlay-gradient":""},"mobile":{"background-color":"var(--ast-global-color-5)","background-image":"","background-repeat":"repeat","background-position":"center center","background-size":"auto","background-attachment":"scroll","background-type":"","background-media":"","overlay-type":"","overlay-color":"","overlay-opacity":"","overlay-gradient":""}},"footnotes":""},"categories":[69,1,4],"tags":[],"class_list":["post-4684","post","type-post","status-publish","format-standard","has-post-thumbnail","hentry","category-atencio-a-les-families","category-general","category-portada"],"post_mailing_queue_ids":[],"_links":{"self":[{"href":"https:\/\/agora.xtec.cat\/escolalesllisses\/wp-json\/wp\/v2\/posts\/4684","targetHints":{"allow":["GET"]}}],"collection":[{"href":"https:\/\/agora.xtec.cat\/escolalesllisses\/wp-json\/wp\/v2\/posts"}],"about":[{"href":"https:\/\/agora.xtec.cat\/escolalesllisses\/wp-json\/wp\/v2\/types\/post"}],"author":[{"embeddable":true,"href":"https:\/\/agora.xtec.cat\/escolalesllisses\/wp-json\/wp\/v2\/users\/3"}],"replies":[{"embeddable":true,"href":"https:\/\/agora.xtec.cat\/escolalesllisses\/wp-json\/wp\/v2\/comments?post=4684"}],"version-history":[{"count":2,"href":"https:\/\/agora.xtec.cat\/escolalesllisses\/wp-json\/wp\/v2\/posts\/4684\/revisions"}],"predecessor-version":[{"id":4688,"href":"https:\/\/agora.xtec.cat\/escolalesllisses\/wp-json\/wp\/v2\/posts\/4684\/revisions\/4688"}],"wp:featuredmedia":[{"embeddable":true,"href":"https:\/\/agora.xtec.cat\/escolalesllisses\/wp-json\/wp\/v2\/media\/4685"}],"wp:attachment":[{"href":"https:\/\/agora.xtec.cat\/escolalesllisses\/wp-json\/wp\/v2\/media?parent=4684"}],"wp:term":[{"taxonomy":"category","embeddable":true,"href":"https:\/\/agora.xtec.cat\/escolalesllisses\/wp-json\/wp\/v2\/categories?post=4684"},{"taxonomy":"post_tag","embeddable":true,"href":"https:\/\/agora.xtec.cat\/escolalesllisses\/wp-json\/wp\/v2\/tags?post=4684"}],"curies":[{"name":"wp","href":"https:\/\/api.w.org\/{rel}","templated":true}]}}