{"id":4527,"date":"2024-04-01T13:43:48","date_gmt":"2024-04-01T11:43:48","guid":{"rendered":"https:\/\/agora.xtec.cat\/escolalesllisses\/?p=4527"},"modified":"2024-04-30T13:44:05","modified_gmt":"2024-04-30T11:44:05","slug":"23-24-3r-visitem-el-banc-daliments","status":"publish","type":"post","link":"https:\/\/agora.xtec.cat\/escolalesllisses\/general\/23-24-3r-visitem-el-banc-daliments\/","title":{"rendered":"23\/24 3r &#8211; Visitem el Banc d&#8217;aliments"},"content":{"rendered":"<p>Com ja us vam explicar, els alumnes de 3r hem treballat el projecte &#8220;Com hem crescut!&#8221; i vam organitzar un recapte d&#8217;aliments, per lluitar contra la fam al m\u00f3n&#8230; I aqu\u00ed est\u00e0 el resultat!!<\/p>\n<p>Volem donar les gr\u00e0cies a totes les fam\u00edlies que ens heu ajudat a fer possible aquest super recapte!!!<\/p>\n<p>Avui hem anat al banc d&#8217;aliments de Lli\u00e7\u00e0 de Vall, per entregar tot el que hem recollit. Esperem que el nostre granet de sorra pugui ajudar a moltes fam\u00edlies!!<\/p>\n<p>Molt\u00edssimes gr\u00e0cies!!!!<\/p>\n<p><img loading=\"lazy\" decoding=\"async\" class=\"wp-image-4528 aligncenter\" src=\"https:\/\/agora.xtec.cat\/escolalesllisses\/wp-content\/uploads\/usu2000\/2024\/04\/recapte-1024x1024.jpeg\" alt=\"\" width=\"415\" height=\"415\" srcset=\"https:\/\/agora.xtec.cat\/escolalesllisses\/wp-content\/uploads\/usu2000\/2024\/04\/recapte-1024x1024.jpeg 1024w, https:\/\/agora.xtec.cat\/escolalesllisses\/wp-content\/uploads\/usu2000\/2024\/04\/recapte-300x300.jpeg 300w, https:\/\/agora.xtec.cat\/escolalesllisses\/wp-content\/uploads\/usu2000\/2024\/04\/recapte-150x150.jpeg 150w, https:\/\/agora.xtec.cat\/escolalesllisses\/wp-content\/uploads\/usu2000\/2024\/04\/recapte-768x768.jpeg 768w, https:\/\/agora.xtec.cat\/escolalesllisses\/wp-content\/uploads\/usu2000\/2024\/04\/recapte-1536x1536.jpeg 1536w, https:\/\/agora.xtec.cat\/escolalesllisses\/wp-content\/uploads\/usu2000\/2024\/04\/recapte.jpeg 1600w\" sizes=\"auto, (max-width: 415px) 100vw, 415px\" \/><\/p>\n","protected":false},"excerpt":{"rendered":"<p>Com ja us vam explicar, els alumnes de 3r hem treballat el projecte &#8220;Com hem crescut!&#8221; i vam organitzar un recapte d&#8217;aliments, per lluitar contra la fam al m\u00f3n&#8230; I aqu\u00ed est\u00e0 el resultat!! Volem donar les gr\u00e0cies a totes les fam\u00edlies que ens heu ajudat a fer possible aquest super recapte!!! Avui hem anat [&hellip;]<\/p>\n","protected":false},"author":1,"featured_media":0,"comment_status":"closed","ping_status":"closed","sticky":false,"template":"","format":"standard","meta":{"_bbp_topic_count":0,"_bbp_reply_count":0,"_bbp_total_topic_count":0,"_bbp_total_reply_count":0,"_bbp_voice_count":0,"_bbp_anonymous_reply_count":0,"_bbp_topic_count_hidden":0,"_bbp_reply_count_hidden":0,"_bbp_forum_subforum_count":0,"site-sidebar-layout":"default","site-content-layout":"","ast-site-content-layout":"","site-content-style":"default","site-sidebar-style":"default","ast-global-header-display":"","ast-banner-title-visibility":"","ast-main-header-display":"","ast-hfb-above-header-display":"","ast-hfb-below-header-display":"","ast-hfb-mobile-header-display":"","site-post-title":"","ast-breadcrumbs-content":"","ast-featured-img":"","footer-sml-layout":"","theme-transparent-header-meta":"","adv-header-id-meta":"","stick-header-meta":"","header-above-stick-meta":"","header-main-stick-meta":"","header-below-stick-meta":"","astra-migrate-meta-layouts":"default","ast-page-background-enabled":"default","ast-page-background-meta":{"desktop":{"background-color":"var(--ast-global-color-4)","background-image":"","background-repeat":"repeat","background-position":"center center","background-size":"auto","background-attachment":"scroll","background-type":"","background-media":"","overlay-type":"","overlay-color":"","overlay-opacity":"","overlay-gradient":""},"tablet":{"background-color":"","background-image":"","background-repeat":"repeat","background-position":"center center","background-size":"auto","background-attachment":"scroll","background-type":"","background-media":"","overlay-type":"","overlay-color":"","overlay-opacity":"","overlay-gradient":""},"mobile":{"background-color":"","background-image":"","background-repeat":"repeat","background-position":"center center","background-size":"auto","background-attachment":"scroll","background-type":"","background-media":"","overlay-type":"","overlay-color":"","overlay-opacity":"","overlay-gradient":""}},"ast-content-background-meta":{"desktop":{"background-color":"var(--ast-global-color-5)","background-image":"","background-repeat":"repeat","background-position":"center center","background-size":"auto","background-attachment":"scroll","background-type":"","background-media":"","overlay-type":"","overlay-color":"","overlay-opacity":"","overlay-gradient":""},"tablet":{"background-color":"var(--ast-global-color-5)","background-image":"","background-repeat":"repeat","background-position":"center center","background-size":"auto","background-attachment":"scroll","background-type":"","background-media":"","overlay-type":"","overlay-color":"","overlay-opacity":"","overlay-gradient":""},"mobile":{"background-color":"var(--ast-global-color-5)","background-image":"","background-repeat":"repeat","background-position":"center center","background-size":"auto","background-attachment":"scroll","background-type":"","background-media":"","overlay-type":"","overlay-color":"","overlay-opacity":"","overlay-gradient":""}},"footnotes":""},"categories":[69,66,70,1,4],"tags":[],"class_list":["post-4527","post","type-post","status-publish","format-standard","hentry","category-atencio-a-les-families","category-cicle-mitja","category-cicles","category-general","category-portada"],"post_mailing_queue_ids":[],"_links":{"self":[{"href":"https:\/\/agora.xtec.cat\/escolalesllisses\/wp-json\/wp\/v2\/posts\/4527","targetHints":{"allow":["GET"]}}],"collection":[{"href":"https:\/\/agora.xtec.cat\/escolalesllisses\/wp-json\/wp\/v2\/posts"}],"about":[{"href":"https:\/\/agora.xtec.cat\/escolalesllisses\/wp-json\/wp\/v2\/types\/post"}],"author":[{"embeddable":true,"href":"https:\/\/agora.xtec.cat\/escolalesllisses\/wp-json\/wp\/v2\/users\/1"}],"replies":[{"embeddable":true,"href":"https:\/\/agora.xtec.cat\/escolalesllisses\/wp-json\/wp\/v2\/comments?post=4527"}],"version-history":[{"count":1,"href":"https:\/\/agora.xtec.cat\/escolalesllisses\/wp-json\/wp\/v2\/posts\/4527\/revisions"}],"predecessor-version":[{"id":4529,"href":"https:\/\/agora.xtec.cat\/escolalesllisses\/wp-json\/wp\/v2\/posts\/4527\/revisions\/4529"}],"wp:attachment":[{"href":"https:\/\/agora.xtec.cat\/escolalesllisses\/wp-json\/wp\/v2\/media?parent=4527"}],"wp:term":[{"taxonomy":"category","embeddable":true,"href":"https:\/\/agora.xtec.cat\/escolalesllisses\/wp-json\/wp\/v2\/categories?post=4527"},{"taxonomy":"post_tag","embeddable":true,"href":"https:\/\/agora.xtec.cat\/escolalesllisses\/wp-json\/wp\/v2\/tags?post=4527"}],"curies":[{"name":"wp","href":"https:\/\/api.w.org\/{rel}","templated":true}]}}