{"id":4236,"date":"2023-11-13T13:08:17","date_gmt":"2023-11-13T12:08:17","guid":{"rendered":"https:\/\/agora.xtec.cat\/escolalesllisses\/?p=4236"},"modified":"2024-02-14T13:27:35","modified_gmt":"2024-02-14T12:27:35","slug":"els-de-sise-compartim-temps-amb-can-vila-un-cros-que-no-oblidarem","status":"publish","type":"post","link":"https:\/\/agora.xtec.cat\/escolalesllisses\/general\/els-de-sise-compartim-temps-amb-can-vila-un-cros-que-no-oblidarem\/","title":{"rendered":"23\/24 6\u00e8 Els de sis\u00e8 compartim temps amb Can Vila, un cros que no oblidarem"},"content":{"rendered":"<p>El passat dijous 9 de nombre, tot i el pron\u00f2stic de mal temps, vam visitar l&#8217;Escola d&#8217;Educaci\u00f3 Especial Can Vila situada a Mollet.<\/p>\n<p>Vam comen\u00e7ar amb una volta de reconeixement pel centre acompanyats\/es d&#8217;uns educadors que ens van ensenyar els espais m\u00e9s importants i les funcions que s&#8217;hi realitzen.<\/p>\n<p>Despr\u00e9s d&#8217;agafar forces amb l&#8217;esmorzar, vam comen\u00e7ar el cros. Volem felicitar al Yousef, a l&#8217;Hugo i al Pol que van ser els tres primers classificats de l&#8217;escola. D&#8217;altra banda, tamb\u00e9 volem compartir que va haver-hi molts alumnes que van ajudar i animar als nens i nenes de Can Vila durant tot el recorregut sense importar la posici\u00f3 que obtenien en la cursa.<\/p>\n<p><a href=\"https:\/\/agora.xtec.cat\/escolalesllisses\/wp-content\/uploads\/usu2000\/2023\/11\/IMG_20231113_125047-scaled.jpg\"><img loading=\"lazy\" decoding=\"async\" class=\"aligncenter size-full wp-image-4239\" src=\"https:\/\/agora.xtec.cat\/escolalesllisses\/wp-content\/uploads\/usu2000\/2023\/11\/IMG_20231113_125047-scaled.jpg\" alt=\"\" width=\"2560\" height=\"1920\" srcset=\"https:\/\/agora.xtec.cat\/escolalesllisses\/wp-content\/uploads\/usu2000\/2023\/11\/IMG_20231113_125047-scaled.jpg 2560w, https:\/\/agora.xtec.cat\/escolalesllisses\/wp-content\/uploads\/usu2000\/2023\/11\/IMG_20231113_125047-300x225.jpg 300w, https:\/\/agora.xtec.cat\/escolalesllisses\/wp-content\/uploads\/usu2000\/2023\/11\/IMG_20231113_125047-1024x768.jpg 1024w, https:\/\/agora.xtec.cat\/escolalesllisses\/wp-content\/uploads\/usu2000\/2023\/11\/IMG_20231113_125047-768x576.jpg 768w, https:\/\/agora.xtec.cat\/escolalesllisses\/wp-content\/uploads\/usu2000\/2023\/11\/IMG_20231113_125047-1536x1152.jpg 1536w, https:\/\/agora.xtec.cat\/escolalesllisses\/wp-content\/uploads\/usu2000\/2023\/11\/IMG_20231113_125047-2048x1536.jpg 2048w, https:\/\/agora.xtec.cat\/escolalesllisses\/wp-content\/uploads\/usu2000\/2023\/11\/IMG_20231113_125047-200x150.jpg 200w\" sizes=\"auto, (max-width: 2560px) 100vw, 2560px\" \/><\/a><\/p>\n<p>Un cop acabat el cros, vam jugar i ballar tots plegats. Per acabar, vam dinar i vam seguir compartint estones de joc fins a l&#8217;hora de marxar.<\/p>\n<p>Podem dir que ha estat una sortida que no oblidaran mai que els ha ajudat a empatitzar i col\u00b7laborar per un m\u00f3n m\u00e9s divers i enriquidor.<\/p>\n<p><a href=\"https:\/\/agora.xtec.cat\/escolalesllisses\/wp-content\/uploads\/usu2000\/2023\/11\/IMG_20231109_121326-scaled.jpg\"><img loading=\"lazy\" decoding=\"async\" class=\"aligncenter size-full wp-image-4238\" src=\"https:\/\/agora.xtec.cat\/escolalesllisses\/wp-content\/uploads\/usu2000\/2023\/11\/IMG_20231109_121326-scaled.jpg\" alt=\"\" width=\"2560\" height=\"1920\" srcset=\"https:\/\/agora.xtec.cat\/escolalesllisses\/wp-content\/uploads\/usu2000\/2023\/11\/IMG_20231109_121326-scaled.jpg 2560w, https:\/\/agora.xtec.cat\/escolalesllisses\/wp-content\/uploads\/usu2000\/2023\/11\/IMG_20231109_121326-300x225.jpg 300w, https:\/\/agora.xtec.cat\/escolalesllisses\/wp-content\/uploads\/usu2000\/2023\/11\/IMG_20231109_121326-1024x768.jpg 1024w, https:\/\/agora.xtec.cat\/escolalesllisses\/wp-content\/uploads\/usu2000\/2023\/11\/IMG_20231109_121326-768x576.jpg 768w, https:\/\/agora.xtec.cat\/escolalesllisses\/wp-content\/uploads\/usu2000\/2023\/11\/IMG_20231109_121326-1536x1152.jpg 1536w, https:\/\/agora.xtec.cat\/escolalesllisses\/wp-content\/uploads\/usu2000\/2023\/11\/IMG_20231109_121326-2048x1536.jpg 2048w, https:\/\/agora.xtec.cat\/escolalesllisses\/wp-content\/uploads\/usu2000\/2023\/11\/IMG_20231109_121326-200x150.jpg 200w\" sizes=\"auto, (max-width: 2560px) 100vw, 2560px\" \/><\/a><\/p>\n","protected":false},"excerpt":{"rendered":"<p>El passat dijous 9 de nombre, tot i el pron\u00f2stic de mal temps, vam visitar l&#8217;Escola d&#8217;Educaci\u00f3 Especial Can Vila situada a Mollet. Vam comen\u00e7ar amb una volta de reconeixement pel centre acompanyats\/es d&#8217;uns educadors que ens van ensenyar els espais m\u00e9s importants i les funcions que s&#8217;hi realitzen. Despr\u00e9s d&#8217;agafar forces amb l&#8217;esmorzar, vam [&hellip;]<\/p>\n","protected":false},"author":3,"featured_media":0,"comment_status":"closed","ping_status":"closed","sticky":false,"template":"","format":"standard","meta":{"_bbp_topic_count":0,"_bbp_reply_count":0,"_bbp_total_topic_count":0,"_bbp_total_reply_count":0,"_bbp_voice_count":0,"_bbp_anonymous_reply_count":0,"_bbp_topic_count_hidden":0,"_bbp_reply_count_hidden":0,"_bbp_forum_subforum_count":0,"site-sidebar-layout":"default","site-content-layout":"","ast-site-content-layout":"","site-content-style":"default","site-sidebar-style":"default","ast-global-header-display":"","ast-banner-title-visibility":"","ast-main-header-display":"","ast-hfb-above-header-display":"","ast-hfb-below-header-display":"","ast-hfb-mobile-header-display":"","site-post-title":"","ast-breadcrumbs-content":"","ast-featured-img":"","footer-sml-layout":"","theme-transparent-header-meta":"","adv-header-id-meta":"","stick-header-meta":"","header-above-stick-meta":"","header-main-stick-meta":"","header-below-stick-meta":"","astra-migrate-meta-layouts":"default","ast-page-background-enabled":"default","ast-page-background-meta":{"desktop":{"background-color":"var(--ast-global-color-4)","background-image":"","background-repeat":"repeat","background-position":"center center","background-size":"auto","background-attachment":"scroll","background-type":"","background-media":"","overlay-type":"","overlay-color":"","overlay-opacity":"","overlay-gradient":""},"tablet":{"background-color":"","background-image":"","background-repeat":"repeat","background-position":"center center","background-size":"auto","background-attachment":"scroll","background-type":"","background-media":"","overlay-type":"","overlay-color":"","overlay-opacity":"","overlay-gradient":""},"mobile":{"background-color":"","background-image":"","background-repeat":"repeat","background-position":"center center","background-size":"auto","background-attachment":"scroll","background-type":"","background-media":"","overlay-type":"","overlay-color":"","overlay-opacity":"","overlay-gradient":""}},"ast-content-background-meta":{"desktop":{"background-color":"var(--ast-global-color-5)","background-image":"","background-repeat":"repeat","background-position":"center center","background-size":"auto","background-attachment":"scroll","background-type":"","background-media":"","overlay-type":"","overlay-color":"","overlay-opacity":"","overlay-gradient":""},"tablet":{"background-color":"var(--ast-global-color-5)","background-image":"","background-repeat":"repeat","background-position":"center center","background-size":"auto","background-attachment":"scroll","background-type":"","background-media":"","overlay-type":"","overlay-color":"","overlay-opacity":"","overlay-gradient":""},"mobile":{"background-color":"var(--ast-global-color-5)","background-image":"","background-repeat":"repeat","background-position":"center center","background-size":"auto","background-attachment":"scroll","background-type":"","background-media":"","overlay-type":"","overlay-color":"","overlay-opacity":"","overlay-gradient":""}},"footnotes":""},"categories":[1],"tags":[],"class_list":["post-4236","post","type-post","status-publish","format-standard","hentry","category-general"],"post_mailing_queue_ids":[],"_links":{"self":[{"href":"https:\/\/agora.xtec.cat\/escolalesllisses\/wp-json\/wp\/v2\/posts\/4236","targetHints":{"allow":["GET"]}}],"collection":[{"href":"https:\/\/agora.xtec.cat\/escolalesllisses\/wp-json\/wp\/v2\/posts"}],"about":[{"href":"https:\/\/agora.xtec.cat\/escolalesllisses\/wp-json\/wp\/v2\/types\/post"}],"author":[{"embeddable":true,"href":"https:\/\/agora.xtec.cat\/escolalesllisses\/wp-json\/wp\/v2\/users\/3"}],"replies":[{"embeddable":true,"href":"https:\/\/agora.xtec.cat\/escolalesllisses\/wp-json\/wp\/v2\/comments?post=4236"}],"version-history":[{"count":2,"href":"https:\/\/agora.xtec.cat\/escolalesllisses\/wp-json\/wp\/v2\/posts\/4236\/revisions"}],"predecessor-version":[{"id":4332,"href":"https:\/\/agora.xtec.cat\/escolalesllisses\/wp-json\/wp\/v2\/posts\/4236\/revisions\/4332"}],"wp:attachment":[{"href":"https:\/\/agora.xtec.cat\/escolalesllisses\/wp-json\/wp\/v2\/media?parent=4236"}],"wp:term":[{"taxonomy":"category","embeddable":true,"href":"https:\/\/agora.xtec.cat\/escolalesllisses\/wp-json\/wp\/v2\/categories?post=4236"},{"taxonomy":"post_tag","embeddable":true,"href":"https:\/\/agora.xtec.cat\/escolalesllisses\/wp-json\/wp\/v2\/tags?post=4236"}],"curies":[{"name":"wp","href":"https:\/\/api.w.org\/{rel}","templated":true}]}}