{"id":4044,"date":"2023-06-18T22:46:00","date_gmt":"2023-06-18T20:46:00","guid":{"rendered":"https:\/\/agora.xtec.cat\/escolalesllisses\/?p=4044"},"modified":"2023-06-18T22:46:00","modified_gmt":"2023-06-18T20:46:00","slug":"2022-23-4t-som-periodistes","status":"publish","type":"post","link":"https:\/\/agora.xtec.cat\/escolalesllisses\/general\/2022-23-4t-som-periodistes\/","title":{"rendered":"2022-23 4t Som periodistes"},"content":{"rendered":"<p>Fa unes setmanes els i les alumnes de 4t vam comen\u00e7ar un projecte nou de llengua catalana, que ens proposava convertir-nos en periodistes i acabar gravant un noticiari especial a la r\u00e0dio, explicant not\u00edcies que han passat a la nostra escola al llarg d&#8217;aquest curs.<\/p>\n<p>La setmana passada, despr\u00e9s de treballar i aprendre moltes coses relacionades amb les not\u00edcies, els diaris i la r\u00e0dio, vam anar a gravar el nostre programa a @radiokaliu. Ens va encantar l&#8217;experi\u00e8ncia.<br \/>\nFinalment, divendres passat a les 18h es va emetre en directe el nostre progama.<\/p>\n<p>Per escoltar el programa, cliqueu <a href=\"https:\/\/www.radiokaliu.cat\/programs\/informatiu-especial-les-llisses\/radiokaliu_podcast_343\">AQU\u00cd<\/a>.<a href=\"https:\/\/agora.xtec.cat\/escolalesllisses\/wp-content\/uploads\/usu2000\/2023\/06\/WhatsApp-Image-2023-06-18-at-22.43.33.jpeg\"><img loading=\"lazy\" decoding=\"async\" class=\"wp-image-4045 aligncenter\" src=\"https:\/\/agora.xtec.cat\/escolalesllisses\/wp-content\/uploads\/usu2000\/2023\/06\/WhatsApp-Image-2023-06-18-at-22.43.33-768x1024.jpeg\" alt=\"\" width=\"476\" height=\"635\" srcset=\"https:\/\/agora.xtec.cat\/escolalesllisses\/wp-content\/uploads\/usu2000\/2023\/06\/WhatsApp-Image-2023-06-18-at-22.43.33-768x1024.jpeg 768w, https:\/\/agora.xtec.cat\/escolalesllisses\/wp-content\/uploads\/usu2000\/2023\/06\/WhatsApp-Image-2023-06-18-at-22.43.33-225x300.jpeg 225w, https:\/\/agora.xtec.cat\/escolalesllisses\/wp-content\/uploads\/usu2000\/2023\/06\/WhatsApp-Image-2023-06-18-at-22.43.33-1152x1536.jpeg 1152w, https:\/\/agora.xtec.cat\/escolalesllisses\/wp-content\/uploads\/usu2000\/2023\/06\/WhatsApp-Image-2023-06-18-at-22.43.33.jpeg 1536w\" sizes=\"auto, (max-width: 476px) 100vw, 476px\" \/><\/a><\/p>\n","protected":false},"excerpt":{"rendered":"<p>Fa unes setmanes els i les alumnes de 4t vam comen\u00e7ar un projecte nou de llengua catalana, que ens proposava convertir-nos en periodistes i acabar gravant un noticiari especial a la r\u00e0dio, explicant not\u00edcies que han passat a la nostra escola al llarg d&#8217;aquest curs. La setmana passada, despr\u00e9s de treballar i aprendre moltes coses [&hellip;]<\/p>\n","protected":false},"author":1,"featured_media":0,"comment_status":"closed","ping_status":"closed","sticky":false,"template":"","format":"standard","meta":{"_bbp_topic_count":0,"_bbp_reply_count":0,"_bbp_total_topic_count":0,"_bbp_total_reply_count":0,"_bbp_voice_count":0,"_bbp_anonymous_reply_count":0,"_bbp_topic_count_hidden":0,"_bbp_reply_count_hidden":0,"_bbp_forum_subforum_count":0,"site-sidebar-layout":"default","site-content-layout":"","ast-site-content-layout":"","site-content-style":"default","site-sidebar-style":"default","ast-global-header-display":"","ast-banner-title-visibility":"","ast-main-header-display":"","ast-hfb-above-header-display":"","ast-hfb-below-header-display":"","ast-hfb-mobile-header-display":"","site-post-title":"","ast-breadcrumbs-content":"","ast-featured-img":"","footer-sml-layout":"","theme-transparent-header-meta":"","adv-header-id-meta":"","stick-header-meta":"","header-above-stick-meta":"","header-main-stick-meta":"","header-below-stick-meta":"","astra-migrate-meta-layouts":"default","ast-page-background-enabled":"default","ast-page-background-meta":{"desktop":{"background-color":"var(--ast-global-color-4)","background-image":"","background-repeat":"repeat","background-position":"center center","background-size":"auto","background-attachment":"scroll","background-type":"","background-media":"","overlay-type":"","overlay-color":"","overlay-opacity":"","overlay-gradient":""},"tablet":{"background-color":"","background-image":"","background-repeat":"repeat","background-position":"center center","background-size":"auto","background-attachment":"scroll","background-type":"","background-media":"","overlay-type":"","overlay-color":"","overlay-opacity":"","overlay-gradient":""},"mobile":{"background-color":"","background-image":"","background-repeat":"repeat","background-position":"center center","background-size":"auto","background-attachment":"scroll","background-type":"","background-media":"","overlay-type":"","overlay-color":"","overlay-opacity":"","overlay-gradient":""}},"ast-content-background-meta":{"desktop":{"background-color":"var(--ast-global-color-5)","background-image":"","background-repeat":"repeat","background-position":"center center","background-size":"auto","background-attachment":"scroll","background-type":"","background-media":"","overlay-type":"","overlay-color":"","overlay-opacity":"","overlay-gradient":""},"tablet":{"background-color":"var(--ast-global-color-5)","background-image":"","background-repeat":"repeat","background-position":"center center","background-size":"auto","background-attachment":"scroll","background-type":"","background-media":"","overlay-type":"","overlay-color":"","overlay-opacity":"","overlay-gradient":""},"mobile":{"background-color":"var(--ast-global-color-5)","background-image":"","background-repeat":"repeat","background-position":"center center","background-size":"auto","background-attachment":"scroll","background-type":"","background-media":"","overlay-type":"","overlay-color":"","overlay-opacity":"","overlay-gradient":""}},"footnotes":""},"categories":[66,70,1,4],"tags":[],"class_list":["post-4044","post","type-post","status-publish","format-standard","hentry","category-cicle-mitja","category-cicles","category-general","category-portada"],"post_mailing_queue_ids":[],"_links":{"self":[{"href":"https:\/\/agora.xtec.cat\/escolalesllisses\/wp-json\/wp\/v2\/posts\/4044","targetHints":{"allow":["GET"]}}],"collection":[{"href":"https:\/\/agora.xtec.cat\/escolalesllisses\/wp-json\/wp\/v2\/posts"}],"about":[{"href":"https:\/\/agora.xtec.cat\/escolalesllisses\/wp-json\/wp\/v2\/types\/post"}],"author":[{"embeddable":true,"href":"https:\/\/agora.xtec.cat\/escolalesllisses\/wp-json\/wp\/v2\/users\/1"}],"replies":[{"embeddable":true,"href":"https:\/\/agora.xtec.cat\/escolalesllisses\/wp-json\/wp\/v2\/comments?post=4044"}],"version-history":[{"count":1,"href":"https:\/\/agora.xtec.cat\/escolalesllisses\/wp-json\/wp\/v2\/posts\/4044\/revisions"}],"predecessor-version":[{"id":4046,"href":"https:\/\/agora.xtec.cat\/escolalesllisses\/wp-json\/wp\/v2\/posts\/4044\/revisions\/4046"}],"wp:attachment":[{"href":"https:\/\/agora.xtec.cat\/escolalesllisses\/wp-json\/wp\/v2\/media?parent=4044"}],"wp:term":[{"taxonomy":"category","embeddable":true,"href":"https:\/\/agora.xtec.cat\/escolalesllisses\/wp-json\/wp\/v2\/categories?post=4044"},{"taxonomy":"post_tag","embeddable":true,"href":"https:\/\/agora.xtec.cat\/escolalesllisses\/wp-json\/wp\/v2\/tags?post=4044"}],"curies":[{"name":"wp","href":"https:\/\/api.w.org\/{rel}","templated":true}]}}