{"id":3843,"date":"2023-03-07T13:35:25","date_gmt":"2023-03-07T12:35:25","guid":{"rendered":"https:\/\/agora.xtec.cat\/escolalesllisses\/?p=3843"},"modified":"2023-03-07T13:35:25","modified_gmt":"2023-03-07T12:35:25","slug":"2022-2023-els-espais-a-educacio-infantil","status":"publish","type":"post","link":"https:\/\/agora.xtec.cat\/escolalesllisses\/general\/2022-2023-els-espais-a-educacio-infantil\/","title":{"rendered":"2022-2023 ELS ESPAIS A EDUCACI\u00d3 INFANTIL"},"content":{"rendered":"<p>A l&#8217;Educaci\u00f3 infantil, dediquem totes les tardes als Espais. Les nenes i els nens de 3, 4 i 5 anys es distribueixen en grups redu\u00efts barrejant els tres nivells.<\/p>\n<p>Es tracte de cinc aules a l&#8217;escola on els infants s&#8217;agrupen en petits grups, per compartir uns aprenentatges significatius i motivadors. Les propostes s\u00f3n: experimentaci\u00f3 sensorial, expressi\u00f3 art\u00edstica, grafisme creatiu, joc i moviment i espai d&#8217;expressi\u00f3 oral.<\/p>\n<p>Aquestes noves propostes afavoreixen un entorn de llibertat i confian\u00e7a, tot promovent l&#8217;autonomia i l&#8217;aprenentatge entre iguals.<\/p>\n<p><a href=\"https:\/\/agora.xtec.cat\/escolalesllisses\/wp-content\/uploads\/usu2000\/2023\/02\/collage-espais.png\"><img loading=\"lazy\" decoding=\"async\" class=\"aligncenter wp-image-3917 \" src=\"https:\/\/agora.xtec.cat\/escolalesllisses\/wp-content\/uploads\/usu2000\/2023\/02\/collage-espais-e1676292684553-300x220.png\" alt=\"\" width=\"404\" height=\"296\" srcset=\"https:\/\/agora.xtec.cat\/escolalesllisses\/wp-content\/uploads\/usu2000\/2023\/02\/collage-espais-e1676292684553-300x220.png 300w, https:\/\/agora.xtec.cat\/escolalesllisses\/wp-content\/uploads\/usu2000\/2023\/02\/collage-espais-e1676292684553.png 305w\" sizes=\"auto, (max-width: 404px) 100vw, 404px\" \/><\/a><\/p>\n","protected":false},"excerpt":{"rendered":"<p>A l&#8217;Educaci\u00f3 infantil, dediquem totes les tardes als Espais. Les nenes i els nens de 3, 4 i 5 anys es distribueixen en grups redu\u00efts barrejant els tres nivells. Es tracte de cinc aules a l&#8217;escola on els infants s&#8217;agrupen en petits grups, per compartir uns aprenentatges significatius i motivadors. Les propostes s\u00f3n: experimentaci\u00f3 sensorial, [&hellip;]<\/p>\n","protected":false},"author":3,"featured_media":0,"comment_status":"closed","ping_status":"closed","sticky":false,"template":"","format":"standard","meta":{"_bbp_topic_count":0,"_bbp_reply_count":0,"_bbp_total_topic_count":0,"_bbp_total_reply_count":0,"_bbp_voice_count":0,"_bbp_anonymous_reply_count":0,"_bbp_topic_count_hidden":0,"_bbp_reply_count_hidden":0,"_bbp_forum_subforum_count":0,"site-sidebar-layout":"default","site-content-layout":"","ast-site-content-layout":"","site-content-style":"default","site-sidebar-style":"default","ast-global-header-display":"","ast-banner-title-visibility":"","ast-main-header-display":"","ast-hfb-above-header-display":"","ast-hfb-below-header-display":"","ast-hfb-mobile-header-display":"","site-post-title":"","ast-breadcrumbs-content":"","ast-featured-img":"","footer-sml-layout":"","theme-transparent-header-meta":"","adv-header-id-meta":"","stick-header-meta":"","header-above-stick-meta":"","header-main-stick-meta":"","header-below-stick-meta":"","astra-migrate-meta-layouts":"default","ast-page-background-enabled":"default","ast-page-background-meta":{"desktop":{"background-color":"var(--ast-global-color-4)","background-image":"","background-repeat":"repeat","background-position":"center center","background-size":"auto","background-attachment":"scroll","background-type":"","background-media":"","overlay-type":"","overlay-color":"","overlay-opacity":"","overlay-gradient":""},"tablet":{"background-color":"","background-image":"","background-repeat":"repeat","background-position":"center center","background-size":"auto","background-attachment":"scroll","background-type":"","background-media":"","overlay-type":"","overlay-color":"","overlay-opacity":"","overlay-gradient":""},"mobile":{"background-color":"","background-image":"","background-repeat":"repeat","background-position":"center center","background-size":"auto","background-attachment":"scroll","background-type":"","background-media":"","overlay-type":"","overlay-color":"","overlay-opacity":"","overlay-gradient":""}},"ast-content-background-meta":{"desktop":{"background-color":"var(--ast-global-color-5)","background-image":"","background-repeat":"repeat","background-position":"center center","background-size":"auto","background-attachment":"scroll","background-type":"","background-media":"","overlay-type":"","overlay-color":"","overlay-opacity":"","overlay-gradient":""},"tablet":{"background-color":"var(--ast-global-color-5)","background-image":"","background-repeat":"repeat","background-position":"center center","background-size":"auto","background-attachment":"scroll","background-type":"","background-media":"","overlay-type":"","overlay-color":"","overlay-opacity":"","overlay-gradient":""},"mobile":{"background-color":"var(--ast-global-color-5)","background-image":"","background-repeat":"repeat","background-position":"center center","background-size":"auto","background-attachment":"scroll","background-type":"","background-media":"","overlay-type":"","overlay-color":"","overlay-opacity":"","overlay-gradient":""}},"footnotes":""},"categories":[68,1,4],"tags":[],"class_list":["post-3843","post","type-post","status-publish","format-standard","hentry","category-educacio-infantil","category-general","category-portada"],"post_mailing_queue_ids":[],"_links":{"self":[{"href":"https:\/\/agora.xtec.cat\/escolalesllisses\/wp-json\/wp\/v2\/posts\/3843","targetHints":{"allow":["GET"]}}],"collection":[{"href":"https:\/\/agora.xtec.cat\/escolalesllisses\/wp-json\/wp\/v2\/posts"}],"about":[{"href":"https:\/\/agora.xtec.cat\/escolalesllisses\/wp-json\/wp\/v2\/types\/post"}],"author":[{"embeddable":true,"href":"https:\/\/agora.xtec.cat\/escolalesllisses\/wp-json\/wp\/v2\/users\/3"}],"replies":[{"embeddable":true,"href":"https:\/\/agora.xtec.cat\/escolalesllisses\/wp-json\/wp\/v2\/comments?post=3843"}],"version-history":[{"count":3,"href":"https:\/\/agora.xtec.cat\/escolalesllisses\/wp-json\/wp\/v2\/posts\/3843\/revisions"}],"predecessor-version":[{"id":3961,"href":"https:\/\/agora.xtec.cat\/escolalesllisses\/wp-json\/wp\/v2\/posts\/3843\/revisions\/3961"}],"wp:attachment":[{"href":"https:\/\/agora.xtec.cat\/escolalesllisses\/wp-json\/wp\/v2\/media?parent=3843"}],"wp:term":[{"taxonomy":"category","embeddable":true,"href":"https:\/\/agora.xtec.cat\/escolalesllisses\/wp-json\/wp\/v2\/categories?post=3843"},{"taxonomy":"post_tag","embeddable":true,"href":"https:\/\/agora.xtec.cat\/escolalesllisses\/wp-json\/wp\/v2\/tags?post=3843"}],"curies":[{"name":"wp","href":"https:\/\/api.w.org\/{rel}","templated":true}]}}