{"id":3739,"date":"2022-12-01T20:22:16","date_gmt":"2022-12-01T19:22:16","guid":{"rendered":"https:\/\/agora.xtec.cat\/escolalesllisses\/?p=3739"},"modified":"2023-01-12T20:23:11","modified_gmt":"2023-01-12T19:23:11","slug":"2022-23-4t-calendari-dadvent","status":"publish","type":"post","link":"https:\/\/agora.xtec.cat\/escolalesllisses\/general\/2022-23-4t-calendari-dadvent\/","title":{"rendered":"2022-23 4t &#8211; Calendari d&#8217;advent"},"content":{"rendered":"<p>Avui els nens i nenes de 4t hem obert el primer \u2709\ufe0fsobre del nostre calendari d&#8217;advent\ud83c\udf84.<br \/>\nDins de cada sobre trobarem activitats de cohesi\u00f3 de grup\u26a1\ufe0f, reptes cooperatius \ud83d\udd26i activitats relacionades amb el Nadal.<\/p>\n<p>L&#8217;activitat que ens ha sortit avui \u00e9s \ud83d\ude0d, no us ho podem explicar encara, ho mantindrem en secret fins el dia 21 \ud83c\udfb6\ud83d\udcf9(aix\u00ed ho hem decidit plegats).<br \/>\nEstem molt emocionats i emocionades per veure qu\u00e8 ens sortir\u00e0 dem\u00e0!!<a href=\"https:\/\/agora.xtec.cat\/escolalesllisses\/wp-content\/uploads\/usu2000\/2023\/01\/WhatsApp-Image-2022-12-01-at-21.50.16.jpeg\"><img loading=\"lazy\" decoding=\"async\" class=\"wp-image-3740 aligncenter\" src=\"https:\/\/agora.xtec.cat\/escolalesllisses\/wp-content\/uploads\/usu2000\/2023\/01\/WhatsApp-Image-2022-12-01-at-21.50.16-768x1024.jpeg\" alt=\"\" width=\"372\" height=\"496\" srcset=\"https:\/\/agora.xtec.cat\/escolalesllisses\/wp-content\/uploads\/usu2000\/2023\/01\/WhatsApp-Image-2022-12-01-at-21.50.16-768x1024.jpeg 768w, https:\/\/agora.xtec.cat\/escolalesllisses\/wp-content\/uploads\/usu2000\/2023\/01\/WhatsApp-Image-2022-12-01-at-21.50.16-225x300.jpeg 225w, https:\/\/agora.xtec.cat\/escolalesllisses\/wp-content\/uploads\/usu2000\/2023\/01\/WhatsApp-Image-2022-12-01-at-21.50.16-1152x1536.jpeg 1152w, https:\/\/agora.xtec.cat\/escolalesllisses\/wp-content\/uploads\/usu2000\/2023\/01\/WhatsApp-Image-2022-12-01-at-21.50.16.jpeg 1536w\" sizes=\"auto, (max-width: 372px) 100vw, 372px\" \/><\/a><\/p>\n","protected":false},"excerpt":{"rendered":"<p>Avui els nens i nenes de 4t hem obert el primer \u2709\ufe0fsobre del nostre calendari d&#8217;advent\ud83c\udf84. Dins de cada sobre trobarem activitats de cohesi\u00f3 de grup\u26a1\ufe0f, reptes cooperatius \ud83d\udd26i activitats relacionades amb el Nadal. L&#8217;activitat que ens ha sortit avui \u00e9s \ud83d\ude0d, no us ho podem explicar encara, ho mantindrem en secret fins el dia [&hellip;]<\/p>\n","protected":false},"author":1,"featured_media":0,"comment_status":"closed","ping_status":"closed","sticky":false,"template":"","format":"standard","meta":{"_bbp_topic_count":0,"_bbp_reply_count":0,"_bbp_total_topic_count":0,"_bbp_total_reply_count":0,"_bbp_voice_count":0,"_bbp_anonymous_reply_count":0,"_bbp_topic_count_hidden":0,"_bbp_reply_count_hidden":0,"_bbp_forum_subforum_count":0,"site-sidebar-layout":"default","site-content-layout":"","ast-site-content-layout":"","site-content-style":"default","site-sidebar-style":"default","ast-global-header-display":"","ast-banner-title-visibility":"","ast-main-header-display":"","ast-hfb-above-header-display":"","ast-hfb-below-header-display":"","ast-hfb-mobile-header-display":"","site-post-title":"","ast-breadcrumbs-content":"","ast-featured-img":"","footer-sml-layout":"","theme-transparent-header-meta":"","adv-header-id-meta":"","stick-header-meta":"","header-above-stick-meta":"","header-main-stick-meta":"","header-below-stick-meta":"","astra-migrate-meta-layouts":"default","ast-page-background-enabled":"default","ast-page-background-meta":{"desktop":{"background-color":"var(--ast-global-color-4)","background-image":"","background-repeat":"repeat","background-position":"center center","background-size":"auto","background-attachment":"scroll","background-type":"","background-media":"","overlay-type":"","overlay-color":"","overlay-opacity":"","overlay-gradient":""},"tablet":{"background-color":"","background-image":"","background-repeat":"repeat","background-position":"center center","background-size":"auto","background-attachment":"scroll","background-type":"","background-media":"","overlay-type":"","overlay-color":"","overlay-opacity":"","overlay-gradient":""},"mobile":{"background-color":"","background-image":"","background-repeat":"repeat","background-position":"center center","background-size":"auto","background-attachment":"scroll","background-type":"","background-media":"","overlay-type":"","overlay-color":"","overlay-opacity":"","overlay-gradient":""}},"ast-content-background-meta":{"desktop":{"background-color":"var(--ast-global-color-5)","background-image":"","background-repeat":"repeat","background-position":"center center","background-size":"auto","background-attachment":"scroll","background-type":"","background-media":"","overlay-type":"","overlay-color":"","overlay-opacity":"","overlay-gradient":""},"tablet":{"background-color":"var(--ast-global-color-5)","background-image":"","background-repeat":"repeat","background-position":"center center","background-size":"auto","background-attachment":"scroll","background-type":"","background-media":"","overlay-type":"","overlay-color":"","overlay-opacity":"","overlay-gradient":""},"mobile":{"background-color":"var(--ast-global-color-5)","background-image":"","background-repeat":"repeat","background-position":"center center","background-size":"auto","background-attachment":"scroll","background-type":"","background-media":"","overlay-type":"","overlay-color":"","overlay-opacity":"","overlay-gradient":""}},"footnotes":""},"categories":[66,70,1,4],"tags":[],"class_list":["post-3739","post","type-post","status-publish","format-standard","hentry","category-cicle-mitja","category-cicles","category-general","category-portada"],"post_mailing_queue_ids":[],"_links":{"self":[{"href":"https:\/\/agora.xtec.cat\/escolalesllisses\/wp-json\/wp\/v2\/posts\/3739","targetHints":{"allow":["GET"]}}],"collection":[{"href":"https:\/\/agora.xtec.cat\/escolalesllisses\/wp-json\/wp\/v2\/posts"}],"about":[{"href":"https:\/\/agora.xtec.cat\/escolalesllisses\/wp-json\/wp\/v2\/types\/post"}],"author":[{"embeddable":true,"href":"https:\/\/agora.xtec.cat\/escolalesllisses\/wp-json\/wp\/v2\/users\/1"}],"replies":[{"embeddable":true,"href":"https:\/\/agora.xtec.cat\/escolalesllisses\/wp-json\/wp\/v2\/comments?post=3739"}],"version-history":[{"count":1,"href":"https:\/\/agora.xtec.cat\/escolalesllisses\/wp-json\/wp\/v2\/posts\/3739\/revisions"}],"predecessor-version":[{"id":3741,"href":"https:\/\/agora.xtec.cat\/escolalesllisses\/wp-json\/wp\/v2\/posts\/3739\/revisions\/3741"}],"wp:attachment":[{"href":"https:\/\/agora.xtec.cat\/escolalesllisses\/wp-json\/wp\/v2\/media?parent=3739"}],"wp:term":[{"taxonomy":"category","embeddable":true,"href":"https:\/\/agora.xtec.cat\/escolalesllisses\/wp-json\/wp\/v2\/categories?post=3739"},{"taxonomy":"post_tag","embeddable":true,"href":"https:\/\/agora.xtec.cat\/escolalesllisses\/wp-json\/wp\/v2\/tags?post=3739"}],"curies":[{"name":"wp","href":"https:\/\/api.w.org\/{rel}","templated":true}]}}