{"id":3730,"date":"2022-11-15T20:18:44","date_gmt":"2022-11-15T19:18:44","guid":{"rendered":"https:\/\/agora.xtec.cat\/escolalesllisses\/?p=3730"},"modified":"2023-01-12T20:19:37","modified_gmt":"2023-01-12T19:19:37","slug":"2022-23-4t-4t-a-la-biblioteca","status":"publish","type":"post","link":"https:\/\/agora.xtec.cat\/escolalesllisses\/general\/2022-23-4t-4t-a-la-biblioteca\/","title":{"rendered":"2022-23 4t &#8211; 4t a la Biblioteca!"},"content":{"rendered":"<p>Ahir dilluns els alumnes de 4t vam anar a la Biblioteca de Lli\u00e7\u00e0 de Vall per con\u00e8ixer una mica m\u00e9s com es i com s&#8217;organitzen tots els llibres que hi ha. Vam quedar bocabadats!!!<br \/>\nDurant visita vam fer un joc que consistia en trobar uns llibres a trav\u00e9s de la seva signatura. Tot un repte!!<br \/>\nPer acabar la visita, amb els t\u00edtols dels llibres que hav\u00edem aconseguit trobar, vam inventar frases originals!<br \/>\nEns ho vam passar molt b\u00e9! Gr\u00e0cies Julieta!<\/p>\n<p><a href=\"https:\/\/agora.xtec.cat\/escolalesllisses\/wp-content\/uploads\/usu2000\/2023\/01\/WhatsApp-Image-2022-11-15-at-00.30.12.jpeg\"><img loading=\"lazy\" decoding=\"async\" class=\"wp-image-3731 aligncenter\" src=\"https:\/\/agora.xtec.cat\/escolalesllisses\/wp-content\/uploads\/usu2000\/2023\/01\/WhatsApp-Image-2022-11-15-at-00.30.12-1024x1024.jpeg\" alt=\"\" width=\"410\" height=\"410\" srcset=\"https:\/\/agora.xtec.cat\/escolalesllisses\/wp-content\/uploads\/usu2000\/2023\/01\/WhatsApp-Image-2022-11-15-at-00.30.12-1024x1024.jpeg 1024w, https:\/\/agora.xtec.cat\/escolalesllisses\/wp-content\/uploads\/usu2000\/2023\/01\/WhatsApp-Image-2022-11-15-at-00.30.12-300x300.jpeg 300w, https:\/\/agora.xtec.cat\/escolalesllisses\/wp-content\/uploads\/usu2000\/2023\/01\/WhatsApp-Image-2022-11-15-at-00.30.12-150x150.jpeg 150w, https:\/\/agora.xtec.cat\/escolalesllisses\/wp-content\/uploads\/usu2000\/2023\/01\/WhatsApp-Image-2022-11-15-at-00.30.12-768x768.jpeg 768w, https:\/\/agora.xtec.cat\/escolalesllisses\/wp-content\/uploads\/usu2000\/2023\/01\/WhatsApp-Image-2022-11-15-at-00.30.12-1536x1536.jpeg 1536w, https:\/\/agora.xtec.cat\/escolalesllisses\/wp-content\/uploads\/usu2000\/2023\/01\/WhatsApp-Image-2022-11-15-at-00.30.12.jpeg 1600w\" sizes=\"auto, (max-width: 410px) 100vw, 410px\" \/><\/a><\/p>\n","protected":false},"excerpt":{"rendered":"<p>Ahir dilluns els alumnes de 4t vam anar a la Biblioteca de Lli\u00e7\u00e0 de Vall per con\u00e8ixer una mica m\u00e9s com es i com s&#8217;organitzen tots els llibres que hi ha. Vam quedar bocabadats!!! Durant visita vam fer un joc que consistia en trobar uns llibres a trav\u00e9s de la seva signatura. Tot un repte!! [&hellip;]<\/p>\n","protected":false},"author":1,"featured_media":0,"comment_status":"closed","ping_status":"closed","sticky":false,"template":"","format":"standard","meta":{"_bbp_topic_count":0,"_bbp_reply_count":0,"_bbp_total_topic_count":0,"_bbp_total_reply_count":0,"_bbp_voice_count":0,"_bbp_anonymous_reply_count":0,"_bbp_topic_count_hidden":0,"_bbp_reply_count_hidden":0,"_bbp_forum_subforum_count":0,"site-sidebar-layout":"default","site-content-layout":"","ast-site-content-layout":"","site-content-style":"default","site-sidebar-style":"default","ast-global-header-display":"","ast-banner-title-visibility":"","ast-main-header-display":"","ast-hfb-above-header-display":"","ast-hfb-below-header-display":"","ast-hfb-mobile-header-display":"","site-post-title":"","ast-breadcrumbs-content":"","ast-featured-img":"","footer-sml-layout":"","theme-transparent-header-meta":"","adv-header-id-meta":"","stick-header-meta":"","header-above-stick-meta":"","header-main-stick-meta":"","header-below-stick-meta":"","astra-migrate-meta-layouts":"default","ast-page-background-enabled":"default","ast-page-background-meta":{"desktop":{"background-color":"var(--ast-global-color-4)","background-image":"","background-repeat":"repeat","background-position":"center center","background-size":"auto","background-attachment":"scroll","background-type":"","background-media":"","overlay-type":"","overlay-color":"","overlay-opacity":"","overlay-gradient":""},"tablet":{"background-color":"","background-image":"","background-repeat":"repeat","background-position":"center center","background-size":"auto","background-attachment":"scroll","background-type":"","background-media":"","overlay-type":"","overlay-color":"","overlay-opacity":"","overlay-gradient":""},"mobile":{"background-color":"","background-image":"","background-repeat":"repeat","background-position":"center center","background-size":"auto","background-attachment":"scroll","background-type":"","background-media":"","overlay-type":"","overlay-color":"","overlay-opacity":"","overlay-gradient":""}},"ast-content-background-meta":{"desktop":{"background-color":"var(--ast-global-color-5)","background-image":"","background-repeat":"repeat","background-position":"center center","background-size":"auto","background-attachment":"scroll","background-type":"","background-media":"","overlay-type":"","overlay-color":"","overlay-opacity":"","overlay-gradient":""},"tablet":{"background-color":"var(--ast-global-color-5)","background-image":"","background-repeat":"repeat","background-position":"center center","background-size":"auto","background-attachment":"scroll","background-type":"","background-media":"","overlay-type":"","overlay-color":"","overlay-opacity":"","overlay-gradient":""},"mobile":{"background-color":"var(--ast-global-color-5)","background-image":"","background-repeat":"repeat","background-position":"center center","background-size":"auto","background-attachment":"scroll","background-type":"","background-media":"","overlay-type":"","overlay-color":"","overlay-opacity":"","overlay-gradient":""}},"footnotes":""},"categories":[66,70,1,4],"tags":[],"class_list":["post-3730","post","type-post","status-publish","format-standard","hentry","category-cicle-mitja","category-cicles","category-general","category-portada"],"post_mailing_queue_ids":[],"_links":{"self":[{"href":"https:\/\/agora.xtec.cat\/escolalesllisses\/wp-json\/wp\/v2\/posts\/3730","targetHints":{"allow":["GET"]}}],"collection":[{"href":"https:\/\/agora.xtec.cat\/escolalesllisses\/wp-json\/wp\/v2\/posts"}],"about":[{"href":"https:\/\/agora.xtec.cat\/escolalesllisses\/wp-json\/wp\/v2\/types\/post"}],"author":[{"embeddable":true,"href":"https:\/\/agora.xtec.cat\/escolalesllisses\/wp-json\/wp\/v2\/users\/1"}],"replies":[{"embeddable":true,"href":"https:\/\/agora.xtec.cat\/escolalesllisses\/wp-json\/wp\/v2\/comments?post=3730"}],"version-history":[{"count":1,"href":"https:\/\/agora.xtec.cat\/escolalesllisses\/wp-json\/wp\/v2\/posts\/3730\/revisions"}],"predecessor-version":[{"id":3732,"href":"https:\/\/agora.xtec.cat\/escolalesllisses\/wp-json\/wp\/v2\/posts\/3730\/revisions\/3732"}],"wp:attachment":[{"href":"https:\/\/agora.xtec.cat\/escolalesllisses\/wp-json\/wp\/v2\/media?parent=3730"}],"wp:term":[{"taxonomy":"category","embeddable":true,"href":"https:\/\/agora.xtec.cat\/escolalesllisses\/wp-json\/wp\/v2\/categories?post=3730"},{"taxonomy":"post_tag","embeddable":true,"href":"https:\/\/agora.xtec.cat\/escolalesllisses\/wp-json\/wp\/v2\/tags?post=3730"}],"curies":[{"name":"wp","href":"https:\/\/api.w.org\/{rel}","templated":true}]}}