{"id":3635,"date":"2022-09-02T17:41:08","date_gmt":"2022-09-02T15:41:08","guid":{"rendered":"https:\/\/agora.xtec.cat\/escolalesllisses\/?p=3635"},"modified":"2022-09-02T17:41:08","modified_gmt":"2022-09-02T15:41:08","slug":"reunions-dinici-de-curs","status":"publish","type":"post","link":"https:\/\/agora.xtec.cat\/escolalesllisses\/general\/reunions-dinici-de-curs\/","title":{"rendered":"Reunions d&#8217;inici de curs"},"content":{"rendered":"<p>L&#8217;objectiu de les reunions \u00e9s explicar el funcionament a nivell pedag\u00f2gic i metodol\u00f2gic de cada curs.<\/p>\n<p>Les dates de les reunions seran les seg\u00fcents:<\/p>\n<table>\n<tbody>\n<tr>\n<td style=\"text-align: center;\"><strong>Curs<\/strong><\/td>\n<td style=\"text-align: center;\"><strong>Dia<\/strong><\/td>\n<td style=\"text-align: center;\"><strong>Hora<\/strong><\/td>\n<\/tr>\n<tr>\n<td>Educaci\u00f3 Infantil 3 anys<\/td>\n<td>Dijous 22 de setembre de 2022<\/td>\n<td>17:00h<\/td>\n<\/tr>\n<tr>\n<td>Educaci\u00f3 Infantil 4 anys<\/td>\n<td>Dimecres 21 de setembre de 2022<\/td>\n<td>17:00h<\/td>\n<\/tr>\n<tr>\n<td>Educaci\u00f3 Infantil 5 anys<\/td>\n<td>Dimecres 21 de setembre de 2022<\/td>\n<td>17:00h<\/td>\n<\/tr>\n<tr>\n<td>Educaci\u00f3 Prim\u00e0ria &#8211; Primer<\/td>\n<td>Dimarts 20 de setembre de 2022<\/td>\n<td>17:00h<\/td>\n<\/tr>\n<tr>\n<td>Educaci\u00f3 Prim\u00e0ria &#8211; Segon<\/td>\n<td>Dimarts 20 de setembre de 2022<\/td>\n<td>17:00h<\/td>\n<\/tr>\n<tr>\n<td>Educaci\u00f3 Prim\u00e0ria &#8211; Tercer<\/td>\n<td>Dilluns 19 de setembre de 2022<\/td>\n<td>17:00h<\/td>\n<\/tr>\n<tr>\n<td>Educaci\u00f3 Prim\u00e0ria &#8211; Quart<\/td>\n<td>Dilluns 19 de setembre de 2022<\/td>\n<td>17:00h<\/td>\n<\/tr>\n<tr>\n<td>Educaci\u00f3 Prim\u00e0ria &#8211; Cinqu\u00e8<\/td>\n<td>Dilluns 26 de setembre de 2022<\/td>\n<td>17:00h<\/td>\n<\/tr>\n<tr>\n<td>Educaci\u00f3 Prim\u00e0ria &#8211; Sis\u00e8<\/td>\n<td>Dilluns 26 de setembre de 2022<\/td>\n<td>17:00h<\/td>\n<\/tr>\n<\/tbody>\n<\/table>\n<p>Nota: L\u2019AMPA proporciona un servei de vigil\u00e0ncia\/ludoteca pels alumnes de l\u2019escola els dies<br \/>\nde les reunions a fi d\u2019evitar interrupcions i sorolls. Si veniu amb els vostres fills cal que els hi<br \/>\ndeixeu. No es poden quedar sense vigil\u00e0ncia sota cap concepte. A les reunions haur\u00edeu de venir<br \/>\nsense criatures petites.<\/p>\n","protected":false},"excerpt":{"rendered":"<p>L&#8217;objectiu de les reunions \u00e9s explicar el funcionament a nivell pedag\u00f2gic i metodol\u00f2gic de cada curs. Les dates de les reunions seran les seg\u00fcents: Curs Dia Hora Educaci\u00f3 Infantil 3 anys Dijous 22 de setembre de 2022 17:00h Educaci\u00f3 Infantil 4 anys Dimecres 21 de setembre de 2022 17:00h Educaci\u00f3 Infantil 5 anys Dimecres 21 [&hellip;]<\/p>\n","protected":false},"author":1,"featured_media":0,"comment_status":"closed","ping_status":"closed","sticky":false,"template":"","format":"standard","meta":{"_bbp_topic_count":0,"_bbp_reply_count":0,"_bbp_total_topic_count":0,"_bbp_total_reply_count":0,"_bbp_voice_count":0,"_bbp_anonymous_reply_count":0,"_bbp_topic_count_hidden":0,"_bbp_reply_count_hidden":0,"_bbp_forum_subforum_count":0,"site-sidebar-layout":"default","site-content-layout":"","ast-site-content-layout":"","site-content-style":"default","site-sidebar-style":"default","ast-global-header-display":"","ast-banner-title-visibility":"","ast-main-header-display":"","ast-hfb-above-header-display":"","ast-hfb-below-header-display":"","ast-hfb-mobile-header-display":"","site-post-title":"","ast-breadcrumbs-content":"","ast-featured-img":"","footer-sml-layout":"","theme-transparent-header-meta":"","adv-header-id-meta":"","stick-header-meta":"","header-above-stick-meta":"","header-main-stick-meta":"","header-below-stick-meta":"","astra-migrate-meta-layouts":"default","ast-page-background-enabled":"default","ast-page-background-meta":{"desktop":{"background-color":"var(--ast-global-color-4)","background-image":"","background-repeat":"repeat","background-position":"center center","background-size":"auto","background-attachment":"scroll","background-type":"","background-media":"","overlay-type":"","overlay-color":"","overlay-opacity":"","overlay-gradient":""},"tablet":{"background-color":"","background-image":"","background-repeat":"repeat","background-position":"center center","background-size":"auto","background-attachment":"scroll","background-type":"","background-media":"","overlay-type":"","overlay-color":"","overlay-opacity":"","overlay-gradient":""},"mobile":{"background-color":"","background-image":"","background-repeat":"repeat","background-position":"center center","background-size":"auto","background-attachment":"scroll","background-type":"","background-media":"","overlay-type":"","overlay-color":"","overlay-opacity":"","overlay-gradient":""}},"ast-content-background-meta":{"desktop":{"background-color":"var(--ast-global-color-5)","background-image":"","background-repeat":"repeat","background-position":"center center","background-size":"auto","background-attachment":"scroll","background-type":"","background-media":"","overlay-type":"","overlay-color":"","overlay-opacity":"","overlay-gradient":""},"tablet":{"background-color":"var(--ast-global-color-5)","background-image":"","background-repeat":"repeat","background-position":"center center","background-size":"auto","background-attachment":"scroll","background-type":"","background-media":"","overlay-type":"","overlay-color":"","overlay-opacity":"","overlay-gradient":""},"mobile":{"background-color":"var(--ast-global-color-5)","background-image":"","background-repeat":"repeat","background-position":"center center","background-size":"auto","background-attachment":"scroll","background-type":"","background-media":"","overlay-type":"","overlay-color":"","overlay-opacity":"","overlay-gradient":""}},"footnotes":""},"categories":[65,66,67,70,68,1,4],"tags":[],"class_list":["post-3635","post","type-post","status-publish","format-standard","hentry","category-cicle-inicial","category-cicle-mitja","category-cicle-superior","category-cicles","category-educacio-infantil","category-general","category-portada"],"post_mailing_queue_ids":[],"_links":{"self":[{"href":"https:\/\/agora.xtec.cat\/escolalesllisses\/wp-json\/wp\/v2\/posts\/3635","targetHints":{"allow":["GET"]}}],"collection":[{"href":"https:\/\/agora.xtec.cat\/escolalesllisses\/wp-json\/wp\/v2\/posts"}],"about":[{"href":"https:\/\/agora.xtec.cat\/escolalesllisses\/wp-json\/wp\/v2\/types\/post"}],"author":[{"embeddable":true,"href":"https:\/\/agora.xtec.cat\/escolalesllisses\/wp-json\/wp\/v2\/users\/1"}],"replies":[{"embeddable":true,"href":"https:\/\/agora.xtec.cat\/escolalesllisses\/wp-json\/wp\/v2\/comments?post=3635"}],"version-history":[{"count":1,"href":"https:\/\/agora.xtec.cat\/escolalesllisses\/wp-json\/wp\/v2\/posts\/3635\/revisions"}],"predecessor-version":[{"id":3636,"href":"https:\/\/agora.xtec.cat\/escolalesllisses\/wp-json\/wp\/v2\/posts\/3635\/revisions\/3636"}],"wp:attachment":[{"href":"https:\/\/agora.xtec.cat\/escolalesllisses\/wp-json\/wp\/v2\/media?parent=3635"}],"wp:term":[{"taxonomy":"category","embeddable":true,"href":"https:\/\/agora.xtec.cat\/escolalesllisses\/wp-json\/wp\/v2\/categories?post=3635"},{"taxonomy":"post_tag","embeddable":true,"href":"https:\/\/agora.xtec.cat\/escolalesllisses\/wp-json\/wp\/v2\/tags?post=3635"}],"curies":[{"name":"wp","href":"https:\/\/api.w.org\/{rel}","templated":true}]}}