{"id":3293,"date":"2022-02-14T16:01:59","date_gmt":"2022-02-14T15:01:59","guid":{"rendered":"https:\/\/agora.xtec.cat\/escolalesllisses\/?p=3293"},"modified":"2022-02-08T16:03:55","modified_gmt":"2022-02-08T15:03:55","slug":"2021-22-racons-de-llengua-a-3r","status":"publish","type":"post","link":"https:\/\/agora.xtec.cat\/escolalesllisses\/general\/2021-22-racons-de-llengua-a-3r\/","title":{"rendered":"2021-22 RACONS DE LLENGUA a 3r"},"content":{"rendered":"<p>\ud83d\udc45 RACONS DE LLENGUA a 3r: Els adjectius \ud83d\udc45<\/p>\n<p>Els nens i nenes de 3r hem comen\u00e7at una nova roda de Racons de llengua, estem treballant ELS ADJECTIUS.<br \/>\n<a href=\"https:\/\/agora.xtec.cat\/escolalesllisses\/wp-content\/uploads\/usu2000\/2022\/02\/racons.jpeg\"><img loading=\"lazy\" decoding=\"async\" class=\"wp-image-3294 aligncenter\" src=\"https:\/\/agora.xtec.cat\/escolalesllisses\/wp-content\/uploads\/usu2000\/2022\/02\/racons-819x1024.jpeg\" alt=\"\" width=\"516\" height=\"645\" srcset=\"https:\/\/agora.xtec.cat\/escolalesllisses\/wp-content\/uploads\/usu2000\/2022\/02\/racons-819x1024.jpeg 819w, https:\/\/agora.xtec.cat\/escolalesllisses\/wp-content\/uploads\/usu2000\/2022\/02\/racons-240x300.jpeg 240w, https:\/\/agora.xtec.cat\/escolalesllisses\/wp-content\/uploads\/usu2000\/2022\/02\/racons-768x960.jpeg 768w, https:\/\/agora.xtec.cat\/escolalesllisses\/wp-content\/uploads\/usu2000\/2022\/02\/racons-1229x1536.jpeg 1229w, https:\/\/agora.xtec.cat\/escolalesllisses\/wp-content\/uploads\/usu2000\/2022\/02\/racons.jpeg 1440w\" sizes=\"auto, (max-width: 516px) 100vw, 516px\" \/><\/a><br \/>\nAquest contingut sorgeix a partir del Projecte que estem treballant (El pas del temps), on estem descobrint com mesurem el temps, com l\u2019organitzem, com \u00e9s el nostre passat personal&#8230;<br \/>\n\ud83d\uddbc\ufe0f A partir d\u2019un llibret de la nostra hist\u00f2ria, vam comen\u00e7ar a fer una descripci\u00f3 personal i vam veure que necessitavem adjectius per explicar com era el nostre cos\ud83d\udeb6\ud83c\udffc\u200d\u2640\ufe0f, la nostra cara \ud83d\udc66\ud83c\udffc, els ulls \ud83d\udc41\ufe0f&#8230; I ens hi vam posar!<\/p>\n<p>S\u00f3n racons l\u00fadics i din\u00e0mics, per\u00f2 que alhora ens permeten treballar a la perfecci\u00f3 la descripci\u00f3 i la utilitzaci\u00f3 dels adjectius.<\/p>\n","protected":false},"excerpt":{"rendered":"<p>\ud83d\udc45 RACONS DE LLENGUA a 3r: Els adjectius \ud83d\udc45 Els nens i nenes de 3r hem comen\u00e7at una nova roda de Racons de llengua, estem treballant ELS ADJECTIUS. Aquest contingut sorgeix a partir del Projecte que estem treballant (El pas del temps), on estem descobrint com mesurem el temps, com l\u2019organitzem, com \u00e9s el nostre [&hellip;]<\/p>\n","protected":false},"author":1,"featured_media":0,"comment_status":"closed","ping_status":"closed","sticky":false,"template":"","format":"standard","meta":{"_bbp_topic_count":0,"_bbp_reply_count":0,"_bbp_total_topic_count":0,"_bbp_total_reply_count":0,"_bbp_voice_count":0,"_bbp_anonymous_reply_count":0,"_bbp_topic_count_hidden":0,"_bbp_reply_count_hidden":0,"_bbp_forum_subforum_count":0,"site-sidebar-layout":"default","site-content-layout":"","ast-site-content-layout":"","site-content-style":"default","site-sidebar-style":"default","ast-global-header-display":"","ast-banner-title-visibility":"","ast-main-header-display":"","ast-hfb-above-header-display":"","ast-hfb-below-header-display":"","ast-hfb-mobile-header-display":"","site-post-title":"","ast-breadcrumbs-content":"","ast-featured-img":"","footer-sml-layout":"","theme-transparent-header-meta":"","adv-header-id-meta":"","stick-header-meta":"","header-above-stick-meta":"","header-main-stick-meta":"","header-below-stick-meta":"","astra-migrate-meta-layouts":"default","ast-page-background-enabled":"default","ast-page-background-meta":{"desktop":{"background-color":"var(--ast-global-color-4)","background-image":"","background-repeat":"repeat","background-position":"center center","background-size":"auto","background-attachment":"scroll","background-type":"","background-media":"","overlay-type":"","overlay-color":"","overlay-opacity":"","overlay-gradient":""},"tablet":{"background-color":"","background-image":"","background-repeat":"repeat","background-position":"center center","background-size":"auto","background-attachment":"scroll","background-type":"","background-media":"","overlay-type":"","overlay-color":"","overlay-opacity":"","overlay-gradient":""},"mobile":{"background-color":"","background-image":"","background-repeat":"repeat","background-position":"center center","background-size":"auto","background-attachment":"scroll","background-type":"","background-media":"","overlay-type":"","overlay-color":"","overlay-opacity":"","overlay-gradient":""}},"ast-content-background-meta":{"desktop":{"background-color":"var(--ast-global-color-5)","background-image":"","background-repeat":"repeat","background-position":"center center","background-size":"auto","background-attachment":"scroll","background-type":"","background-media":"","overlay-type":"","overlay-color":"","overlay-opacity":"","overlay-gradient":""},"tablet":{"background-color":"var(--ast-global-color-5)","background-image":"","background-repeat":"repeat","background-position":"center center","background-size":"auto","background-attachment":"scroll","background-type":"","background-media":"","overlay-type":"","overlay-color":"","overlay-opacity":"","overlay-gradient":""},"mobile":{"background-color":"var(--ast-global-color-5)","background-image":"","background-repeat":"repeat","background-position":"center center","background-size":"auto","background-attachment":"scroll","background-type":"","background-media":"","overlay-type":"","overlay-color":"","overlay-opacity":"","overlay-gradient":""}},"footnotes":""},"categories":[66,70,1,4],"tags":[],"class_list":["post-3293","post","type-post","status-publish","format-standard","hentry","category-cicle-mitja","category-cicles","category-general","category-portada"],"post_mailing_queue_ids":[],"_links":{"self":[{"href":"https:\/\/agora.xtec.cat\/escolalesllisses\/wp-json\/wp\/v2\/posts\/3293","targetHints":{"allow":["GET"]}}],"collection":[{"href":"https:\/\/agora.xtec.cat\/escolalesllisses\/wp-json\/wp\/v2\/posts"}],"about":[{"href":"https:\/\/agora.xtec.cat\/escolalesllisses\/wp-json\/wp\/v2\/types\/post"}],"author":[{"embeddable":true,"href":"https:\/\/agora.xtec.cat\/escolalesllisses\/wp-json\/wp\/v2\/users\/1"}],"replies":[{"embeddable":true,"href":"https:\/\/agora.xtec.cat\/escolalesllisses\/wp-json\/wp\/v2\/comments?post=3293"}],"version-history":[{"count":2,"href":"https:\/\/agora.xtec.cat\/escolalesllisses\/wp-json\/wp\/v2\/posts\/3293\/revisions"}],"predecessor-version":[{"id":3296,"href":"https:\/\/agora.xtec.cat\/escolalesllisses\/wp-json\/wp\/v2\/posts\/3293\/revisions\/3296"}],"wp:attachment":[{"href":"https:\/\/agora.xtec.cat\/escolalesllisses\/wp-json\/wp\/v2\/media?parent=3293"}],"wp:term":[{"taxonomy":"category","embeddable":true,"href":"https:\/\/agora.xtec.cat\/escolalesllisses\/wp-json\/wp\/v2\/categories?post=3293"},{"taxonomy":"post_tag","embeddable":true,"href":"https:\/\/agora.xtec.cat\/escolalesllisses\/wp-json\/wp\/v2\/tags?post=3293"}],"curies":[{"name":"wp","href":"https:\/\/api.w.org\/{rel}","templated":true}]}}