{"id":3225,"date":"2022-01-24T11:17:22","date_gmt":"2022-01-24T10:17:22","guid":{"rendered":"https:\/\/agora.xtec.cat\/escolalesllisses\/?p=3225"},"modified":"2022-02-08T15:58:14","modified_gmt":"2022-02-08T14:58:14","slug":"escola-verda-insonoritzacio-del-menjador","status":"publish","type":"post","link":"https:\/\/agora.xtec.cat\/escolalesllisses\/general\/escola-verda-insonoritzacio-del-menjador\/","title":{"rendered":"2021-22 ESCOLA VERDA Insonoritzaci\u00f3 del menjador"},"content":{"rendered":"<p><img loading=\"lazy\" decoding=\"async\" class=\"aligncenter size-medium wp-image-3233\" src=\"https:\/\/agora.xtec.cat\/escolalesllisses\/wp-content\/uploads\/usu2000\/2022\/01\/menjadorrrrrrr-300x166.jpg\" alt=\"\" width=\"300\" height=\"166\" srcset=\"https:\/\/agora.xtec.cat\/escolalesllisses\/wp-content\/uploads\/usu2000\/2022\/01\/menjadorrrrrrr-300x166.jpg 300w, https:\/\/agora.xtec.cat\/escolalesllisses\/wp-content\/uploads\/usu2000\/2022\/01\/menjadorrrrrrr-1024x565.jpg 1024w, https:\/\/agora.xtec.cat\/escolalesllisses\/wp-content\/uploads\/usu2000\/2022\/01\/menjadorrrrrrr-768x424.jpg 768w, https:\/\/agora.xtec.cat\/escolalesllisses\/wp-content\/uploads\/usu2000\/2022\/01\/menjadorrrrrrr.jpg 1080w\" sizes=\"auto, (max-width: 300px) 100vw, 300px\" \/><\/p>\n<p style=\"text-align: justify;\">Com a <strong>escola verda<\/strong> que som, el curs passat ens vam preocupar per la contaminaci\u00f3 ac\u00fastica que hi havia al centre. Tenint en compte la influ\u00e8ncia del soroll en l&#8217;estat an\u00edmic i de concentraci\u00f3 dels infants, vam engegar un estudi sobre el nivell de soroll que hi havia en diferents moments <span style=\"font-weight: 400;\">del dia: quan f\u00e8iem activitats individuals, en petit grup, en converses en gran grup, quan mov\u00edem les taules, quan f\u00e8iem activitats en moviment (com les estones d\u2019educaci\u00f3 f\u00edsica o al pati)\u2026 Amb una escala de soroll vam comparar i saber si el soroll que hi havia era adequat pel treball a l\u2019aula o n\u2019hi havia massa.<\/span><\/p>\n<p><img loading=\"lazy\" decoding=\"async\" class=\"size-medium wp-image-3226 alignnone\" src=\"https:\/\/agora.xtec.cat\/escolalesllisses\/wp-content\/uploads\/usu2000\/2022\/01\/sonometre-300x267.jpg\" alt=\"\" width=\"300\" height=\"267\" srcset=\"https:\/\/agora.xtec.cat\/escolalesllisses\/wp-content\/uploads\/usu2000\/2022\/01\/sonometre-300x267.jpg 300w, https:\/\/agora.xtec.cat\/escolalesllisses\/wp-content\/uploads\/usu2000\/2022\/01\/sonometre-1024x911.jpg 1024w, https:\/\/agora.xtec.cat\/escolalesllisses\/wp-content\/uploads\/usu2000\/2022\/01\/sonometre-768x683.jpg 768w, https:\/\/agora.xtec.cat\/escolalesllisses\/wp-content\/uploads\/usu2000\/2022\/01\/sonometre.jpg 1080w\" sizes=\"auto, (max-width: 300px) 100vw, 300px\" \/>\u00a0 \u00a0 \u00a0 \u00a0 \u00a0 \u00a0 <img loading=\"lazy\" decoding=\"async\" class=\"size-medium wp-image-3227 alignnone\" src=\"https:\/\/agora.xtec.cat\/escolalesllisses\/wp-content\/uploads\/usu2000\/2022\/01\/nena-sonometre-300x268.jpg\" alt=\"\" width=\"300\" height=\"268\" srcset=\"https:\/\/agora.xtec.cat\/escolalesllisses\/wp-content\/uploads\/usu2000\/2022\/01\/nena-sonometre-300x268.jpg 300w, https:\/\/agora.xtec.cat\/escolalesllisses\/wp-content\/uploads\/usu2000\/2022\/01\/nena-sonometre-1024x913.jpg 1024w, https:\/\/agora.xtec.cat\/escolalesllisses\/wp-content\/uploads\/usu2000\/2022\/01\/nena-sonometre-768x685.jpg 768w, https:\/\/agora.xtec.cat\/escolalesllisses\/wp-content\/uploads\/usu2000\/2022\/01\/nena-sonometre.jpg 1080w\" sizes=\"auto, (max-width: 300px) 100vw, 300px\" \/><\/p>\n<p style=\"text-align: justify;\"><span style=\"font-weight: 400;\">Despr\u00e9s de fer aquesta diagnosi i posar en com\u00fa totes les dades recopilades per tots els grups, des de P3 fins a 6\u00e8, vam poder comprovar que gaireb\u00e9 en totes les activitats de l\u2019escola els nivells de soroll eren adequats, tret de dos moments: a les estones del migdia, dinant al menjador, i quan els\/les alumnes d\u2019infantil feien psicomotricitat.\u00a0<\/span><\/p>\n<p style=\"text-align: justify;\"><span style=\"font-weight: 400;\">Ens van portar un sem\u00e0for que ens ajudava a adonar-nos del soroll que est\u00e0vem fent, i el van fer servir alguns grups a les aules. Tamb\u00e9 es va col\u00b7locar a l\u2019aula de psicomotricitat i al menjador.\u00a0<\/span><\/p>\n<p><img loading=\"lazy\" decoding=\"async\" class=\"size-medium wp-image-3228 alignnone\" src=\"https:\/\/agora.xtec.cat\/escolalesllisses\/wp-content\/uploads\/usu2000\/2022\/01\/aula2-300x225.jpg\" alt=\"\" width=\"300\" height=\"225\" srcset=\"https:\/\/agora.xtec.cat\/escolalesllisses\/wp-content\/uploads\/usu2000\/2022\/01\/aula2-300x225.jpg 300w, https:\/\/agora.xtec.cat\/escolalesllisses\/wp-content\/uploads\/usu2000\/2022\/01\/aula2-1024x768.jpg 1024w, https:\/\/agora.xtec.cat\/escolalesllisses\/wp-content\/uploads\/usu2000\/2022\/01\/aula2-768x576.jpg 768w, https:\/\/agora.xtec.cat\/escolalesllisses\/wp-content\/uploads\/usu2000\/2022\/01\/aula2-1536x1152.jpg 1536w, https:\/\/agora.xtec.cat\/escolalesllisses\/wp-content\/uploads\/usu2000\/2022\/01\/aula2-2048x1536.jpg 2048w, https:\/\/agora.xtec.cat\/escolalesllisses\/wp-content\/uploads\/usu2000\/2022\/01\/aula2-200x150.jpg 200w\" sizes=\"auto, (max-width: 300px) 100vw, 300px\" \/>\u00a0 \u00a0 \u00a0 \u00a0 \u00a0 \u00a0 \u00a0<img loading=\"lazy\" decoding=\"async\" class=\"size-medium wp-image-3229 alignnone\" src=\"https:\/\/agora.xtec.cat\/escolalesllisses\/wp-content\/uploads\/usu2000\/2022\/01\/psico2-300x225.jpg\" alt=\"\" width=\"300\" height=\"225\" srcset=\"https:\/\/agora.xtec.cat\/escolalesllisses\/wp-content\/uploads\/usu2000\/2022\/01\/psico2-300x225.jpg 300w, https:\/\/agora.xtec.cat\/escolalesllisses\/wp-content\/uploads\/usu2000\/2022\/01\/psico2-1024x768.jpg 1024w, https:\/\/agora.xtec.cat\/escolalesllisses\/wp-content\/uploads\/usu2000\/2022\/01\/psico2-768x576.jpg 768w, https:\/\/agora.xtec.cat\/escolalesllisses\/wp-content\/uploads\/usu2000\/2022\/01\/psico2-1536x1152.jpg 1536w, https:\/\/agora.xtec.cat\/escolalesllisses\/wp-content\/uploads\/usu2000\/2022\/01\/psico2-2048x1536.jpg 2048w, https:\/\/agora.xtec.cat\/escolalesllisses\/wp-content\/uploads\/usu2000\/2022\/01\/psico2-200x150.jpg 200w\" sizes=\"auto, (max-width: 300px) 100vw, 300px\" \/><\/p>\n<p><img loading=\"lazy\" decoding=\"async\" class=\"size-medium wp-image-3230 alignnone\" src=\"https:\/\/agora.xtec.cat\/escolalesllisses\/wp-content\/uploads\/usu2000\/2022\/01\/menjadorrr-300x225.jpg\" alt=\"\" width=\"300\" height=\"225\" srcset=\"https:\/\/agora.xtec.cat\/escolalesllisses\/wp-content\/uploads\/usu2000\/2022\/01\/menjadorrr-300x225.jpg 300w, https:\/\/agora.xtec.cat\/escolalesllisses\/wp-content\/uploads\/usu2000\/2022\/01\/menjadorrr-1024x768.jpg 1024w, https:\/\/agora.xtec.cat\/escolalesllisses\/wp-content\/uploads\/usu2000\/2022\/01\/menjadorrr-768x576.jpg 768w, https:\/\/agora.xtec.cat\/escolalesllisses\/wp-content\/uploads\/usu2000\/2022\/01\/menjadorrr-1536x1152.jpg 1536w, https:\/\/agora.xtec.cat\/escolalesllisses\/wp-content\/uploads\/usu2000\/2022\/01\/menjadorrr-2048x1536.jpg 2048w, https:\/\/agora.xtec.cat\/escolalesllisses\/wp-content\/uploads\/usu2000\/2022\/01\/menjadorrr-200x150.jpg 200w\" sizes=\"auto, (max-width: 300px) 100vw, 300px\" \/>\u00a0 \u00a0 \u00a0 \u00a0 \u00a0 \u00a0 \u00a0<img loading=\"lazy\" decoding=\"async\" class=\"size-medium wp-image-3231 alignnone\" src=\"https:\/\/agora.xtec.cat\/escolalesllisses\/wp-content\/uploads\/usu2000\/2022\/01\/menjador-222-300x223.jpg\" alt=\"\" width=\"300\" height=\"223\" srcset=\"https:\/\/agora.xtec.cat\/escolalesllisses\/wp-content\/uploads\/usu2000\/2022\/01\/menjador-222-300x223.jpg 300w, https:\/\/agora.xtec.cat\/escolalesllisses\/wp-content\/uploads\/usu2000\/2022\/01\/menjador-222-1024x762.jpg 1024w, https:\/\/agora.xtec.cat\/escolalesllisses\/wp-content\/uploads\/usu2000\/2022\/01\/menjador-222-768x571.jpg 768w, https:\/\/agora.xtec.cat\/escolalesllisses\/wp-content\/uploads\/usu2000\/2022\/01\/menjador-222-1536x1143.jpg 1536w, https:\/\/agora.xtec.cat\/escolalesllisses\/wp-content\/uploads\/usu2000\/2022\/01\/menjador-222-2048x1524.jpg 2048w, https:\/\/agora.xtec.cat\/escolalesllisses\/wp-content\/uploads\/usu2000\/2022\/01\/menjador-222-200x150.jpg 200w\" sizes=\"auto, (max-width: 300px) 100vw, 300px\" \/><\/p>\n<p>Tot i estar fent activitats tranquil\u00b7les a l&#8217;aula de psicomotricitat i havent pocs alumnes al menjador, els decibels superaven els establerts. Es va fer saber a l&#8217;Ajuntament, mitjan\u00e7ant una carta escrita per 5\u00e8 en representaci\u00f3 de tota l&#8217;escola, de la necessitat d&#8217;insonoritzar el menjador. Tots els grups van dir la seva:<\/p>\n<p style=\"text-align: center;\"><span style=\"font-weight: 400;\">\u201cVolem dinar sense soroll\u201d <\/span><span style=\"font-weight: 400;\">P3\u00a0 <\/span><\/p>\n<p style=\"text-align: center;\"><span style=\"font-weight: 400;\">&#8220;Volem fer psicomotricitat i passar-ho b\u00e9 sense que ressoni tant l\u2019aula\u201d <\/span><span style=\"font-weight: 400;\">P4<\/span><\/p>\n<p style=\"text-align: center;\"><span style=\"font-weight: 400;\">\u201cProu soroll a l\u2019escola\u201d\u00a0<\/span><span style=\"font-weight: 400;\">P5<\/span><\/p>\n<p style=\"text-align: center;\"><span style=\"font-weight: 400;\">\u201cRecordeu, el sem\u00e0for sempre verd!\u201d\u00a0<\/span><span style=\"font-weight: 400;\">1r<\/span><\/p>\n<p style=\"text-align: center;\"><span style=\"font-weight: 400;\">\u201cVolem dinar tranquils i tranquil\u00b7les\u201d <\/span><span style=\"font-weight: 400;\">2n<\/span><\/p>\n<p style=\"text-align: center;\"><span style=\"font-weight: 400;\">\u201cSi ens insonoritzeu el menjador, la nostra vida ser\u00e0 millor\u201d\u00a0<\/span><span style=\"font-weight: 400;\">3r<\/span><\/p>\n<p style=\"text-align: center;\"><span style=\"font-weight: 400;\">\u201cMenys soroll i m\u00e9s tranquil\u00b7litat\u201d\u00a0<\/span><span style=\"font-weight: 400;\">4t<\/span><\/p>\n<p style=\"text-align: center;\"><span style=\"font-weight: 400;\">\u201cEns agradaria, necessitem i volem que insonoritzeu el menjador\u201d\u00a0<\/span><span style=\"font-weight: 400;\">5\u00e8<\/span><\/p>\n<p style=\"text-align: center;\"><span style=\"font-weight: 400;\">\u201cEns fem grans amb sorolls petits\u201d <\/span><span style=\"font-weight: 400;\">6\u00e8<\/span><\/p>\n<p>L&#8217;Ajuntament ha resp\u00f2s \u00e0gilment i ja ens han instal\u00b7lat panells fonoabsorvents al menjador i l&#8217;aula de psicomotricitat. Tota l&#8217;escola els estem molt agra\u00efts per contribuir a estar-hi m\u00e9s tranquils i feli\u00e7os.<\/p>\n","protected":false},"excerpt":{"rendered":"<p>Com a escola verda que som, el curs passat ens vam preocupar per la contaminaci\u00f3 ac\u00fastica que hi havia al centre. Tenint en compte la influ\u00e8ncia del soroll en l&#8217;estat an\u00edmic i de concentraci\u00f3 dels infants, vam engegar un estudi sobre el nivell de soroll que hi havia en diferents moments del dia: quan f\u00e8iem [&hellip;]<\/p>\n","protected":false},"author":3,"featured_media":3233,"comment_status":"closed","ping_status":"closed","sticky":false,"template":"","format":"standard","meta":{"_bbp_topic_count":0,"_bbp_reply_count":0,"_bbp_total_topic_count":0,"_bbp_total_reply_count":0,"_bbp_voice_count":0,"_bbp_anonymous_reply_count":0,"_bbp_topic_count_hidden":0,"_bbp_reply_count_hidden":0,"_bbp_forum_subforum_count":0,"site-sidebar-layout":"default","site-content-layout":"","ast-site-content-layout":"","site-content-style":"default","site-sidebar-style":"default","ast-global-header-display":"","ast-banner-title-visibility":"","ast-main-header-display":"","ast-hfb-above-header-display":"","ast-hfb-below-header-display":"","ast-hfb-mobile-header-display":"","site-post-title":"","ast-breadcrumbs-content":"","ast-featured-img":"","footer-sml-layout":"","theme-transparent-header-meta":"","adv-header-id-meta":"","stick-header-meta":"","header-above-stick-meta":"","header-main-stick-meta":"","header-below-stick-meta":"","astra-migrate-meta-layouts":"default","ast-page-background-enabled":"default","ast-page-background-meta":{"desktop":{"background-color":"var(--ast-global-color-4)","background-image":"","background-repeat":"repeat","background-position":"center center","background-size":"auto","background-attachment":"scroll","background-type":"","background-media":"","overlay-type":"","overlay-color":"","overlay-opacity":"","overlay-gradient":""},"tablet":{"background-color":"","background-image":"","background-repeat":"repeat","background-position":"center center","background-size":"auto","background-attachment":"scroll","background-type":"","background-media":"","overlay-type":"","overlay-color":"","overlay-opacity":"","overlay-gradient":""},"mobile":{"background-color":"","background-image":"","background-repeat":"repeat","background-position":"center center","background-size":"auto","background-attachment":"scroll","background-type":"","background-media":"","overlay-type":"","overlay-color":"","overlay-opacity":"","overlay-gradient":""}},"ast-content-background-meta":{"desktop":{"background-color":"var(--ast-global-color-5)","background-image":"","background-repeat":"repeat","background-position":"center center","background-size":"auto","background-attachment":"scroll","background-type":"","background-media":"","overlay-type":"","overlay-color":"","overlay-opacity":"","overlay-gradient":""},"tablet":{"background-color":"var(--ast-global-color-5)","background-image":"","background-repeat":"repeat","background-position":"center center","background-size":"auto","background-attachment":"scroll","background-type":"","background-media":"","overlay-type":"","overlay-color":"","overlay-opacity":"","overlay-gradient":""},"mobile":{"background-color":"var(--ast-global-color-5)","background-image":"","background-repeat":"repeat","background-position":"center center","background-size":"auto","background-attachment":"scroll","background-type":"","background-media":"","overlay-type":"","overlay-color":"","overlay-opacity":"","overlay-gradient":""}},"footnotes":""},"categories":[1,4],"tags":[],"class_list":["post-3225","post","type-post","status-publish","format-standard","has-post-thumbnail","hentry","category-general","category-portada"],"post_mailing_queue_ids":[],"_links":{"self":[{"href":"https:\/\/agora.xtec.cat\/escolalesllisses\/wp-json\/wp\/v2\/posts\/3225","targetHints":{"allow":["GET"]}}],"collection":[{"href":"https:\/\/agora.xtec.cat\/escolalesllisses\/wp-json\/wp\/v2\/posts"}],"about":[{"href":"https:\/\/agora.xtec.cat\/escolalesllisses\/wp-json\/wp\/v2\/types\/post"}],"author":[{"embeddable":true,"href":"https:\/\/agora.xtec.cat\/escolalesllisses\/wp-json\/wp\/v2\/users\/3"}],"replies":[{"embeddable":true,"href":"https:\/\/agora.xtec.cat\/escolalesllisses\/wp-json\/wp\/v2\/comments?post=3225"}],"version-history":[{"count":3,"href":"https:\/\/agora.xtec.cat\/escolalesllisses\/wp-json\/wp\/v2\/posts\/3225\/revisions"}],"predecessor-version":[{"id":3281,"href":"https:\/\/agora.xtec.cat\/escolalesllisses\/wp-json\/wp\/v2\/posts\/3225\/revisions\/3281"}],"wp:featuredmedia":[{"embeddable":true,"href":"https:\/\/agora.xtec.cat\/escolalesllisses\/wp-json\/wp\/v2\/media\/3233"}],"wp:attachment":[{"href":"https:\/\/agora.xtec.cat\/escolalesllisses\/wp-json\/wp\/v2\/media?parent=3225"}],"wp:term":[{"taxonomy":"category","embeddable":true,"href":"https:\/\/agora.xtec.cat\/escolalesllisses\/wp-json\/wp\/v2\/categories?post=3225"},{"taxonomy":"post_tag","embeddable":true,"href":"https:\/\/agora.xtec.cat\/escolalesllisses\/wp-json\/wp\/v2\/tags?post=3225"}],"curies":[{"name":"wp","href":"https:\/\/api.w.org\/{rel}","templated":true}]}}