{"id":2840,"date":"2021-06-22T13:31:30","date_gmt":"2021-06-22T11:31:30","guid":{"rendered":"https:\/\/agora.xtec.cat\/escolalesllisses\/?p=2840"},"modified":"2021-06-22T16:20:03","modified_gmt":"2021-06-22T14:20:03","slug":"2020-2021-ci-final-de-curs","status":"publish","type":"post","link":"https:\/\/agora.xtec.cat\/escolalesllisses\/general\/2020-2021-ci-final-de-curs\/","title":{"rendered":"2020-2021 CI Final de curs"},"content":{"rendered":"<h6><span style=\"font-weight: 400;\">Bon dia a tothom, avui dia 22 de Juny els vostres nens i nenes han fet un super tancament del curs 2020-2021, un any molt especial alhora que ple de reptes que em superat de valent. Volem compartir amb vosaltres les activitats que hem fet durant el mat\u00ed. Per veure les fotografies cliqueu <span style=\"text-decoration: underline;\"><strong><a href=\"https:\/\/photos.app.goo.gl\/NKa8BritYfhpGpm89\">AQU\u00cd<\/a><\/strong><\/span>. <\/span><\/h6>\n<p><span style=\"font-weight: 400;\">I no penseu pas que els vostres fills i filles s\u2019han oblidat de totes vosaltres, fam\u00edlies. Els vostres fills i filles us tenen preparada una petita sorpresa en forma de v\u00eddeo que esperen i esperem que us agradi, perqu\u00e8 l\u2019hem gravat amb molta il\u00b7lusi\u00f3!\u00a0<\/span><\/p>\n<p><span style=\"font-weight: 400;\">Bon estiu, carregeu piles pel nou curs i bones vacances!<\/span><\/p>\n<h5><strong>Podreu trobar el vostre v\u00eddeo regalet a continuaci\u00f3:\u00a0<\/strong><span style=\"font-weight: 400;\"><br \/>\n<\/span><\/h5>\n<ul>\n<li style=\"font-weight: 400;\" aria-level=\"1\"><a href=\"https:\/\/photos.app.goo.gl\/5ftBS6wTcUkGz1AX7\"><span style=\"font-weight: 400;\">1r A<\/span><\/a><\/li>\n<li style=\"font-weight: 400;\" aria-level=\"1\"><a href=\"https:\/\/photos.app.goo.gl\/QaQzb6XAsqyx5D549\"><span style=\"font-weight: 400;\">1r B<\/span><\/a><\/li>\n<li style=\"font-weight: 400;\" aria-level=\"1\"><a href=\"https:\/\/photos.app.goo.gl\/BNhXjGNp6hssPTMC9\"><span style=\"font-weight: 400;\">2nA<\/span><\/a><\/li>\n<li style=\"font-weight: 400;\" aria-level=\"1\"><span style=\"font-weight: 400;\"><a href=\"https:\/\/photos.app.goo.gl\/oARaijntdSWdB3Lb8\">2nB<\/a><\/span><\/li>\n<\/ul>\n<p>Una abra\u00e7ada molt forta i gaudiu de l&#8217;estiu!<\/p>\n","protected":false},"excerpt":{"rendered":"<p>Bon dia a tothom, avui dia 22 de Juny els vostres nens i nenes han fet un super tancament del curs 2020-2021, un any molt especial alhora que ple de reptes que em superat de valent. Volem compartir amb vosaltres les activitats que hem fet durant el mat\u00ed. Per veure les fotografies cliqueu AQU\u00cd. I [&hellip;]<\/p>\n","protected":false},"author":3,"featured_media":0,"comment_status":"closed","ping_status":"closed","sticky":false,"template":"","format":"standard","meta":{"_bbp_topic_count":0,"_bbp_reply_count":0,"_bbp_total_topic_count":0,"_bbp_total_reply_count":0,"_bbp_voice_count":0,"_bbp_anonymous_reply_count":0,"_bbp_topic_count_hidden":0,"_bbp_reply_count_hidden":0,"_bbp_forum_subforum_count":0,"site-sidebar-layout":"default","site-content-layout":"","ast-site-content-layout":"","site-content-style":"default","site-sidebar-style":"default","ast-global-header-display":"","ast-banner-title-visibility":"","ast-main-header-display":"","ast-hfb-above-header-display":"","ast-hfb-below-header-display":"","ast-hfb-mobile-header-display":"","site-post-title":"","ast-breadcrumbs-content":"","ast-featured-img":"","footer-sml-layout":"","theme-transparent-header-meta":"","adv-header-id-meta":"","stick-header-meta":"","header-above-stick-meta":"","header-main-stick-meta":"","header-below-stick-meta":"","astra-migrate-meta-layouts":"default","ast-page-background-enabled":"default","ast-page-background-meta":{"desktop":{"background-color":"var(--ast-global-color-4)","background-image":"","background-repeat":"repeat","background-position":"center center","background-size":"auto","background-attachment":"scroll","background-type":"","background-media":"","overlay-type":"","overlay-color":"","overlay-opacity":"","overlay-gradient":""},"tablet":{"background-color":"","background-image":"","background-repeat":"repeat","background-position":"center center","background-size":"auto","background-attachment":"scroll","background-type":"","background-media":"","overlay-type":"","overlay-color":"","overlay-opacity":"","overlay-gradient":""},"mobile":{"background-color":"","background-image":"","background-repeat":"repeat","background-position":"center center","background-size":"auto","background-attachment":"scroll","background-type":"","background-media":"","overlay-type":"","overlay-color":"","overlay-opacity":"","overlay-gradient":""}},"ast-content-background-meta":{"desktop":{"background-color":"var(--ast-global-color-5)","background-image":"","background-repeat":"repeat","background-position":"center center","background-size":"auto","background-attachment":"scroll","background-type":"","background-media":"","overlay-type":"","overlay-color":"","overlay-opacity":"","overlay-gradient":""},"tablet":{"background-color":"var(--ast-global-color-5)","background-image":"","background-repeat":"repeat","background-position":"center center","background-size":"auto","background-attachment":"scroll","background-type":"","background-media":"","overlay-type":"","overlay-color":"","overlay-opacity":"","overlay-gradient":""},"mobile":{"background-color":"var(--ast-global-color-5)","background-image":"","background-repeat":"repeat","background-position":"center center","background-size":"auto","background-attachment":"scroll","background-type":"","background-media":"","overlay-type":"","overlay-color":"","overlay-opacity":"","overlay-gradient":""}},"footnotes":""},"categories":[65,70,1,4],"tags":[],"class_list":["post-2840","post","type-post","status-publish","format-standard","hentry","category-cicle-inicial","category-cicles","category-general","category-portada"],"post_mailing_queue_ids":[],"_links":{"self":[{"href":"https:\/\/agora.xtec.cat\/escolalesllisses\/wp-json\/wp\/v2\/posts\/2840","targetHints":{"allow":["GET"]}}],"collection":[{"href":"https:\/\/agora.xtec.cat\/escolalesllisses\/wp-json\/wp\/v2\/posts"}],"about":[{"href":"https:\/\/agora.xtec.cat\/escolalesllisses\/wp-json\/wp\/v2\/types\/post"}],"author":[{"embeddable":true,"href":"https:\/\/agora.xtec.cat\/escolalesllisses\/wp-json\/wp\/v2\/users\/3"}],"replies":[{"embeddable":true,"href":"https:\/\/agora.xtec.cat\/escolalesllisses\/wp-json\/wp\/v2\/comments?post=2840"}],"version-history":[{"count":3,"href":"https:\/\/agora.xtec.cat\/escolalesllisses\/wp-json\/wp\/v2\/posts\/2840\/revisions"}],"predecessor-version":[{"id":2850,"href":"https:\/\/agora.xtec.cat\/escolalesllisses\/wp-json\/wp\/v2\/posts\/2840\/revisions\/2850"}],"wp:attachment":[{"href":"https:\/\/agora.xtec.cat\/escolalesllisses\/wp-json\/wp\/v2\/media?parent=2840"}],"wp:term":[{"taxonomy":"category","embeddable":true,"href":"https:\/\/agora.xtec.cat\/escolalesllisses\/wp-json\/wp\/v2\/categories?post=2840"},{"taxonomy":"post_tag","embeddable":true,"href":"https:\/\/agora.xtec.cat\/escolalesllisses\/wp-json\/wp\/v2\/tags?post=2840"}],"curies":[{"name":"wp","href":"https:\/\/api.w.org\/{rel}","templated":true}]}}