{"id":1726,"date":"2020-11-03T21:19:03","date_gmt":"2020-11-03T20:19:03","guid":{"rendered":"https:\/\/agora.xtec.cat\/escolalesllisses\/?p=1726"},"modified":"2020-11-03T21:41:36","modified_gmt":"2020-11-03T20:41:36","slug":"2020-21-la-castanyada-al-cicle-mitja","status":"publish","type":"post","link":"https:\/\/agora.xtec.cat\/escolalesllisses\/general\/2020-21-la-castanyada-al-cicle-mitja\/","title":{"rendered":"2020-21 La Castanyada al Cicle Mitj\u00e0"},"content":{"rendered":"<h4 style=\"text-align: center;\"><strong>Tots i totes<\/strong> esper\u00e0vem amb moltes ganes <span style=\"color: #ff6600;\">la tardor<\/span> perqu\u00e8 amb ella arriba <span style=\"color: #ff6600;\"><strong>LA CASTANYAD<\/strong>A<\/span>, una celebraci\u00f3 que gaudim molt a l&#8217;escola. \ud83d\ude00<\/h4>\n<h5>Els <span style=\"color: #ffcc00;\"><em><strong>balls<\/strong><\/em><\/span>, com cada any, s\u00f3n una part molt important del dia. Els nois i noies havien assajat moltes hores amb en Diego, el mestre de m\u00fasica, perqu\u00e8 tot sort\u00eds perfecte. I aix\u00ed va ser! Quin goig veure&#8217;ls a tots i a totes passar-s&#8217;ho tan b\u00e9.<\/h5>\n<h5>A banda dels balls, el mat\u00ed el v\u00e0rem dedicar a parlar sobre la celebraci\u00f3 popular i com aquesta conviu amb el <em><span style=\"color: #ffcc00;\">Halloween<\/span>.<\/em> La N\u00faria, la mestra d&#8217;angl\u00e8s, va venir disfressada de bruixa i va explicar-nos una hist\u00f2ria de por. A m\u00e9s, tamb\u00e9 ens va donar temps a comen\u00e7ar\u00a0un <em><span style=\"color: #ffcc00;\">taller<\/span> <span style=\"color: #ffcc00;\">literari<\/span><\/em> molt divertit: escriure el final d&#8217;un conte sobre la vella castanyera. Tot un repte!<\/h5>\n<h5>La tarda la v\u00e0rem passar elaborant <span style=\"color: #ffcc00;\"><em>manualitats<\/em><\/span>: un m\u00f2bil de tardor i un trencad\u00eds amb fulles preci\u00f3s.<\/h5>\n<h4>Si voleu veure com vam fer totes aquestes activitats, feu clic <a href=\"https:\/\/photos.app.goo.gl\/EQbtKXeKUyfihAyx7\"><span style=\"color: #339966;\"><strong>AQU\u00cd<\/strong><\/span><\/a>!<\/h4>\n<p>Cicle Mitj\u00e0<\/p>\n","protected":false},"excerpt":{"rendered":"<p>Tots i totes esper\u00e0vem amb moltes ganes la tardor perqu\u00e8 amb ella arriba LA CASTANYADA, una celebraci\u00f3 que gaudim molt a l&#8217;escola. \ud83d\ude00 Els balls, com cada any, s\u00f3n una part molt important del dia. Els nois i noies havien assajat moltes hores amb en Diego, el mestre de m\u00fasica, perqu\u00e8 tot sort\u00eds perfecte. I [&hellip;]<\/p>\n","protected":false},"author":3,"featured_media":1728,"comment_status":"closed","ping_status":"closed","sticky":false,"template":"","format":"standard","meta":{"_bbp_topic_count":0,"_bbp_reply_count":0,"_bbp_total_topic_count":0,"_bbp_total_reply_count":0,"_bbp_voice_count":0,"_bbp_anonymous_reply_count":0,"_bbp_topic_count_hidden":0,"_bbp_reply_count_hidden":0,"_bbp_forum_subforum_count":0,"site-sidebar-layout":"default","site-content-layout":"","ast-site-content-layout":"","site-content-style":"default","site-sidebar-style":"default","ast-global-header-display":"","ast-banner-title-visibility":"","ast-main-header-display":"","ast-hfb-above-header-display":"","ast-hfb-below-header-display":"","ast-hfb-mobile-header-display":"","site-post-title":"","ast-breadcrumbs-content":"","ast-featured-img":"","footer-sml-layout":"","theme-transparent-header-meta":"","adv-header-id-meta":"","stick-header-meta":"","header-above-stick-meta":"","header-main-stick-meta":"","header-below-stick-meta":"","astra-migrate-meta-layouts":"default","ast-page-background-enabled":"default","ast-page-background-meta":{"desktop":{"background-color":"var(--ast-global-color-4)","background-image":"","background-repeat":"repeat","background-position":"center center","background-size":"auto","background-attachment":"scroll","background-type":"","background-media":"","overlay-type":"","overlay-color":"","overlay-opacity":"","overlay-gradient":""},"tablet":{"background-color":"","background-image":"","background-repeat":"repeat","background-position":"center center","background-size":"auto","background-attachment":"scroll","background-type":"","background-media":"","overlay-type":"","overlay-color":"","overlay-opacity":"","overlay-gradient":""},"mobile":{"background-color":"","background-image":"","background-repeat":"repeat","background-position":"center center","background-size":"auto","background-attachment":"scroll","background-type":"","background-media":"","overlay-type":"","overlay-color":"","overlay-opacity":"","overlay-gradient":""}},"ast-content-background-meta":{"desktop":{"background-color":"var(--ast-global-color-5)","background-image":"","background-repeat":"repeat","background-position":"center center","background-size":"auto","background-attachment":"scroll","background-type":"","background-media":"","overlay-type":"","overlay-color":"","overlay-opacity":"","overlay-gradient":""},"tablet":{"background-color":"var(--ast-global-color-5)","background-image":"","background-repeat":"repeat","background-position":"center center","background-size":"auto","background-attachment":"scroll","background-type":"","background-media":"","overlay-type":"","overlay-color":"","overlay-opacity":"","overlay-gradient":""},"mobile":{"background-color":"var(--ast-global-color-5)","background-image":"","background-repeat":"repeat","background-position":"center center","background-size":"auto","background-attachment":"scroll","background-type":"","background-media":"","overlay-type":"","overlay-color":"","overlay-opacity":"","overlay-gradient":""}},"footnotes":""},"categories":[66,1,4],"tags":[],"class_list":["post-1726","post","type-post","status-publish","format-standard","has-post-thumbnail","hentry","category-cicle-mitja","category-general","category-portada"],"post_mailing_queue_ids":[],"_links":{"self":[{"href":"https:\/\/agora.xtec.cat\/escolalesllisses\/wp-json\/wp\/v2\/posts\/1726","targetHints":{"allow":["GET"]}}],"collection":[{"href":"https:\/\/agora.xtec.cat\/escolalesllisses\/wp-json\/wp\/v2\/posts"}],"about":[{"href":"https:\/\/agora.xtec.cat\/escolalesllisses\/wp-json\/wp\/v2\/types\/post"}],"author":[{"embeddable":true,"href":"https:\/\/agora.xtec.cat\/escolalesllisses\/wp-json\/wp\/v2\/users\/3"}],"replies":[{"embeddable":true,"href":"https:\/\/agora.xtec.cat\/escolalesllisses\/wp-json\/wp\/v2\/comments?post=1726"}],"version-history":[{"count":2,"href":"https:\/\/agora.xtec.cat\/escolalesllisses\/wp-json\/wp\/v2\/posts\/1726\/revisions"}],"predecessor-version":[{"id":1729,"href":"https:\/\/agora.xtec.cat\/escolalesllisses\/wp-json\/wp\/v2\/posts\/1726\/revisions\/1729"}],"wp:featuredmedia":[{"embeddable":true,"href":"https:\/\/agora.xtec.cat\/escolalesllisses\/wp-json\/wp\/v2\/media\/1728"}],"wp:attachment":[{"href":"https:\/\/agora.xtec.cat\/escolalesllisses\/wp-json\/wp\/v2\/media?parent=1726"}],"wp:term":[{"taxonomy":"category","embeddable":true,"href":"https:\/\/agora.xtec.cat\/escolalesllisses\/wp-json\/wp\/v2\/categories?post=1726"},{"taxonomy":"post_tag","embeddable":true,"href":"https:\/\/agora.xtec.cat\/escolalesllisses\/wp-json\/wp\/v2\/tags?post=1726"}],"curies":[{"name":"wp","href":"https:\/\/api.w.org\/{rel}","templated":true}]}}