{"id":1653,"date":"2020-10-27T16:10:04","date_gmt":"2020-10-27T15:10:04","guid":{"rendered":"https:\/\/agora.xtec.cat\/escolalesllisses\/?p=1653"},"modified":"2020-10-27T17:58:34","modified_gmt":"2020-10-27T16:58:34","slug":"festa-de-la-castanyada-2020","status":"publish","type":"post","link":"https:\/\/agora.xtec.cat\/escolalesllisses\/general\/festa-de-la-castanyada-2020\/","title":{"rendered":"Festa de la Castanyada 2020"},"content":{"rendered":"<p><a href=\"https:\/\/agora.xtec.cat\/escolalesllisses\/wp-content\/uploads\/usu2000\/2020\/07\/Castanyada-2020.png\"><img loading=\"lazy\" decoding=\"async\" class=\"size-large wp-image-1651 aligncenter\" src=\"https:\/\/agora.xtec.cat\/escolalesllisses\/wp-content\/uploads\/usu2000\/2020\/07\/Castanyada-2020-1024x469.png\" alt=\"\" width=\"1024\" height=\"469\" srcset=\"https:\/\/agora.xtec.cat\/escolalesllisses\/wp-content\/uploads\/usu2000\/2020\/07\/Castanyada-2020-1024x469.png 1024w, https:\/\/agora.xtec.cat\/escolalesllisses\/wp-content\/uploads\/usu2000\/2020\/07\/Castanyada-2020-300x138.png 300w, https:\/\/agora.xtec.cat\/escolalesllisses\/wp-content\/uploads\/usu2000\/2020\/07\/Castanyada-2020-768x352.png 768w, https:\/\/agora.xtec.cat\/escolalesllisses\/wp-content\/uploads\/usu2000\/2020\/07\/Castanyada-2020.png 1800w\" sizes=\"auto, (max-width: 1024px) 100vw, 1024px\" \/><\/a><\/p>\n<p>Benvolgudes fam\u00edlies,<\/p>\n<p>El proper divendres 30 d&#8217;octubre celebrem la festa de la Castanyada a l&#8217;escola.<\/p>\n<p>Per a la realitzaci\u00f3 de les danses\u00a0 els vostres fills i filles hauran de portar:<\/p>\n<ul>\n<li>Pantalons texans de color negre o blau\u00a0\/ Faldilla llarga (de qualsevol color, per\u00f2 ha de ser llarga)<\/li>\n<li>Camisa o samarreta blanca llisa.<\/li>\n<li>Un mocador o tela vermella per poder lligar a la cintura<\/li>\n<li>Mocador al cap (opcional)<\/li>\n<\/ul>\n<p>Aquest any les danses les farem per Cicles i els espectadors seran els alumnes del mateix Cicle.<\/p>\n<p>Com ja sabeu i seguint la normativa actual, les fam\u00edlies no podreu accedir al centre i \u00e9s per aix\u00f2 que un cop passada la festa\u00a0 se us enviar\u00e0 un mail amb un enlla\u00e7 on podreu veure el v\u00eddeo amb la dansa del vostre fill o filla.<\/p>\n<p>Durant tot el dia es realitzaran tallers, activitats i les danses relacionades amb la Castanyada. A continuaci\u00f3 us adjuntem l&#8217;horari que seguir\u00e0 cada cicle:<\/p>\n<p><a href=\"https:\/\/agora.xtec.cat\/escolalesllisses\/wp-content\/uploads\/usu2000\/2020\/10\/Programa-de-la-castanyada.pdf\" target=\"_blank\" rel=\"noopener noreferrer\"><img loading=\"lazy\" decoding=\"async\" class=\"aligncenter wp-image-1681 size-large\" src=\"https:\/\/agora.xtec.cat\/escolalesllisses\/wp-content\/uploads\/usu2000\/2020\/10\/cicles-1024x303.png\" alt=\"\" width=\"1024\" height=\"303\" srcset=\"https:\/\/agora.xtec.cat\/escolalesllisses\/wp-content\/uploads\/usu2000\/2020\/10\/cicles-1024x303.png 1024w, https:\/\/agora.xtec.cat\/escolalesllisses\/wp-content\/uploads\/usu2000\/2020\/10\/cicles-300x89.png 300w, https:\/\/agora.xtec.cat\/escolalesllisses\/wp-content\/uploads\/usu2000\/2020\/10\/cicles-768x227.png 768w, https:\/\/agora.xtec.cat\/escolalesllisses\/wp-content\/uploads\/usu2000\/2020\/10\/cicles.png 1923w\" sizes=\"auto, (max-width: 1024px) 100vw, 1024px\" \/><\/a><\/p>\n<p>Davant la situaci\u00f3 actual, aquest no no donarem castanyes a l&#8217;alumnat. \u00c9s per aquesta ra\u00f3 que us suggerim que els vostres fills\/es portin algun producte t\u00edpic de la tardor per esmorzar (castanyes, moniatos, panellets, fruits secs, pomes, mandarines&#8230;).<\/p>\n<p><a href=\"https:\/\/agora.xtec.cat\/escolalesllisses\/wp-content\/uploads\/usu2000\/2020\/10\/recetas-de-panellets.png\"><img loading=\"lazy\" decoding=\"async\" class=\"wp-image-1678 aligncenter\" src=\"https:\/\/agora.xtec.cat\/escolalesllisses\/wp-content\/uploads\/usu2000\/2020\/10\/recetas-de-panellets.png\" alt=\"\" width=\"368\" height=\"246\" srcset=\"https:\/\/agora.xtec.cat\/escolalesllisses\/wp-content\/uploads\/usu2000\/2020\/10\/recetas-de-panellets.png 630w, https:\/\/agora.xtec.cat\/escolalesllisses\/wp-content\/uploads\/usu2000\/2020\/10\/recetas-de-panellets-300x200.png 300w\" sizes=\"auto, (max-width: 368px) 100vw, 368px\" \/><\/a><\/p>\n<p>Moltes gr\u00e0cies per la vostra col\u00b7laboraci\u00f3,<\/p>\n<p>Equip Directiu<\/p>\n","protected":false},"excerpt":{"rendered":"<p>Benvolgudes fam\u00edlies, El proper divendres 30 d&#8217;octubre celebrem la festa de la Castanyada a l&#8217;escola. Per a la realitzaci\u00f3 de les danses\u00a0 els vostres fills i filles hauran de portar: Pantalons texans de color negre o blau\u00a0\/ Faldilla llarga (de qualsevol color, per\u00f2 ha de ser llarga) Camisa o samarreta blanca llisa. Un mocador o [&hellip;]<\/p>\n","protected":false},"author":1,"featured_media":1654,"comment_status":"closed","ping_status":"closed","sticky":false,"template":"","format":"standard","meta":{"_bbp_topic_count":0,"_bbp_reply_count":0,"_bbp_total_topic_count":0,"_bbp_total_reply_count":0,"_bbp_voice_count":0,"_bbp_anonymous_reply_count":0,"_bbp_topic_count_hidden":0,"_bbp_reply_count_hidden":0,"_bbp_forum_subforum_count":0,"site-sidebar-layout":"default","site-content-layout":"","ast-site-content-layout":"","site-content-style":"default","site-sidebar-style":"default","ast-global-header-display":"","ast-banner-title-visibility":"","ast-main-header-display":"","ast-hfb-above-header-display":"","ast-hfb-below-header-display":"","ast-hfb-mobile-header-display":"","site-post-title":"","ast-breadcrumbs-content":"","ast-featured-img":"","footer-sml-layout":"","theme-transparent-header-meta":"","adv-header-id-meta":"","stick-header-meta":"","header-above-stick-meta":"","header-main-stick-meta":"","header-below-stick-meta":"","astra-migrate-meta-layouts":"default","ast-page-background-enabled":"default","ast-page-background-meta":{"desktop":{"background-color":"var(--ast-global-color-4)","background-image":"","background-repeat":"repeat","background-position":"center center","background-size":"auto","background-attachment":"scroll","background-type":"","background-media":"","overlay-type":"","overlay-color":"","overlay-opacity":"","overlay-gradient":""},"tablet":{"background-color":"","background-image":"","background-repeat":"repeat","background-position":"center center","background-size":"auto","background-attachment":"scroll","background-type":"","background-media":"","overlay-type":"","overlay-color":"","overlay-opacity":"","overlay-gradient":""},"mobile":{"background-color":"","background-image":"","background-repeat":"repeat","background-position":"center center","background-size":"auto","background-attachment":"scroll","background-type":"","background-media":"","overlay-type":"","overlay-color":"","overlay-opacity":"","overlay-gradient":""}},"ast-content-background-meta":{"desktop":{"background-color":"var(--ast-global-color-5)","background-image":"","background-repeat":"repeat","background-position":"center center","background-size":"auto","background-attachment":"scroll","background-type":"","background-media":"","overlay-type":"","overlay-color":"","overlay-opacity":"","overlay-gradient":""},"tablet":{"background-color":"var(--ast-global-color-5)","background-image":"","background-repeat":"repeat","background-position":"center center","background-size":"auto","background-attachment":"scroll","background-type":"","background-media":"","overlay-type":"","overlay-color":"","overlay-opacity":"","overlay-gradient":""},"mobile":{"background-color":"var(--ast-global-color-5)","background-image":"","background-repeat":"repeat","background-position":"center center","background-size":"auto","background-attachment":"scroll","background-type":"","background-media":"","overlay-type":"","overlay-color":"","overlay-opacity":"","overlay-gradient":""}},"footnotes":""},"categories":[1,4],"tags":[],"class_list":["post-1653","post","type-post","status-publish","format-standard","has-post-thumbnail","hentry","category-general","category-portada"],"post_mailing_queue_ids":[],"_links":{"self":[{"href":"https:\/\/agora.xtec.cat\/escolalesllisses\/wp-json\/wp\/v2\/posts\/1653","targetHints":{"allow":["GET"]}}],"collection":[{"href":"https:\/\/agora.xtec.cat\/escolalesllisses\/wp-json\/wp\/v2\/posts"}],"about":[{"href":"https:\/\/agora.xtec.cat\/escolalesllisses\/wp-json\/wp\/v2\/types\/post"}],"author":[{"embeddable":true,"href":"https:\/\/agora.xtec.cat\/escolalesllisses\/wp-json\/wp\/v2\/users\/1"}],"replies":[{"embeddable":true,"href":"https:\/\/agora.xtec.cat\/escolalesllisses\/wp-json\/wp\/v2\/comments?post=1653"}],"version-history":[{"count":3,"href":"https:\/\/agora.xtec.cat\/escolalesllisses\/wp-json\/wp\/v2\/posts\/1653\/revisions"}],"predecessor-version":[{"id":1680,"href":"https:\/\/agora.xtec.cat\/escolalesllisses\/wp-json\/wp\/v2\/posts\/1653\/revisions\/1680"}],"wp:featuredmedia":[{"embeddable":true,"href":"https:\/\/agora.xtec.cat\/escolalesllisses\/wp-json\/wp\/v2\/media\/1654"}],"wp:attachment":[{"href":"https:\/\/agora.xtec.cat\/escolalesllisses\/wp-json\/wp\/v2\/media?parent=1653"}],"wp:term":[{"taxonomy":"category","embeddable":true,"href":"https:\/\/agora.xtec.cat\/escolalesllisses\/wp-json\/wp\/v2\/categories?post=1653"},{"taxonomy":"post_tag","embeddable":true,"href":"https:\/\/agora.xtec.cat\/escolalesllisses\/wp-json\/wp\/v2\/tags?post=1653"}],"curies":[{"name":"wp","href":"https:\/\/api.w.org\/{rel}","templated":true}]}}