{"id":1342,"date":"2020-03-31T07:00:50","date_gmt":"2020-03-31T05:00:50","guid":{"rendered":"https:\/\/agora.xtec.cat\/escolalesarrels\/?p=1342"},"modified":"2020-04-15T18:16:14","modified_gmt":"2020-04-15T16:16:14","slug":"tasques-c1-del-31-de-marc-al-7-dabril","status":"publish","type":"post","link":"https:\/\/agora.xtec.cat\/escolalesarrels\/primaria\/c1\/tasques-c1-del-31-de-marc-al-7-dabril\/","title":{"rendered":"TASQUES C1 (DEL 31 DE MAR\u00c7 AL 6 D&#8217;ABRIL)"},"content":{"rendered":"<p>&nbsp;<\/p>\n<p style=\"text-align: justify\">Molt bon dimarts!<\/p>\n<p style=\"text-align: justify\">Les mestres de C1 hem preparat un seguit d\u2019activitats per poder fer durant aquesta setmana.<strong>\u00a0<\/strong>Al seg\u00fcent enlla\u00e7\u00a0trobareu la proposta que us fem desglossada per dies, per\u00f2 us podeu gestionar el temps com vulgueu i triar les activitats que us vinguin m\u00e9s de gust: <strong><a href=\"https:\/\/agora.xtec.cat\/escolalesarrels\/wp-content\/uploads\/usu1706\/2020\/03\/EXPLICACI\u00d3-DE-LES-PROPOSTES-2.pdf\">EXPLICACI\u00d3 DE LES PROPOSTES<\/a><\/strong><\/p>\n<p style=\"text-align: justify\">Si cliqueu les icones que apareixen al calendari trobareu tot el material necessari per desenvolupar cada una de les propostes.<\/p>\n<div class=\"canva-embed\" style=\"padding: 56.2500% 5px 5px 5px\" data-design-id=\"DAD4SJVVJYM\" data-height-ratio=\"0.5625\"><\/div>\n<p><script async src=\"https:&#x2F;&#x2F;sdk.canva.com&#x2F;v1&#x2F;embed.js\"><\/script><\/p>\n<p>Altrament, i per si us \u00e9s m\u00e9s senzill, tot seguit hi ha enlla\u00e7at a cada proposta el material que necessiteu per dur-la a terme (cliqueu a les propostes que apareixen de color lila).<\/p>\n<p>&nbsp;<\/p>\n<p style=\"text-align: justify\"><strong>DIMARTS 31 DE MAR\u00c7<\/strong><\/p>\n<ul style=\"text-align: justify\">\n<li>PROPOSTA PER A PENSADORES I PENSADORS:<\/li>\n<\/ul>\n<p style=\"text-align: justify\"><a href=\"https:\/\/agora.xtec.cat\/escolalesarrels\/wp-content\/uploads\/usu1706\/2020\/03\/MATES-P5-DIMARTS.pdf\" target=\"_blank\" rel=\"noopener noreferrer\">\u00a0\u00a0<img loading=\"lazy\" decoding=\"async\" class=\"wp-image-1405 alignnone\" src=\"https:\/\/agora.xtec.cat\/escolalesarrels\/wp-content\/uploads\/usu1706\/2020\/03\/Captura-de-pantalla-2020-03-30-a-las-22.34.20.png\" alt=\"\" width=\"60\" height=\"42\" \/><\/a><a href=\"https:\/\/agora.xtec.cat\/escolalesarrels\/wp-content\/uploads\/usu1706\/2020\/03\/MATES-P5-DIMARTS.pdf\" target=\"_blank\" rel=\"noopener noreferrer\"> P5:<span style=\"font-family: inherit;font-size: 1em\"> FEM SUMES<\/span><\/a><\/p>\n<p style=\"text-align: justify\"><a href=\"https:\/\/agora.xtec.cat\/escolalesarrels\/wp-content\/uploads\/usu1706\/2020\/03\/MATES-1R-DIMARTS.pdf\" target=\"_blank\" rel=\"noopener noreferrer\">\u00a0 <\/a><a href=\"https:\/\/agora.xtec.cat\/escolalesarrels\/wp-content\/uploads\/usu1706\/2020\/03\/MATES-1R-DIMARTS.pdf\" target=\"_blank\" rel=\"noopener noreferrer\"><img loading=\"lazy\" decoding=\"async\" class=\"wp-image-1405 alignnone\" src=\"https:\/\/agora.xtec.cat\/escolalesarrels\/wp-content\/uploads\/usu1706\/2020\/03\/Captura-de-pantalla-2020-03-30-a-las-22.34.20.png\" alt=\"\" width=\"59\" height=\"41\" \/><\/a><a href=\"https:\/\/agora.xtec.cat\/escolalesarrels\/wp-content\/uploads\/usu1706\/2020\/03\/MATES-1R-DIMARTS.pdf\" target=\"_blank\" rel=\"noopener noreferrer\">1R: FEM SUMES I RESTES<\/a><\/p>\n<ul style=\"text-align: justify\">\n<li>PROPOSTES PER A ESCRIPTORES I ESCRIPTORS:<\/li>\n<\/ul>\n<p style=\"text-align: justify\"><a href=\"https:\/\/agora.xtec.cat\/escolalesarrels\/wp-content\/uploads\/usu1706\/2020\/03\/ABECEDARI-PER-RETALLAR.jpg\" target=\"_blank\" rel=\"noopener noreferrer\">\u00a0 \u00a0 <\/a><a href=\"https:\/\/agora.xtec.cat\/escolalesarrels\/wp-content\/uploads\/usu1706\/2020\/03\/ABECEDARI-PER-RETALLAR.jpg\" target=\"_blank\" rel=\"noopener noreferrer\"><img loading=\"lazy\" decoding=\"async\" class=\"wp-image-1400 alignnone\" src=\"https:\/\/agora.xtec.cat\/escolalesarrels\/wp-content\/uploads\/usu1706\/2020\/03\/Captura-de-pantalla-2020-03-30-a-las-22.33.25.png\" alt=\"\" width=\"52\" height=\"46\" \/><\/a><a href=\"https:\/\/agora.xtec.cat\/escolalesarrels\/wp-content\/uploads\/usu1706\/2020\/03\/ABECEDARI-PER-RETALLAR.jpg\" target=\"_blank\" rel=\"noopener noreferrer\">P5: RETALLEM L\u2019ABECEDARI I CONFEGIM PARAULES<\/a><\/p>\n<p style=\"text-align: justify\"><a href=\"https:\/\/agora.xtec.cat\/escolalesarrels\/wp-content\/uploads\/usu1706\/2020\/03\/ESCRIC-FRASES-A-PARTIR-DE-SEQ\u00dc\u00c8NCIES-2.pdf\" target=\"_blank\" rel=\"noopener noreferrer\">\u00a0 \u00a0<\/a><a href=\"https:\/\/agora.xtec.cat\/escolalesarrels\/wp-content\/uploads\/usu1706\/2020\/03\/ESCRIC-FRASES-A-PARTIR-DE-SEQ\u00dc\u00c8NCIES-2.pdf\" target=\"_blank\" rel=\"noopener noreferrer\"><img loading=\"lazy\" decoding=\"async\" class=\"wp-image-1400 alignnone\" src=\"https:\/\/agora.xtec.cat\/escolalesarrels\/wp-content\/uploads\/usu1706\/2020\/03\/Captura-de-pantalla-2020-03-30-a-las-22.33.25.png\" alt=\"\" width=\"52\" height=\"46\" \/><\/a><a href=\"https:\/\/agora.xtec.cat\/escolalesarrels\/wp-content\/uploads\/usu1706\/2020\/03\/ESCRIC-FRASES-A-PARTIR-DE-SEQ\u00dc\u00c8NCIES-2.pdf\" target=\"_blank\" rel=\"noopener noreferrer\">1R: ESCRIC FRASES A PARTIR DE SEQ\u00dc\u00c8NCIES<\/a><\/p>\n<p>&nbsp;<\/p>\n<p style=\"text-align: justify\"><strong>DIMECRES 1 D&#8217;ABRIL<\/strong><\/p>\n<ul style=\"text-align: justify\">\n<li>PROPOSTES PER A ESCRIPTORES I ESCRIPTORS:<\/li>\n<\/ul>\n<p style=\"text-align: justify\"><a href=\"https:\/\/agora.xtec.cat\/escolalesarrels\/wp-content\/uploads\/usu1706\/2020\/03\/BUSCA-OBJECTES-I-FES-NE-UN-DICTAT.pdf\" target=\"_blank\" rel=\"noopener noreferrer\">\u00a0 \u00a0<\/a><a href=\"https:\/\/agora.xtec.cat\/escolalesarrels\/wp-content\/uploads\/usu1706\/2020\/03\/BUSCA-OBJECTES-I-FES-NE-UN-DICTAT.pdf\" target=\"_blank\" rel=\"noopener noreferrer\"><img loading=\"lazy\" decoding=\"async\" class=\"wp-image-1400 alignnone\" src=\"https:\/\/agora.xtec.cat\/escolalesarrels\/wp-content\/uploads\/usu1706\/2020\/03\/Captura-de-pantalla-2020-03-30-a-las-22.33.25.png\" alt=\"\" width=\"52\" height=\"46\" \/> <\/a><a href=\"https:\/\/agora.xtec.cat\/escolalesarrels\/wp-content\/uploads\/usu1706\/2020\/03\/BUSCA-OBJECTES-I-FES-NE-UN-DICTAT.pdf\" target=\"_blank\" rel=\"noopener noreferrer\">P5: BUSCA OBJECTES I FES-NE UN LLISTAT<\/a><\/p>\n<p style=\"text-align: justify\"><a href=\"https:\/\/agora.xtec.cat\/escolalesarrels\/wp-content\/uploads\/usu1706\/2020\/03\/LA-MEVA-HABITACI\u00d3.pdf\" target=\"_blank\" rel=\"noopener noreferrer\">\u00a0 \u00a0<\/a><a href=\"https:\/\/agora.xtec.cat\/escolalesarrels\/wp-content\/uploads\/usu1706\/2020\/03\/LA-MEVA-HABITACI\u00d3.pdf\" target=\"_blank\" rel=\"noopener noreferrer\"><img loading=\"lazy\" decoding=\"async\" class=\"wp-image-1400 alignnone\" src=\"https:\/\/agora.xtec.cat\/escolalesarrels\/wp-content\/uploads\/usu1706\/2020\/03\/Captura-de-pantalla-2020-03-30-a-las-22.33.25.png\" alt=\"\" width=\"52\" height=\"46\" \/> <\/a><a href=\"https:\/\/agora.xtec.cat\/escolalesarrels\/wp-content\/uploads\/usu1706\/2020\/03\/LA-MEVA-HABITACI\u00d3.pdf\" target=\"_blank\" rel=\"noopener noreferrer\">1R: FES UNA FOTO O UN DIBUIX DE LA TEVA HABITACI\u00d3 I DESCRIU-LA<\/a><\/p>\n<ul style=\"text-align: justify\">\n<li>PROPOSTES PER A ATLETES:<\/li>\n<\/ul>\n<p style=\"text-align: justify\"><a href=\"https:\/\/www.youtube.com\/watch?v=paEpPUOg4B4&amp;feature=youtu.be\" target=\"_blank\" rel=\"noopener noreferrer\"><img loading=\"lazy\" decoding=\"async\" class=\"wp-image-1402\" src=\"https:\/\/agora.xtec.cat\/escolalesarrels\/wp-content\/uploads\/usu1706\/2020\/03\/Captura-de-pantalla-2020-03-30-a-las-22.33.44.png\" alt=\"\" width=\"60\" height=\"42\" \/><\/a>\u00a0<a href=\"https:\/\/www.youtube.com\/watch?v=paEpPUOg4B4&amp;feature=youtu.be\" target=\"_blank\" rel=\"noopener noreferrer\">P5\/1R: PROPOSTA DE LA SANDRA AL YOUTUBE<\/a><\/p>\n<p>&nbsp;<\/p>\n<p style=\"text-align: justify\"><strong>DIJOUS 2 D&#8217;ABRIL<\/strong><\/p>\n<ul style=\"text-align: justify\">\n<li>PROPOSTA PER A PENSADORES I PENSADORS:<strong style=\"font-family: inherit;font-size: 1em\">\u00a0<\/strong><\/li>\n<\/ul>\n<p style=\"text-align: justify\"><a href=\"https:\/\/agora.xtec.cat\/escolalesarrels\/wp-content\/uploads\/usu1706\/2020\/03\/RETALLEM-ELS-N\u00daMEROS-I-JUGUEM-AL-MEMORY.png\" target=\"_blank\" rel=\"noopener noreferrer\">\u00a0<\/a><a href=\"https:\/\/agora.xtec.cat\/escolalesarrels\/wp-content\/uploads\/usu1706\/2020\/03\/RETALLEM-ELS-N\u00daMEROS-I-JUGUEM-AL-MEMORY.png\" target=\"_blank\" rel=\"noopener noreferrer\"><img loading=\"lazy\" decoding=\"async\" class=\"wp-image-1405 alignnone\" src=\"https:\/\/agora.xtec.cat\/escolalesarrels\/wp-content\/uploads\/usu1706\/2020\/03\/Captura-de-pantalla-2020-03-30-a-las-22.34.20.png\" alt=\"\" width=\"59\" height=\"41\" \/><\/a><a href=\"https:\/\/agora.xtec.cat\/escolalesarrels\/wp-content\/uploads\/usu1706\/2020\/03\/RETALLEM-ELS-N\u00daMEROS-I-JUGUEM-AL-MEMORY.png\" target=\"_blank\" rel=\"noopener noreferrer\">\u00a0P5: RETALLEM ELS N\u00daMEROS I JUGUEM AL MEMORI<\/a><\/p>\n<p style=\"text-align: justify\"><a href=\"https:\/\/agora.xtec.cat\/escolalesarrels\/wp-content\/uploads\/usu1706\/2020\/03\/MATES-1R-DIJOUS.pdf\" target=\"_blank\" rel=\"noopener noreferrer\"><img loading=\"lazy\" decoding=\"async\" class=\"wp-image-1405 alignnone\" src=\"https:\/\/agora.xtec.cat\/escolalesarrels\/wp-content\/uploads\/usu1706\/2020\/03\/Captura-de-pantalla-2020-03-30-a-las-22.34.20.png\" alt=\"\" width=\"59\" height=\"41\" \/><\/a><a href=\"https:\/\/agora.xtec.cat\/escolalesarrels\/wp-content\/uploads\/usu1706\/2020\/03\/MATES-1R-DIJOUS.pdf\" target=\"_blank\" rel=\"noopener noreferrer\">\u00a0 1R: PINTEM ELS N\u00daMEROS<\/a><\/p>\n<ul style=\"text-align: justify\">\n<li>PROPOSTES PER A M\u00daSICS:<\/li>\n<\/ul>\n<p style=\"text-align: justify\"><a href=\"https:\/\/www.youtube.com\/watch?v=29GLU8dx8ko&amp;feature=youtu.be\" target=\"_blank\" rel=\"noopener noreferrer\"><img loading=\"lazy\" decoding=\"async\" class=\"wp-image-1401 alignnone\" src=\"https:\/\/agora.xtec.cat\/escolalesarrels\/wp-content\/uploads\/usu1706\/2020\/03\/Captura-de-pantalla-2020-03-30-a-las-22.33.36.png\" alt=\"\" width=\"43\" height=\"31\" \/><\/a>\u00a0<a href=\"https:\/\/www.youtube.com\/watch?v=29GLU8dx8ko&amp;feature=youtu.be\" target=\"_blank\" rel=\"noopener noreferrer\">P5\/1R: PROPOSTA DE LA RUT AL YOUTUBE!<\/a><\/p>\n<p>&nbsp;<\/p>\n<p style=\"text-align: justify\"><strong>DIVENDRES 3 D&#8217;ABRIL<\/strong><\/p>\n<ul style=\"text-align: justify\">\n<li>PROPOSTA PER A ARTISTES:<\/li>\n<\/ul>\n<p style=\"text-align: justify\"><a href=\"https:\/\/agora.xtec.cat\/escolalesarrels\/wp-content\/uploads\/usu1706\/2020\/03\/AUTORETRAT.pdf\" target=\"_blank\" rel=\"noopener noreferrer\">\u00a0 \u00a0 <\/a><a href=\"https:\/\/agora.xtec.cat\/escolalesarrels\/wp-content\/uploads\/usu1706\/2020\/03\/AUTORETRAT.pdf\" target=\"_blank\" rel=\"noopener noreferrer\"><img loading=\"lazy\" decoding=\"async\" class=\"wp-image-1403\" src=\"https:\/\/agora.xtec.cat\/escolalesarrels\/wp-content\/uploads\/usu1706\/2020\/03\/Captura-de-pantalla-2020-03-30-a-las-22.33.55.png\" alt=\"\" width=\"47\" height=\"33\" \/><\/a>\u00a0<a href=\"https:\/\/agora.xtec.cat\/escolalesarrels\/wp-content\/uploads\/usu1706\/2020\/03\/AUTORETRAT.pdf\" target=\"_blank\" rel=\"noopener noreferrer\">P5\/1R: FAIG EL MEU AUTORETRAT!<\/a><\/p>\n<ul style=\"text-align: justify\">\n<li>PROPOSTES PER A ESCRIPTORES I ESCRIPTORS:<\/li>\n<\/ul>\n<p style=\"text-align: justify\"><a href=\"https:\/\/agora.xtec.cat\/escolalesarrels\/wp-content\/uploads\/usu1706\/2020\/03\/MEMORI-DE-RIMES.pdf\" target=\"_blank\" rel=\"noopener noreferrer\">\u00a0 \u00a0<\/a><a href=\"https:\/\/agora.xtec.cat\/escolalesarrels\/wp-content\/uploads\/usu1706\/2020\/03\/MEMORI-DE-RIMES.pdf\" target=\"_blank\" rel=\"noopener noreferrer\"><img loading=\"lazy\" decoding=\"async\" class=\"wp-image-1400 alignnone\" src=\"https:\/\/agora.xtec.cat\/escolalesarrels\/wp-content\/uploads\/usu1706\/2020\/03\/Captura-de-pantalla-2020-03-30-a-las-22.33.25.png\" alt=\"\" width=\"52\" height=\"46\" \/> <\/a><a href=\"https:\/\/agora.xtec.cat\/escolalesarrels\/wp-content\/uploads\/usu1706\/2020\/03\/MEMORI-DE-RIMES.pdf\" target=\"_blank\" rel=\"noopener noreferrer\">P5: MEMORI DE RIMES<\/a><\/p>\n<p style=\"text-align: justify\"><a href=\"https:\/\/agora.xtec.cat\/escolalesarrels\/wp-content\/uploads\/usu1706\/2020\/03\/QUI-S\u00d3C-JO_.pdf\" target=\"_blank\" rel=\"noopener noreferrer\">\u00a0\u00a0<\/a><a href=\"https:\/\/agora.xtec.cat\/escolalesarrels\/wp-content\/uploads\/usu1706\/2020\/03\/QUI-S\u00d3C-JO_.pdf\" target=\"_blank\" rel=\"noopener noreferrer\"><img loading=\"lazy\" decoding=\"async\" class=\"wp-image-1400 alignnone\" src=\"https:\/\/agora.xtec.cat\/escolalesarrels\/wp-content\/uploads\/usu1706\/2020\/03\/Captura-de-pantalla-2020-03-30-a-las-22.33.25.png\" alt=\"\" width=\"52\" height=\"46\" \/> <\/a><a href=\"https:\/\/agora.xtec.cat\/escolalesarrels\/wp-content\/uploads\/usu1706\/2020\/03\/QUI-S\u00d3C-JO_.pdf\" target=\"_blank\" rel=\"noopener noreferrer\">\u00a01R: QUI S\u00d3C JO? JUGA AMB LES ENDEVINALLES<\/a><\/p>\n<p>&nbsp;<\/p>\n<p style=\"text-align: justify\"><strong>DILLUNS 6 D&#8217;ABRIL<\/strong><\/p>\n<ul style=\"text-align: justify\">\n<li>PROPOSTA PER A EXPLORADORS I EXPLORADORES:<\/li>\n<\/ul>\n<p style=\"text-align: justify\"><a href=\"https:\/\/agora.xtec.cat\/escolalesarrels\/wp-content\/uploads\/usu1706\/2020\/03\/Repte.pdf\" target=\"_blank\" rel=\"noopener noreferrer\">\u00a0<\/a><a href=\"https:\/\/agora.xtec.cat\/escolalesarrels\/wp-content\/uploads\/usu1706\/2020\/03\/Repte.pdf\" target=\"_blank\" rel=\"noopener noreferrer\"><img loading=\"lazy\" decoding=\"async\" class=\"wp-image-1404 alignnone\" src=\"https:\/\/agora.xtec.cat\/escolalesarrels\/wp-content\/uploads\/usu1706\/2020\/03\/Captura-de-pantalla-2020-03-30-a-las-22.34.01.png\" alt=\"\" width=\"59\" height=\"41\" \/><\/a><a href=\"https:\/\/agora.xtec.cat\/escolalesarrels\/wp-content\/uploads\/usu1706\/2020\/03\/Repte.pdf\" target=\"_blank\" rel=\"noopener noreferrer\"> P5\/1R: REPTE: L&#8217;ABSORCI\u00d3 DE L&#8217;AIGUA<\/a><\/p>\n<ul style=\"text-align: justify\">\n<li>PROPOSTES PER A PENSADORES I PENSADORS:<\/li>\n<\/ul>\n<p style=\"text-align: justify\"><a href=\"https:\/\/agora.xtec.cat\/escolalesarrels\/wp-content\/uploads\/usu1706\/2020\/03\/MATES-P5-DILLUNS.pdf\" target=\"_blank\" rel=\"noopener noreferrer\">\u00a0<\/a><a href=\"https:\/\/agora.xtec.cat\/escolalesarrels\/wp-content\/uploads\/usu1706\/2020\/03\/MATES-P5-DILLUNS.pdf\" target=\"_blank\" rel=\"noopener noreferrer\"><img loading=\"lazy\" decoding=\"async\" class=\"wp-image-1405 alignnone\" src=\"https:\/\/agora.xtec.cat\/escolalesarrels\/wp-content\/uploads\/usu1706\/2020\/03\/Captura-de-pantalla-2020-03-30-a-las-22.34.20.png\" alt=\"\" width=\"59\" height=\"41\" \/><\/a><a href=\"https:\/\/agora.xtec.cat\/escolalesarrels\/wp-content\/uploads\/usu1706\/2020\/03\/MATES-P5-DILLUNS.pdf\" target=\"_blank\" rel=\"noopener noreferrer\">\u00a0P5: PINTEM ELS N\u00daMEROS<\/a><\/p>\n<p style=\"text-align: justify\"><a href=\"https:\/\/agora.xtec.cat\/escolalesarrels\/wp-content\/uploads\/usu1706\/2020\/03\/MATES-1R-DILLUNS.pdf\" target=\"_blank\" rel=\"noopener noreferrer\">\u00a0<\/a><a href=\"https:\/\/agora.xtec.cat\/escolalesarrels\/wp-content\/uploads\/usu1706\/2020\/03\/MATES-1R-DILLUNS.pdf\" target=\"_blank\" rel=\"noopener noreferrer\"><img loading=\"lazy\" decoding=\"async\" class=\"wp-image-1405 alignnone\" src=\"https:\/\/agora.xtec.cat\/escolalesarrels\/wp-content\/uploads\/usu1706\/2020\/03\/Captura-de-pantalla-2020-03-30-a-las-22.34.20.png\" alt=\"\" width=\"59\" height=\"41\" \/> <\/a><a href=\"https:\/\/agora.xtec.cat\/escolalesarrels\/wp-content\/uploads\/usu1706\/2020\/03\/MATES-1R-DILLUNS.pdf\" target=\"_blank\" rel=\"noopener noreferrer\">1R: COMPTEM I DIBUIXEM<\/a><\/p>\n<p>&nbsp;<\/p>\n<p style=\"text-align: justify\">Recordeu que totes les activitats que feu les podeu compartir a l\u2019instagram de l\u2019escola: <strong>@escolalesarrelsdesalt<\/strong> amb el hashtag <strong>#activitatsdeconfinamentC1<\/strong><\/p>\n<p style=\"text-align: justify\">Dimarts que ve us penjarem noves propostes! Esperem que les gaudiu molt i que passeu una bona setmana!<\/p>\n<p style=\"text-align: justify\">Us enviem una abra\u00e7ada gegant!<\/p>\n<p style=\"text-align: justify\">\n","protected":false},"excerpt":{"rendered":"<p>Molt bon dimarts!Les mestres de C1 hem preparat un seguit d\u2019activitats per poder fer durant aquesta setmana.\u00a0Al seg\u00fcent enlla\u00e7\u00a0trobareu la proposta que us fem desglossada per dies, per\u00f2 us podeu gestionar el temps com vulgueu i triar les activitats que us vinguin m\u00e9s de gust: EXPLICACI\u00d3 DE LES PROPOSTES<\/p>\n","protected":false},"author":5,"featured_media":1568,"comment_status":"open","ping_status":"closed","sticky":false,"template":"","format":"standard","meta":{"_bbp_topic_count":0,"_bbp_reply_count":0,"_bbp_total_topic_count":0,"_bbp_total_reply_count":0,"_bbp_voice_count":0,"_bbp_anonymous_reply_count":0,"_bbp_topic_count_hidden":0,"_bbp_reply_count_hidden":0,"_bbp_forum_subforum_count":0,"site-sidebar-layout":"default","site-content-layout":"","ast-site-content-layout":"","site-content-style":"default","site-sidebar-style":"default","ast-global-header-display":"","ast-banner-title-visibility":"","ast-main-header-display":"","ast-hfb-above-header-display":"","ast-hfb-below-header-display":"","ast-hfb-mobile-header-display":"","site-post-title":"","ast-breadcrumbs-content":"","ast-featured-img":"","footer-sml-layout":"","theme-transparent-header-meta":"","adv-header-id-meta":"","stick-header-meta":"","header-above-stick-meta":"","header-main-stick-meta":"","header-below-stick-meta":"","astra-migrate-meta-layouts":"default","ast-page-background-enabled":"default","ast-page-background-meta":{"desktop":{"background-color":"var(--ast-global-color-4)","background-image":"","background-repeat":"repeat","background-position":"center center","background-size":"auto","background-attachment":"scroll","background-type":"","background-media":"","overlay-type":"","overlay-color":"","overlay-opacity":"","overlay-gradient":""},"tablet":{"background-color":"","background-image":"","background-repeat":"repeat","background-position":"center center","background-size":"auto","background-attachment":"scroll","background-type":"","background-media":"","overlay-type":"","overlay-color":"","overlay-opacity":"","overlay-gradient":""},"mobile":{"background-color":"","background-image":"","background-repeat":"repeat","background-position":"center center","background-size":"auto","background-attachment":"scroll","background-type":"","background-media":"","overlay-type":"","overlay-color":"","overlay-opacity":"","overlay-gradient":""}},"ast-content-background-meta":{"desktop":{"background-color":"var(--ast-global-color-5)","background-image":"","background-repeat":"repeat","background-position":"center center","background-size":"auto","background-attachment":"scroll","background-type":"","background-media":"","overlay-type":"","overlay-color":"","overlay-opacity":"","overlay-gradient":""},"tablet":{"background-color":"var(--ast-global-color-5)","background-image":"","background-repeat":"repeat","background-position":"center center","background-size":"auto","background-attachment":"scroll","background-type":"","background-media":"","overlay-type":"","overlay-color":"","overlay-opacity":"","overlay-gradient":""},"mobile":{"background-color":"var(--ast-global-color-5)","background-image":"","background-repeat":"repeat","background-position":"center center","background-size":"auto","background-attachment":"scroll","background-type":"","background-media":"","overlay-type":"","overlay-color":"","overlay-opacity":"","overlay-gradient":""}},"footnotes":""},"categories":[62],"tags":[],"class_list":["post-1342","post","type-post","status-publish","format-standard","has-post-thumbnail","hentry","category-c1"],"post_mailing_queue_ids":[],"_links":{"self":[{"href":"https:\/\/agora.xtec.cat\/escolalesarrels\/wp-json\/wp\/v2\/posts\/1342","targetHints":{"allow":["GET"]}}],"collection":[{"href":"https:\/\/agora.xtec.cat\/escolalesarrels\/wp-json\/wp\/v2\/posts"}],"about":[{"href":"https:\/\/agora.xtec.cat\/escolalesarrels\/wp-json\/wp\/v2\/types\/post"}],"author":[{"embeddable":true,"href":"https:\/\/agora.xtec.cat\/escolalesarrels\/wp-json\/wp\/v2\/users\/5"}],"replies":[{"embeddable":true,"href":"https:\/\/agora.xtec.cat\/escolalesarrels\/wp-json\/wp\/v2\/comments?post=1342"}],"version-history":[{"count":4,"href":"https:\/\/agora.xtec.cat\/escolalesarrels\/wp-json\/wp\/v2\/posts\/1342\/revisions"}],"predecessor-version":[{"id":1564,"href":"https:\/\/agora.xtec.cat\/escolalesarrels\/wp-json\/wp\/v2\/posts\/1342\/revisions\/1564"}],"wp:featuredmedia":[{"embeddable":true,"href":"https:\/\/agora.xtec.cat\/escolalesarrels\/wp-json\/wp\/v2\/media\/1568"}],"wp:attachment":[{"href":"https:\/\/agora.xtec.cat\/escolalesarrels\/wp-json\/wp\/v2\/media?parent=1342"}],"wp:term":[{"taxonomy":"category","embeddable":true,"href":"https:\/\/agora.xtec.cat\/escolalesarrels\/wp-json\/wp\/v2\/categories?post=1342"},{"taxonomy":"post_tag","embeddable":true,"href":"https:\/\/agora.xtec.cat\/escolalesarrels\/wp-json\/wp\/v2\/tags?post=1342"}],"curies":[{"name":"wp","href":"https:\/\/api.w.org\/{rel}","templated":true}]}}