{"id":9983,"date":"2021-10-11T16:12:39","date_gmt":"2021-10-11T14:12:39","guid":{"rendered":"https:\/\/agora.xtec.cat\/escolalavilapalamos\/?p=9983"},"modified":"2021-10-13T15:13:44","modified_gmt":"2021-10-13T13:13:44","slug":"laboratori-de-transformacio-educativa-2","status":"publish","type":"post","link":"https:\/\/agora.xtec.cat\/escolalavilapalamos\/general\/laboratori-de-transformacio-educativa-2\/","title":{"rendered":"Laboratori de Transformaci\u00f3 Educativa"},"content":{"rendered":"<p>Aquest curs 21-22 l&#8217;escola La Vila entra a formar part dels <strong>105 centres referents a Catalunya del Laboratori de Transformaci\u00f3 Educativa<\/strong>.<\/p>\n<p>Molt contents que el nostre projecte es reconegui com un bon model d&#8217;innovaci\u00f3 i que tinguem l&#8217;oportunitat de compartir amb la resta de centres aquest cam\u00ed tan apassionant.<\/p>\n<p><strong>Transformar un centre educatiu<\/strong>\u00a0requereix molta reflexi\u00f3 i aquesta \u00e9s la proposta que ens ha fet el Laboratori i que hem resumit en aquesta presentaci\u00f3 responent a les preguntes que se&#8217;ns han formulat.<\/p>\n<div class=\"container-wrapper-genially\" style=\"position: relative; min-height: 400px; max-width: 100%;\">\n<p><video class=\"loader-genially\" style=\"position: absolute; top: 45%; left: 50%; transform: translate(-50%, -50%); width: 80px; height: 80px; margin-bottom: 10%;\" autoplay=\"autoplay\" loop=\"loop\" muted=\"muted\" width=\"300\" height=\"150\" data-mce-fragment=\"1\"><source src=\"https:\/\/static.genial.ly\/resources\/panel-loader-low.mp4\" type=\"video\/mp4\" \/>Your browser does not support the video tag.<\/video><\/p>\n<div id=\"615b1525949acd0df60b4293\" class=\"genially-embed\" style=\"margin: 0px auto; position: relative; height: auto; width: 100%;\">\n<div style=\"width: 100%;\">\n<div style=\"position: relative; padding-bottom: 56.25%; padding-top: 0; height: 0;\"><iframe loading=\"lazy\" style=\"position: absolute; top: 0; left: 0; width: 100%; height: 100%;\" src=\"https:\/\/view.genial.ly\/615b1525949acd0df60b4293\" width=\"1200\" height=\"675\" frameborder=\"0\" scrolling=\"yes\" allowfullscreen=\"allowfullscreen\" data-mce-fragment=\"1\"><\/iframe><\/div>\n<\/div>\n<\/div>\n<\/div>\n<p><script>(function (d) { var js, id = \"genially-embed-js\", ref = d.getElementsByTagName(\"script\")[0]; if (d.getElementById(id)) { return; } js = d.createElement(\"script\"); js.id = id; js.async = true; js.src = \"https:\/\/view.genial.ly\/static\/embed\/embed.js\"; ref.parentNode.insertBefore(js, ref); }(document));<\/script><\/p>\n","protected":false},"excerpt":{"rendered":"<p>Aquest curs 21-22 l&#8217;escola La Vila entra a formar part dels 105 centres referents a Catalunya del Laboratori de Transformaci\u00f3 Educativa.<br \/>\nMolt contents que el nostre projecte es reconegui com un bon model d&#8217;innovaci\u00f3 i que tinguem l&#8217;oportunitat de compartir amb la resta de centres aquest&hellip;  <a href=\"https:\/\/agora.xtec.cat\/escolalavilapalamos\/general\/laboratori-de-transformacio-educativa-2\/\" title=\"Read Laboratori de Transformaci\u00f3 Educativa\">Llegeix m\u00e9s\u00bb<\/a><\/p>\n","protected":false},"author":1,"featured_media":9993,"comment_status":"open","ping_status":"closed","sticky":false,"template":"","format":"standard","meta":{"_bbp_topic_count":0,"_bbp_reply_count":0,"_bbp_total_topic_count":0,"_bbp_total_reply_count":0,"_bbp_voice_count":0,"_bbp_anonymous_reply_count":0,"_bbp_topic_count_hidden":0,"_bbp_reply_count_hidden":0,"_bbp_forum_subforum_count":0,"footnotes":""},"categories":[1,4],"tags":[134],"class_list":["post-9983","post","type-post","status-publish","format-standard","has-post-thumbnail","hentry","category-general","category-portada","tag-referents"],"post_mailing_queue_ids":[],"_links":{"self":[{"href":"https:\/\/agora.xtec.cat\/escolalavilapalamos\/wp-json\/wp\/v2\/posts\/9983","targetHints":{"allow":["GET"]}}],"collection":[{"href":"https:\/\/agora.xtec.cat\/escolalavilapalamos\/wp-json\/wp\/v2\/posts"}],"about":[{"href":"https:\/\/agora.xtec.cat\/escolalavilapalamos\/wp-json\/wp\/v2\/types\/post"}],"author":[{"embeddable":true,"href":"https:\/\/agora.xtec.cat\/escolalavilapalamos\/wp-json\/wp\/v2\/users\/1"}],"replies":[{"embeddable":true,"href":"https:\/\/agora.xtec.cat\/escolalavilapalamos\/wp-json\/wp\/v2\/comments?post=9983"}],"version-history":[{"count":3,"href":"https:\/\/agora.xtec.cat\/escolalavilapalamos\/wp-json\/wp\/v2\/posts\/9983\/revisions"}],"predecessor-version":[{"id":9989,"href":"https:\/\/agora.xtec.cat\/escolalavilapalamos\/wp-json\/wp\/v2\/posts\/9983\/revisions\/9989"}],"wp:featuredmedia":[{"embeddable":true,"href":"https:\/\/agora.xtec.cat\/escolalavilapalamos\/wp-json\/wp\/v2\/media\/9993"}],"wp:attachment":[{"href":"https:\/\/agora.xtec.cat\/escolalavilapalamos\/wp-json\/wp\/v2\/media?parent=9983"}],"wp:term":[{"taxonomy":"category","embeddable":true,"href":"https:\/\/agora.xtec.cat\/escolalavilapalamos\/wp-json\/wp\/v2\/categories?post=9983"},{"taxonomy":"post_tag","embeddable":true,"href":"https:\/\/agora.xtec.cat\/escolalavilapalamos\/wp-json\/wp\/v2\/tags?post=9983"}],"curies":[{"name":"wp","href":"https:\/\/api.w.org\/{rel}","templated":true}]}}