{"id":9981,"date":"2021-10-11T12:18:04","date_gmt":"2021-10-11T10:18:04","guid":{"rendered":"https:\/\/agora.xtec.cat\/escolalavilapalamos\/?p=9981"},"modified":"2021-10-22T19:30:39","modified_gmt":"2021-10-22T17:30:39","slug":"reunio-del-menjador-escolar-3","status":"publish","type":"post","link":"https:\/\/agora.xtec.cat\/escolalavilapalamos\/general\/reunio-del-menjador-escolar-3\/","title":{"rendered":"Reuni\u00f3 del Menjador Escolar"},"content":{"rendered":"<p><a href=\"https:\/\/agora.xtec.cat\/escolalavilapalamos\/wp-content\/uploads\/usu897\/2021\/10\/infants-al-menjador.jpg\"><img loading=\"lazy\" decoding=\"async\" class=\"size-medium wp-image-9986 alignright\" src=\"https:\/\/agora.xtec.cat\/escolalavilapalamos\/wp-content\/uploads\/usu897\/2021\/10\/infants-al-menjador-300x261.jpg\" alt=\"\" width=\"300\" height=\"261\" srcset=\"https:\/\/agora.xtec.cat\/escolalavilapalamos\/wp-content\/uploads\/usu897\/2021\/10\/infants-al-menjador-300x261.jpg 300w, https:\/\/agora.xtec.cat\/escolalavilapalamos\/wp-content\/uploads\/usu897\/2021\/10\/infants-al-menjador.jpg 400w\" sizes=\"auto, (max-width: 300px) 100vw, 300px\" \/><\/a>Dijous 14 d&#8217;octubre a les 17 h tindr\u00e0 lloc la reuni\u00f3 informativa sobre el <strong>menjador escolar <\/strong>.<\/p>\n<p>La reuni\u00f3 ser\u00e0 per videoconfer\u00e8ncia i comptarem amb la pres\u00e8ncia de Josep Planas, Laia Basiera, Iban Castells, Anna Bosch i Pilar Ortega (Coordinadora del menjador), responsables de l&#8217;empresa BoiSa.<\/p>\n<p><a href=\"http:\/\/meet.google.com\/ega-sweb-dqz\">Enlla\u00e7 a la videoconfer\u00e8ncia<\/a><\/p>\n<p>Aquest curs 21-22 el <strong>Servei de Menjador est\u00e0 gestionat per l&#8217;empresa BoiSa<\/strong> dins el contracte de gesti\u00f3 signat amb el Consell Comarcal del Baix Empord\u00e0.<\/p>\n<p>En aquesta trobada l&#8217;empresa explicar\u00e0 el Projecte educatiu del servei i atendr\u00e0 a tots els dubtes de les fam\u00edlies usu\u00e0ries del Menjador Escolar.\u00a0M\u00e9s informaci\u00f3 a la web de <a href=\"https:\/\/www.boisa.cat\/ca\/\">BoiSa<\/a><\/p>\n<p><em>Podeu veure la presentaci\u00f3 de la reuni\u00f3 aqu\u00ed (en breu)<\/em><\/p>\n","protected":false},"excerpt":{"rendered":"<p><a href=\"https:\/\/agora.xtec.cat\/escolalavilapalamos\/wp-content\/uploads\/usu897\/2021\/10\/infants-al-menjador.jpg\"><\/a>Dijous 14 d&#8217;octubre a les 17 h tindr\u00e0 lloc la reuni\u00f3 informativa sobre el menjador escolar .<br \/>\nLa reuni\u00f3 ser\u00e0 per videoconfer\u00e8ncia i comptarem amb la pres\u00e8ncia de Josep Planas, Laia Basiera, Iban Castells, Anna Bosch i Pilar Ortega (Coordinadora del menjador), responsables de l&#8217;empresa&hellip;  <a href=\"https:\/\/agora.xtec.cat\/escolalavilapalamos\/general\/reunio-del-menjador-escolar-3\/\" title=\"Read Reuni\u00f3 del Menjador Escolar\">Llegeix m\u00e9s\u00bb<\/a><\/p>\n","protected":false},"author":1,"featured_media":9986,"comment_status":"open","ping_status":"closed","sticky":false,"template":"","format":"standard","meta":{"_bbp_topic_count":0,"_bbp_reply_count":0,"_bbp_total_topic_count":0,"_bbp_total_reply_count":0,"_bbp_voice_count":0,"_bbp_anonymous_reply_count":0,"_bbp_topic_count_hidden":0,"_bbp_reply_count_hidden":0,"_bbp_forum_subforum_count":0,"footnotes":""},"categories":[1,4],"tags":[],"class_list":["post-9981","post","type-post","status-publish","format-standard","has-post-thumbnail","hentry","category-general","category-portada"],"post_mailing_queue_ids":[],"_links":{"self":[{"href":"https:\/\/agora.xtec.cat\/escolalavilapalamos\/wp-json\/wp\/v2\/posts\/9981","targetHints":{"allow":["GET"]}}],"collection":[{"href":"https:\/\/agora.xtec.cat\/escolalavilapalamos\/wp-json\/wp\/v2\/posts"}],"about":[{"href":"https:\/\/agora.xtec.cat\/escolalavilapalamos\/wp-json\/wp\/v2\/types\/post"}],"author":[{"embeddable":true,"href":"https:\/\/agora.xtec.cat\/escolalavilapalamos\/wp-json\/wp\/v2\/users\/1"}],"replies":[{"embeddable":true,"href":"https:\/\/agora.xtec.cat\/escolalavilapalamos\/wp-json\/wp\/v2\/comments?post=9981"}],"version-history":[{"count":3,"href":"https:\/\/agora.xtec.cat\/escolalavilapalamos\/wp-json\/wp\/v2\/posts\/9981\/revisions"}],"predecessor-version":[{"id":9992,"href":"https:\/\/agora.xtec.cat\/escolalavilapalamos\/wp-json\/wp\/v2\/posts\/9981\/revisions\/9992"}],"wp:featuredmedia":[{"embeddable":true,"href":"https:\/\/agora.xtec.cat\/escolalavilapalamos\/wp-json\/wp\/v2\/media\/9986"}],"wp:attachment":[{"href":"https:\/\/agora.xtec.cat\/escolalavilapalamos\/wp-json\/wp\/v2\/media?parent=9981"}],"wp:term":[{"taxonomy":"category","embeddable":true,"href":"https:\/\/agora.xtec.cat\/escolalavilapalamos\/wp-json\/wp\/v2\/categories?post=9981"},{"taxonomy":"post_tag","embeddable":true,"href":"https:\/\/agora.xtec.cat\/escolalavilapalamos\/wp-json\/wp\/v2\/tags?post=9981"}],"curies":[{"name":"wp","href":"https:\/\/api.w.org\/{rel}","templated":true}]}}