{"id":9976,"date":"2021-10-09T20:35:01","date_gmt":"2021-10-09T18:35:01","guid":{"rendered":"https:\/\/agora.xtec.cat\/escolalavilapalamos\/?p=9976"},"modified":"2021-10-22T19:29:50","modified_gmt":"2021-10-22T17:29:50","slug":"1r-entra-a-lunivers-guinovart","status":"publish","type":"post","link":"https:\/\/agora.xtec.cat\/escolalavilapalamos\/portada\/1r-entra-a-lunivers-guinovart\/","title":{"rendered":"1r entra a l&#8217;Univers Guinovart"},"content":{"rendered":"<p style=\"text-align: justify;\">El passat dilluns 4 d&#8217;octubre, les alumnes i els alumnes de primer vam anar a l&#8217;Espai Carmen Thyssen de Sant Feliu de Gu\u00edxols per gaudir de l&#8217;exposici\u00f3 <strong><em>Univers Guinovart\u00a0<\/em><\/strong>de l&#8217;artista Josep Guinovart Bertran.<\/p>\n<p style=\"text-align: justify;\">La sortida forma part del treball globalitzat. Aquest \u00e9s guiat a trav\u00e9s de dos personatges: l&#8217;Arbreda i en Foment. Van apar\u00e8ixer a inici de curs i s\u00f3n el fil conductor de les propostes que es generen en el nostre dia a dia a l&#8217;aula; propostes transversals en les quals treballem aspectes de llengua, art, medi i de l&#8217;univers emocional.<\/p>\n<p style=\"text-align: justify;\">A continuaci\u00f3 us posem a la vostra disposici\u00f3 una presentaci\u00f3 de diapositives on s&#8217;hi recull tot aquest cam\u00ed que estem teixint. Des d&#8217;all\u00e0 podreu accedir a les fotografies dels diferents treballs que hem fet (entre aquestes, les de la sortida) i tamb\u00e9 accedir a la guia que vam utilitzar per visitar el museu.<\/p>\n<p>Us animem a consultar tot aquest material al costat dels vostres fills i filles. Elles i ells, millor que ning\u00fa, us ho explicaran amb tots els ets i uts.<\/p>\n<h2 style=\"text-align: center;\"><a href=\"https:\/\/docs.google.com\/presentation\/d\/1fOLJfMajVnH2ccNJou6dmczxH8VlLB9qwE1OOhwu6RA\/edit?usp=sharing\"><strong>ACC\u00c9S A LA PRESENTACI\u00d3<\/strong><\/a><\/h2>\n<p><a href=\"https:\/\/agora.xtec.cat\/escolalavilapalamos\/wp-content\/uploads\/usu897\/2021\/10\/BONA.jpg\"><img loading=\"lazy\" decoding=\"async\" class=\"alignnone size-full wp-image-9978\" src=\"https:\/\/agora.xtec.cat\/escolalavilapalamos\/wp-content\/uploads\/usu897\/2021\/10\/BONA.jpg\" alt=\"\" width=\"1024\" height=\"576\" srcset=\"https:\/\/agora.xtec.cat\/escolalavilapalamos\/wp-content\/uploads\/usu897\/2021\/10\/BONA.jpg 1024w, https:\/\/agora.xtec.cat\/escolalavilapalamos\/wp-content\/uploads\/usu897\/2021\/10\/BONA-300x169.jpg 300w, https:\/\/agora.xtec.cat\/escolalavilapalamos\/wp-content\/uploads\/usu897\/2021\/10\/BONA-768x432.jpg 768w\" sizes=\"auto, (max-width: 1024px) 100vw, 1024px\" \/><\/a><\/p>\n<p>Que ho gaudiu!<\/p>\n<p>N\u00faria, Marta i Enric<\/p>\n","protected":false},"excerpt":{"rendered":"<p>El passat dilluns 4 d&#8217;octubre, les alumnes i els alumnes de primer vam anar a l&#8217;Espai Carmen Thyssen de Sant Feliu de Gu\u00edxols per gaudir de l&#8217;exposici\u00f3 Univers Guinovart\u00a0de l&#8217;artista Josep Guinovart Bertran.<br \/>\nLa sortida forma part del treball globalitzat. Aquest \u00e9s guiat a trav\u00e9s de&hellip;  <a href=\"https:\/\/agora.xtec.cat\/escolalavilapalamos\/portada\/1r-entra-a-lunivers-guinovart\/\" title=\"Read 1r entra a l&#8217;Univers Guinovart\">Llegeix m\u00e9s\u00bb<\/a><\/p>\n","protected":false},"author":5,"featured_media":9978,"comment_status":"open","ping_status":"closed","sticky":false,"template":"","format":"standard","meta":{"_bbp_topic_count":0,"_bbp_reply_count":0,"_bbp_total_topic_count":0,"_bbp_total_reply_count":0,"_bbp_voice_count":0,"_bbp_anonymous_reply_count":0,"_bbp_topic_count_hidden":0,"_bbp_reply_count_hidden":0,"_bbp_forum_subforum_count":0,"footnotes":""},"categories":[127,4,5],"tags":[],"class_list":["post-9976","post","type-post","status-publish","format-standard","has-post-thumbnail","hentry","category-comunitat-de-mitjans","category-portada","category-primaria"],"post_mailing_queue_ids":[],"_links":{"self":[{"href":"https:\/\/agora.xtec.cat\/escolalavilapalamos\/wp-json\/wp\/v2\/posts\/9976","targetHints":{"allow":["GET"]}}],"collection":[{"href":"https:\/\/agora.xtec.cat\/escolalavilapalamos\/wp-json\/wp\/v2\/posts"}],"about":[{"href":"https:\/\/agora.xtec.cat\/escolalavilapalamos\/wp-json\/wp\/v2\/types\/post"}],"author":[{"embeddable":true,"href":"https:\/\/agora.xtec.cat\/escolalavilapalamos\/wp-json\/wp\/v2\/users\/5"}],"replies":[{"embeddable":true,"href":"https:\/\/agora.xtec.cat\/escolalavilapalamos\/wp-json\/wp\/v2\/comments?post=9976"}],"version-history":[{"count":3,"href":"https:\/\/agora.xtec.cat\/escolalavilapalamos\/wp-json\/wp\/v2\/posts\/9976\/revisions"}],"predecessor-version":[{"id":9980,"href":"https:\/\/agora.xtec.cat\/escolalavilapalamos\/wp-json\/wp\/v2\/posts\/9976\/revisions\/9980"}],"wp:featuredmedia":[{"embeddable":true,"href":"https:\/\/agora.xtec.cat\/escolalavilapalamos\/wp-json\/wp\/v2\/media\/9978"}],"wp:attachment":[{"href":"https:\/\/agora.xtec.cat\/escolalavilapalamos\/wp-json\/wp\/v2\/media?parent=9976"}],"wp:term":[{"taxonomy":"category","embeddable":true,"href":"https:\/\/agora.xtec.cat\/escolalavilapalamos\/wp-json\/wp\/v2\/categories?post=9976"},{"taxonomy":"post_tag","embeddable":true,"href":"https:\/\/agora.xtec.cat\/escolalavilapalamos\/wp-json\/wp\/v2\/tags?post=9976"}],"curies":[{"name":"wp","href":"https:\/\/api.w.org\/{rel}","templated":true}]}}