{"id":9938,"date":"2021-10-18T17:47:45","date_gmt":"2021-10-18T15:47:45","guid":{"rendered":"https:\/\/agora.xtec.cat\/escolalavilapalamos\/?p=9938"},"modified":"2021-10-19T13:24:54","modified_gmt":"2021-10-19T11:24:54","slug":"els-volcans","status":"publish","type":"post","link":"https:\/\/agora.xtec.cat\/escolalavilapalamos\/escrivim-noticies-a-la-web\/els-volcans\/","title":{"rendered":"Els volcans"},"content":{"rendered":"<p><img loading=\"lazy\" decoding=\"async\" class=\"alignright\" src=\"https:\/\/6469da.medialib.edu.glogster.com\/PRDclSCwHqHgubUaWOhr\/media\/b2\/b260c24a782c8d550e53b586a171edc6f0304a66\/03694x.jpg\" alt=\"VOLCANS: text, images, music, video | Glogster EDU - Interactive multimedia posters\" width=\"343\" height=\"258\" \/>El diumenge 19 de setembre va entrar en erupci\u00f3 el volc\u00e0 Cumbre Vieja. Aquest volc\u00e1\u00a0 \u00e9s a l&#8217;illa de La Palma a les Can\u00e0ries. Tot va comen\u00e7ar\u00a0 amb\u00a0 petits terratr\u00e8mols. Ha destru\u00eft cases i conreus de pl\u00e0tans.<\/p>\n<p>Paula Enciso i\u00a0 Lizbeth Cabrera<\/p>\n<p>&nbsp;<\/p>\n<p>&nbsp;<\/p>\n","protected":false},"excerpt":{"rendered":"<p>El diumenge 19 de setembre va entrar en erupci\u00f3 el volc\u00e0 Cumbre Vieja. Aquest volc\u00e1\u00a0 \u00e9s a l&#8217;illa de La Palma a les Can\u00e0ries. Tot va comen\u00e7ar\u00a0 amb\u00a0 petits terratr\u00e8mols. Ha destru\u00eft cases i conreus de pl\u00e0tans.<br \/>\nPaula Enciso i\u00a0 Lizbeth Cabrera<br \/>\n&nbsp;<br \/>\n&nbsp;<\/p>\n","protected":false},"author":171,"featured_media":10164,"comment_status":"open","ping_status":"closed","sticky":false,"template":"","format":"standard","meta":{"_bbp_topic_count":0,"_bbp_reply_count":0,"_bbp_total_topic_count":0,"_bbp_total_reply_count":0,"_bbp_voice_count":0,"_bbp_anonymous_reply_count":0,"_bbp_topic_count_hidden":0,"_bbp_reply_count_hidden":0,"_bbp_forum_subforum_count":0,"footnotes":""},"categories":[139],"tags":[],"class_list":["post-9938","post","type-post","status-publish","format-standard","has-post-thumbnail","hentry","category-escrivim-noticies-a-la-web"],"post_mailing_queue_ids":[],"_links":{"self":[{"href":"https:\/\/agora.xtec.cat\/escolalavilapalamos\/wp-json\/wp\/v2\/posts\/9938","targetHints":{"allow":["GET"]}}],"collection":[{"href":"https:\/\/agora.xtec.cat\/escolalavilapalamos\/wp-json\/wp\/v2\/posts"}],"about":[{"href":"https:\/\/agora.xtec.cat\/escolalavilapalamos\/wp-json\/wp\/v2\/types\/post"}],"author":[{"embeddable":true,"href":"https:\/\/agora.xtec.cat\/escolalavilapalamos\/wp-json\/wp\/v2\/users\/171"}],"replies":[{"embeddable":true,"href":"https:\/\/agora.xtec.cat\/escolalavilapalamos\/wp-json\/wp\/v2\/comments?post=9938"}],"version-history":[{"count":3,"href":"https:\/\/agora.xtec.cat\/escolalavilapalamos\/wp-json\/wp\/v2\/posts\/9938\/revisions"}],"predecessor-version":[{"id":10137,"href":"https:\/\/agora.xtec.cat\/escolalavilapalamos\/wp-json\/wp\/v2\/posts\/9938\/revisions\/10137"}],"wp:featuredmedia":[{"embeddable":true,"href":"https:\/\/agora.xtec.cat\/escolalavilapalamos\/wp-json\/wp\/v2\/media\/10164"}],"wp:attachment":[{"href":"https:\/\/agora.xtec.cat\/escolalavilapalamos\/wp-json\/wp\/v2\/media?parent=9938"}],"wp:term":[{"taxonomy":"category","embeddable":true,"href":"https:\/\/agora.xtec.cat\/escolalavilapalamos\/wp-json\/wp\/v2\/categories?post=9938"},{"taxonomy":"post_tag","embeddable":true,"href":"https:\/\/agora.xtec.cat\/escolalavilapalamos\/wp-json\/wp\/v2\/tags?post=9938"}],"curies":[{"name":"wp","href":"https:\/\/api.w.org\/{rel}","templated":true}]}}