{"id":9933,"date":"2021-10-07T17:38:42","date_gmt":"2021-10-07T15:38:42","guid":{"rendered":"https:\/\/agora.xtec.cat\/escolalavilapalamos\/?p=9933"},"modified":"2021-10-07T17:43:19","modified_gmt":"2021-10-07T15:43:19","slug":"sortida-de-p4-i-p5-al-lab-0-6-de-manresa","status":"publish","type":"post","link":"https:\/\/agora.xtec.cat\/escolalavilapalamos\/general\/sortida-de-p4-i-p5-al-lab-0-6-de-manresa\/","title":{"rendered":"Sortida de P4 i P5 al  LAB 0-6 de Manresa"},"content":{"rendered":"<p>Els infants de P4 i P5 anirem d&#8217;excursi\u00f3 al Lab 0-6 de Manresa.<img loading=\"lazy\" decoding=\"async\" class=\"size-full wp-image-9935 alignright\" src=\"https:\/\/agora.xtec.cat\/escolalavilapalamos\/wp-content\/uploads\/usu897\/2021\/10\/baixa.jpg\" alt=\"\" width=\"233\" height=\"217\" \/><\/p>\n<p>El Lab 0_6 ens proposa un seguit d\u2019activitats per promoure <strong>l\u2019inter\u00e8s per la ci\u00e8ncia a partir de la iniciativa personal en la resoluci\u00f3 de reptes, la presa de decisions amb intencionalitat i la viv\u00e8ncia d\u2019experi\u00e8ncies positives d\u2019aprenentatge cient\u00edfic.<\/strong><\/p>\n<p>Per a m\u00e9s informaci\u00f3, podeu consultar a l&#8217;enlla\u00e7<a href=\"http:\/\/lab06.umanresa.cat\/\"><img loading=\"lazy\" decoding=\"async\" class=\"wp-image-9939 alignnone\" src=\"https:\/\/agora.xtec.cat\/escolalavilapalamos\/wp-content\/uploads\/usu897\/2021\/10\/Lab-0_6-1024x384.jpg\" alt=\"\" width=\"80\" height=\"30\" srcset=\"https:\/\/agora.xtec.cat\/escolalavilapalamos\/wp-content\/uploads\/usu897\/2021\/10\/Lab-0_6-1024x384.jpg 1024w, https:\/\/agora.xtec.cat\/escolalavilapalamos\/wp-content\/uploads\/usu897\/2021\/10\/Lab-0_6-300x112.jpg 300w, https:\/\/agora.xtec.cat\/escolalavilapalamos\/wp-content\/uploads\/usu897\/2021\/10\/Lab-0_6-768x288.jpg 768w, https:\/\/agora.xtec.cat\/escolalavilapalamos\/wp-content\/uploads\/usu897\/2021\/10\/Lab-0_6-1536x576.jpg 1536w, https:\/\/agora.xtec.cat\/escolalavilapalamos\/wp-content\/uploads\/usu897\/2021\/10\/Lab-0_6-2048x768.jpg 2048w\" sizes=\"auto, (max-width: 80px) 100vw, 80px\" \/><\/a><\/p>\n<p>Els infants de\u00a0 <strong>P4<\/strong> farem la sortida el <strong>dimarts 26 d&#8217;octubre<\/strong> i els infants de <strong>P5<\/strong> el <strong>dimecres\u00a0 27 d&#8217;octubre.<\/strong><\/p>\n<p>Us podeu descarregar les autoritzacions aqu\u00ed : <a href=\"https:\/\/drive.google.com\/file\/d\/1cbYAHFvX9-QDJJNHRcwOVrWoiPYVMA0H\/view?usp=sharing\">Sortida P4<\/a>\u00a0 i <a href=\"https:\/\/drive.google.com\/file\/d\/17B1ThSt8f4u2J9R3fEqrthCSEWYo-FtC\/view?usp=sharing\">sortida P5<\/a>.<\/p>\n","protected":false},"excerpt":{"rendered":"<p>Els infants de P4 i P5 anirem d&#8217;excursi\u00f3 al Lab 0-6 de Manresa.<br \/>\nEl Lab 0_6 ens proposa un seguit d\u2019activitats per promoure l\u2019inter\u00e8s per la ci\u00e8ncia a partir de la iniciativa personal en la resoluci\u00f3 de reptes, la presa de decisions amb intencionalitat i la&hellip;  <a href=\"https:\/\/agora.xtec.cat\/escolalavilapalamos\/general\/sortida-de-p4-i-p5-al-lab-0-6-de-manresa\/\" title=\"Read Sortida de P4 i P5 al  LAB 0-6 de Manresa\">Llegeix m\u00e9s\u00bb<\/a><\/p>\n","protected":false},"author":128,"featured_media":9935,"comment_status":"open","ping_status":"closed","sticky":false,"template":"","format":"standard","meta":{"_bbp_topic_count":0,"_bbp_reply_count":0,"_bbp_total_topic_count":0,"_bbp_total_reply_count":0,"_bbp_voice_count":0,"_bbp_anonymous_reply_count":0,"_bbp_topic_count_hidden":0,"_bbp_reply_count_hidden":0,"_bbp_forum_subforum_count":0,"footnotes":""},"categories":[2,1,4],"tags":[],"class_list":["post-9933","post","type-post","status-publish","format-standard","has-post-thumbnail","hentry","category-infantil","category-general","category-portada"],"post_mailing_queue_ids":[],"_links":{"self":[{"href":"https:\/\/agora.xtec.cat\/escolalavilapalamos\/wp-json\/wp\/v2\/posts\/9933","targetHints":{"allow":["GET"]}}],"collection":[{"href":"https:\/\/agora.xtec.cat\/escolalavilapalamos\/wp-json\/wp\/v2\/posts"}],"about":[{"href":"https:\/\/agora.xtec.cat\/escolalavilapalamos\/wp-json\/wp\/v2\/types\/post"}],"author":[{"embeddable":true,"href":"https:\/\/agora.xtec.cat\/escolalavilapalamos\/wp-json\/wp\/v2\/users\/128"}],"replies":[{"embeddable":true,"href":"https:\/\/agora.xtec.cat\/escolalavilapalamos\/wp-json\/wp\/v2\/comments?post=9933"}],"version-history":[{"count":3,"href":"https:\/\/agora.xtec.cat\/escolalavilapalamos\/wp-json\/wp\/v2\/posts\/9933\/revisions"}],"predecessor-version":[{"id":9967,"href":"https:\/\/agora.xtec.cat\/escolalavilapalamos\/wp-json\/wp\/v2\/posts\/9933\/revisions\/9967"}],"wp:featuredmedia":[{"embeddable":true,"href":"https:\/\/agora.xtec.cat\/escolalavilapalamos\/wp-json\/wp\/v2\/media\/9935"}],"wp:attachment":[{"href":"https:\/\/agora.xtec.cat\/escolalavilapalamos\/wp-json\/wp\/v2\/media?parent=9933"}],"wp:term":[{"taxonomy":"category","embeddable":true,"href":"https:\/\/agora.xtec.cat\/escolalavilapalamos\/wp-json\/wp\/v2\/categories?post=9933"},{"taxonomy":"post_tag","embeddable":true,"href":"https:\/\/agora.xtec.cat\/escolalavilapalamos\/wp-json\/wp\/v2\/tags?post=9933"}],"curies":[{"name":"wp","href":"https:\/\/api.w.org\/{rel}","templated":true}]}}