{"id":9932,"date":"2021-10-18T17:42:22","date_gmt":"2021-10-18T15:42:22","guid":{"rendered":"https:\/\/agora.xtec.cat\/escolalavilapalamos\/?p=9932"},"modified":"2021-10-19T14:30:45","modified_gmt":"2021-10-19T12:30:45","slug":"noticia-dun-volca","status":"publish","type":"post","link":"https:\/\/agora.xtec.cat\/escolalavilapalamos\/escrivim-noticies-a-la-web\/noticia-dun-volca\/","title":{"rendered":"Not\u00edcia d&#8217;un volc\u00e0"},"content":{"rendered":"<p><img loading=\"lazy\" decoding=\"async\" class=\"alignright\" src=\"https:\/\/media.lacapital.com.ar\/p\/1edc82211e502c7feaae00a8235e974e\/adjuntos\/203\/imagenes\/030\/597\/0030597542\/642x0\/smart\/volcanjpg.jpg\" alt=\"Cient\u00edficos alertan que el volc\u00e1n de Canarias podr\u00eda generar un gran tsunami\" width=\"473\" height=\"266\" \/><\/p>\n<p>El volc\u00e0 Cumbre Vieja ha erupcionat.<\/p>\n<p>El diumenge 19 de setembre de 2021 el volc\u00e0 Cumbre Vieja va erupcionar i va comen\u00e7ar a treure molta lava. Hi havia petits terratr\u00e8mols i va sortir un riu de lava que es diu colada a 1.000\u00ba. L&#8217;erupci\u00f3 no va provocar cap ferit.<\/p>\n<p>S&#8217;han destru\u00eft m\u00e9s de 800 cases i camps de conreus de pl\u00e0tans.<\/p>\n<p>Daniela Rodr\u00edguez\u00a0 i\u00a0 Aina Del Moral.<\/p>\n<p><iframe loading=\"lazy\" src=\"\/\/www.youtube.com\/embed\/s_ZJyi2W_U8?t=9\" width=\"560\" height=\"314\"><\/iframe><\/p>\n<p>&nbsp;<\/p>\n","protected":false},"excerpt":{"rendered":"<p>El volc\u00e0 Cumbre Vieja ha erupcionat.<br \/>\nEl diumenge 19 de setembre de 2021 el volc\u00e0 Cumbre Vieja va erupcionar i va comen\u00e7ar a treure molta lava. Hi havia petits terratr\u00e8mols i va sortir un riu de lava que es diu colada a 1.000\u00ba. L&#8217;erupci\u00f3 no va&hellip;  <a href=\"https:\/\/agora.xtec.cat\/escolalavilapalamos\/escrivim-noticies-a-la-web\/noticia-dun-volca\/\" title=\"Read Not\u00edcia d&#8217;un volc\u00e0\">Llegeix m\u00e9s\u00bb<\/a><\/p>\n","protected":false},"author":171,"featured_media":10165,"comment_status":"open","ping_status":"closed","sticky":false,"template":"","format":"standard","meta":{"_bbp_topic_count":0,"_bbp_reply_count":0,"_bbp_total_topic_count":0,"_bbp_total_reply_count":0,"_bbp_voice_count":0,"_bbp_anonymous_reply_count":0,"_bbp_topic_count_hidden":0,"_bbp_reply_count_hidden":0,"_bbp_forum_subforum_count":0,"footnotes":""},"categories":[139],"tags":[],"class_list":["post-9932","post","type-post","status-publish","format-standard","has-post-thumbnail","hentry","category-escrivim-noticies-a-la-web"],"post_mailing_queue_ids":[],"_links":{"self":[{"href":"https:\/\/agora.xtec.cat\/escolalavilapalamos\/wp-json\/wp\/v2\/posts\/9932","targetHints":{"allow":["GET"]}}],"collection":[{"href":"https:\/\/agora.xtec.cat\/escolalavilapalamos\/wp-json\/wp\/v2\/posts"}],"about":[{"href":"https:\/\/agora.xtec.cat\/escolalavilapalamos\/wp-json\/wp\/v2\/types\/post"}],"author":[{"embeddable":true,"href":"https:\/\/agora.xtec.cat\/escolalavilapalamos\/wp-json\/wp\/v2\/users\/171"}],"replies":[{"embeddable":true,"href":"https:\/\/agora.xtec.cat\/escolalavilapalamos\/wp-json\/wp\/v2\/comments?post=9932"}],"version-history":[{"count":3,"href":"https:\/\/agora.xtec.cat\/escolalavilapalamos\/wp-json\/wp\/v2\/posts\/9932\/revisions"}],"predecessor-version":[{"id":10136,"href":"https:\/\/agora.xtec.cat\/escolalavilapalamos\/wp-json\/wp\/v2\/posts\/9932\/revisions\/10136"}],"wp:featuredmedia":[{"embeddable":true,"href":"https:\/\/agora.xtec.cat\/escolalavilapalamos\/wp-json\/wp\/v2\/media\/10165"}],"wp:attachment":[{"href":"https:\/\/agora.xtec.cat\/escolalavilapalamos\/wp-json\/wp\/v2\/media?parent=9932"}],"wp:term":[{"taxonomy":"category","embeddable":true,"href":"https:\/\/agora.xtec.cat\/escolalavilapalamos\/wp-json\/wp\/v2\/categories?post=9932"},{"taxonomy":"post_tag","embeddable":true,"href":"https:\/\/agora.xtec.cat\/escolalavilapalamos\/wp-json\/wp\/v2\/tags?post=9932"}],"curies":[{"name":"wp","href":"https:\/\/api.w.org\/{rel}","templated":true}]}}