{"id":9928,"date":"2021-10-18T15:54:55","date_gmt":"2021-10-18T13:54:55","guid":{"rendered":"https:\/\/agora.xtec.cat\/escolalavilapalamos\/?p=9928"},"modified":"2021-10-18T15:54:55","modified_gmt":"2021-10-18T13:54:55","slug":"explota-el-cumbre-vieja","status":"publish","type":"post","link":"https:\/\/agora.xtec.cat\/escolalavilapalamos\/escrivim-noticies-a-la-web\/explota-el-cumbre-vieja\/","title":{"rendered":"Explota el Cumbre Vieja"},"content":{"rendered":"<p><img loading=\"lazy\" decoding=\"async\" class=\"alignleft\" src=\"https:\/\/pbs.twimg.com\/media\/E_vzh1sXEAoFq4a.jpg\" alt=\"Ayuntamiento de Calp on Twitter: &amp;quot;Desde el Ayuntamiento de #Calp queremos transmitir un mensaje de \u00e1nimo y solidaridad a los ciudadanos de La Palma que est\u00e1n sufriendo los estragos de la erupci\u00f3n\" width=\"430\" height=\"242\" \/><\/p>\n<p>Explota el volc\u00e0 de La Palma<\/p>\n<p>El diumenge 19 de setembre va entrar en erupci\u00f3 el volc\u00e0 Cumbre Vieja. Feia 50 anys que no erupcionava. No hi hagut cap ferit per\u00f2 hi ha 5.000 evacuats.<\/p>\n<p>L&#8217;erupci\u00f3 ha tret molta lava i ha fet una colada de 1.000 graus. Ha destru\u00eft moltes cases. Tot va comen\u00e7ar amb petits terratr\u00e8mols.<\/p>\n<p>Hugo Luna i Pau Alexandre.<\/p>\n<p><iframe loading=\"lazy\" src=\"\/\/www.youtube.com\/embed\/Q1WrOrdtb3c\" width=\"560\" height=\"314\"><\/iframe><\/p>\n","protected":false},"excerpt":{"rendered":"<p>Explota el volc\u00e0 de La Palma<br \/>\nEl diumenge 19 de setembre va entrar en erupci\u00f3 el volc\u00e0 Cumbre Vieja. Feia 50 anys que no erupcionava. No hi hagut cap ferit per\u00f2 hi ha 5.000 evacuats.<br \/>\nL&#8217;erupci\u00f3 ha tret molta lava i ha fet una colada de 1.000&hellip;  <a href=\"https:\/\/agora.xtec.cat\/escolalavilapalamos\/escrivim-noticies-a-la-web\/explota-el-cumbre-vieja\/\" title=\"Read Explota el Cumbre Vieja\">Llegeix m\u00e9s\u00bb<\/a><\/p>\n","protected":false},"author":171,"featured_media":10131,"comment_status":"open","ping_status":"closed","sticky":false,"template":"","format":"standard","meta":{"_bbp_topic_count":0,"_bbp_reply_count":0,"_bbp_total_topic_count":0,"_bbp_total_reply_count":0,"_bbp_voice_count":0,"_bbp_anonymous_reply_count":0,"_bbp_topic_count_hidden":0,"_bbp_reply_count_hidden":0,"_bbp_forum_subforum_count":0,"footnotes":""},"categories":[139],"tags":[],"class_list":["post-9928","post","type-post","status-publish","format-standard","has-post-thumbnail","hentry","category-escrivim-noticies-a-la-web"],"post_mailing_queue_ids":[],"_links":{"self":[{"href":"https:\/\/agora.xtec.cat\/escolalavilapalamos\/wp-json\/wp\/v2\/posts\/9928","targetHints":{"allow":["GET"]}}],"collection":[{"href":"https:\/\/agora.xtec.cat\/escolalavilapalamos\/wp-json\/wp\/v2\/posts"}],"about":[{"href":"https:\/\/agora.xtec.cat\/escolalavilapalamos\/wp-json\/wp\/v2\/types\/post"}],"author":[{"embeddable":true,"href":"https:\/\/agora.xtec.cat\/escolalavilapalamos\/wp-json\/wp\/v2\/users\/171"}],"replies":[{"embeddable":true,"href":"https:\/\/agora.xtec.cat\/escolalavilapalamos\/wp-json\/wp\/v2\/comments?post=9928"}],"version-history":[{"count":3,"href":"https:\/\/agora.xtec.cat\/escolalavilapalamos\/wp-json\/wp\/v2\/posts\/9928\/revisions"}],"predecessor-version":[{"id":10132,"href":"https:\/\/agora.xtec.cat\/escolalavilapalamos\/wp-json\/wp\/v2\/posts\/9928\/revisions\/10132"}],"wp:featuredmedia":[{"embeddable":true,"href":"https:\/\/agora.xtec.cat\/escolalavilapalamos\/wp-json\/wp\/v2\/media\/10131"}],"wp:attachment":[{"href":"https:\/\/agora.xtec.cat\/escolalavilapalamos\/wp-json\/wp\/v2\/media?parent=9928"}],"wp:term":[{"taxonomy":"category","embeddable":true,"href":"https:\/\/agora.xtec.cat\/escolalavilapalamos\/wp-json\/wp\/v2\/categories?post=9928"},{"taxonomy":"post_tag","embeddable":true,"href":"https:\/\/agora.xtec.cat\/escolalavilapalamos\/wp-json\/wp\/v2\/tags?post=9928"}],"curies":[{"name":"wp","href":"https:\/\/api.w.org\/{rel}","templated":true}]}}