{"id":9927,"date":"2021-10-18T17:38:36","date_gmt":"2021-10-18T15:38:36","guid":{"rendered":"https:\/\/agora.xtec.cat\/escolalavilapalamos\/?p=9927"},"modified":"2021-10-18T17:38:36","modified_gmt":"2021-10-18T15:38:36","slug":"noticia-del-volca","status":"publish","type":"post","link":"https:\/\/agora.xtec.cat\/escolalavilapalamos\/escrivim-noticies-a-la-web\/noticia-del-volca\/","title":{"rendered":"Not\u00edcia del volc\u00e0"},"content":{"rendered":"<p><img loading=\"lazy\" decoding=\"async\" class=\"alignright\" src=\"https:\/\/img.ccma.cat\/multimedia\/jpg\/3\/6\/1632117817763_670x378.jpg\" alt=\"Les imatges de l'erupci\u00f3 del volc\u00e0 Cumbre Vieja a La Palma\" width=\"469\" height=\"265\" \/><\/p>\n<p>EL VOLC\u00c0 CUMBRE VIEJA ERUPCIONA<\/p>\n<p>El diumenge 19 de setembre el volc\u00e0 Cumbre Vieja erupciona a les Illes Can\u00e0ries. Ffeia 50 anys que no erupcionava. Tot va comen\u00e7ar amb petits terratr\u00e8mols que va provocar l&#8217;erupci\u00f3.<\/p>\n<p>La lava ha destrossat m\u00e9s de 800 cases i molts conreus de pl\u00e0tans.<\/p>\n<p>S&#8217;han obert 8 forats. La lava ja ha arribat al mar, per tant l&#8217;illa es far\u00e0 mica en mica m\u00e9s gran.<\/p>\n<p>LOLA VICHA i RAYHAN LAAZIBI<\/p>\n<p>&nbsp;<\/p>\n<p><iframe loading=\"lazy\" src=\"\/\/www.youtube.com\/embed\/DBIyTG1hod4\" width=\"560\" height=\"314\"><\/iframe><\/p>\n<p>&nbsp;<\/p>\n","protected":false},"excerpt":{"rendered":"<p>EL VOLC\u00c0 CUMBRE VIEJA ERUPCIONA<br \/>\nEl diumenge 19 de setembre el volc\u00e0 Cumbre Vieja erupciona a les Illes Can\u00e0ries. Ffeia 50 anys que no erupcionava. Tot va comen\u00e7ar amb petits terratr\u00e8mols que va provocar l&#8217;erupci\u00f3.<br \/>\nLa lava ha destrossat m\u00e9s de 800 cases i molts conreus de&hellip;  <a href=\"https:\/\/agora.xtec.cat\/escolalavilapalamos\/escrivim-noticies-a-la-web\/noticia-del-volca\/\" title=\"Read Not\u00edcia del volc\u00e0\">Llegeix m\u00e9s\u00bb<\/a><\/p>\n","protected":false},"author":171,"featured_media":10134,"comment_status":"open","ping_status":"closed","sticky":false,"template":"","format":"standard","meta":{"_bbp_topic_count":0,"_bbp_reply_count":0,"_bbp_total_topic_count":0,"_bbp_total_reply_count":0,"_bbp_voice_count":0,"_bbp_anonymous_reply_count":0,"_bbp_topic_count_hidden":0,"_bbp_reply_count_hidden":0,"_bbp_forum_subforum_count":0,"footnotes":""},"categories":[139],"tags":[],"class_list":["post-9927","post","type-post","status-publish","format-standard","has-post-thumbnail","hentry","category-escrivim-noticies-a-la-web"],"post_mailing_queue_ids":[],"_links":{"self":[{"href":"https:\/\/agora.xtec.cat\/escolalavilapalamos\/wp-json\/wp\/v2\/posts\/9927","targetHints":{"allow":["GET"]}}],"collection":[{"href":"https:\/\/agora.xtec.cat\/escolalavilapalamos\/wp-json\/wp\/v2\/posts"}],"about":[{"href":"https:\/\/agora.xtec.cat\/escolalavilapalamos\/wp-json\/wp\/v2\/types\/post"}],"author":[{"embeddable":true,"href":"https:\/\/agora.xtec.cat\/escolalavilapalamos\/wp-json\/wp\/v2\/users\/171"}],"replies":[{"embeddable":true,"href":"https:\/\/agora.xtec.cat\/escolalavilapalamos\/wp-json\/wp\/v2\/comments?post=9927"}],"version-history":[{"count":3,"href":"https:\/\/agora.xtec.cat\/escolalavilapalamos\/wp-json\/wp\/v2\/posts\/9927\/revisions"}],"predecessor-version":[{"id":10135,"href":"https:\/\/agora.xtec.cat\/escolalavilapalamos\/wp-json\/wp\/v2\/posts\/9927\/revisions\/10135"}],"wp:featuredmedia":[{"embeddable":true,"href":"https:\/\/agora.xtec.cat\/escolalavilapalamos\/wp-json\/wp\/v2\/media\/10134"}],"wp:attachment":[{"href":"https:\/\/agora.xtec.cat\/escolalavilapalamos\/wp-json\/wp\/v2\/media?parent=9927"}],"wp:term":[{"taxonomy":"category","embeddable":true,"href":"https:\/\/agora.xtec.cat\/escolalavilapalamos\/wp-json\/wp\/v2\/categories?post=9927"},{"taxonomy":"post_tag","embeddable":true,"href":"https:\/\/agora.xtec.cat\/escolalavilapalamos\/wp-json\/wp\/v2\/tags?post=9927"}],"curies":[{"name":"wp","href":"https:\/\/api.w.org\/{rel}","templated":true}]}}