{"id":9915,"date":"2021-10-06T21:33:16","date_gmt":"2021-10-06T19:33:16","guid":{"rendered":"https:\/\/agora.xtec.cat\/escolalavilapalamos\/?p=9915"},"modified":"2021-10-07T16:54:15","modified_gmt":"2021-10-07T14:54:15","slug":"treball-globalitzat-a-4t-els-volcans","status":"publish","type":"post","link":"https:\/\/agora.xtec.cat\/escolalavilapalamos\/general\/treball-globalitzat-a-4t-els-volcans\/","title":{"rendered":"Treball globalitzat a 4t: Els volcans"},"content":{"rendered":"<p><a href=\"https:\/\/agora.xtec.cat\/escolalavilapalamos\/wp-content\/uploads\/usu897\/2021\/10\/cc0d293e-1578-4dea-96f8-6303af7e480e.jpg\"><img loading=\"lazy\" decoding=\"async\" class=\" wp-image-9918 alignleft\" src=\"https:\/\/agora.xtec.cat\/escolalavilapalamos\/wp-content\/uploads\/usu897\/2021\/10\/cc0d293e-1578-4dea-96f8-6303af7e480e-300x249.jpg\" alt=\"\" width=\"257\" height=\"213\" srcset=\"https:\/\/agora.xtec.cat\/escolalavilapalamos\/wp-content\/uploads\/usu897\/2021\/10\/cc0d293e-1578-4dea-96f8-6303af7e480e-300x250.jpg 300w, https:\/\/agora.xtec.cat\/escolalavilapalamos\/wp-content\/uploads\/usu897\/2021\/10\/cc0d293e-1578-4dea-96f8-6303af7e480e-1024x848.jpg 1024w, https:\/\/agora.xtec.cat\/escolalavilapalamos\/wp-content\/uploads\/usu897\/2021\/10\/cc0d293e-1578-4dea-96f8-6303af7e480e-768x636.jpg 768w, https:\/\/agora.xtec.cat\/escolalavilapalamos\/wp-content\/uploads\/usu897\/2021\/10\/cc0d293e-1578-4dea-96f8-6303af7e480e.jpg 1090w\" sizes=\"auto, (max-width: 257px) 100vw, 257px\" \/><\/a>Els nois i noies de 4t fa dies que centrem el treball globalitzat en els volcans. La setmana del 20 de setembre totes les not\u00edcies parlaven del volc\u00e0 Cumbre Vieja. Tots ens sab\u00edem alguna cosa i a partir d&#8217;aqu\u00ed hem anat aprenent junts. Hem fet hip\u00f2tesis, compartit idees, hem buscat informaci\u00f3&#8230;i seguirem aprenent a partir d&#8217;aqu\u00ed altres canvis que es produeixen en el paisatge. Aquest any comencem a posar en pr\u00e0ctica les xarxes de relacions, ara comen\u00e7arem amb el que hem apr\u00e8s dels volcans i anirem ampliant la informaci\u00f3 a mida que anem adquirint m\u00e9s coneixements. Aviat us mostrarem les nostres xarxes i articles sobre els volcans que nosaltres mateixos hem redactat i publicarem a la web.<\/p>\n<p style=\"text-align: center;\">Podeu veure algunes <a href=\"https:\/\/photos.app.goo.gl\/NXzDXLsQEKh3oaAy8\">fotos aqu\u00ed<\/a><\/p>\n<p>&nbsp;<\/p>\n","protected":false},"excerpt":{"rendered":"<p><a href=\"https:\/\/agora.xtec.cat\/escolalavilapalamos\/wp-content\/uploads\/usu897\/2021\/10\/cc0d293e-1578-4dea-96f8-6303af7e480e.jpg\"><\/a>Els nois i noies de 4t fa dies que centrem el treball globalitzat en els volcans. La setmana del 20 de setembre totes les not\u00edcies parlaven del volc\u00e0 Cumbre Vieja. Tots ens sab\u00edem alguna cosa i a partir d&#8217;aqu\u00ed hem anat aprenent junts. Hem&hellip;  <a href=\"https:\/\/agora.xtec.cat\/escolalavilapalamos\/general\/treball-globalitzat-a-4t-els-volcans\/\" title=\"Read Treball globalitzat a 4t: Els volcans\">Llegeix m\u00e9s\u00bb<\/a><\/p>\n","protected":false},"author":1,"featured_media":9918,"comment_status":"open","ping_status":"closed","sticky":false,"template":"","format":"standard","meta":{"_bbp_topic_count":0,"_bbp_reply_count":0,"_bbp_total_topic_count":0,"_bbp_total_reply_count":0,"_bbp_voice_count":0,"_bbp_anonymous_reply_count":0,"_bbp_topic_count_hidden":0,"_bbp_reply_count_hidden":0,"_bbp_forum_subforum_count":0,"footnotes":""},"categories":[1,4],"tags":[],"class_list":["post-9915","post","type-post","status-publish","format-standard","has-post-thumbnail","hentry","category-general","category-portada"],"post_mailing_queue_ids":[],"_links":{"self":[{"href":"https:\/\/agora.xtec.cat\/escolalavilapalamos\/wp-json\/wp\/v2\/posts\/9915","targetHints":{"allow":["GET"]}}],"collection":[{"href":"https:\/\/agora.xtec.cat\/escolalavilapalamos\/wp-json\/wp\/v2\/posts"}],"about":[{"href":"https:\/\/agora.xtec.cat\/escolalavilapalamos\/wp-json\/wp\/v2\/types\/post"}],"author":[{"embeddable":true,"href":"https:\/\/agora.xtec.cat\/escolalavilapalamos\/wp-json\/wp\/v2\/users\/1"}],"replies":[{"embeddable":true,"href":"https:\/\/agora.xtec.cat\/escolalavilapalamos\/wp-json\/wp\/v2\/comments?post=9915"}],"version-history":[{"count":2,"href":"https:\/\/agora.xtec.cat\/escolalavilapalamos\/wp-json\/wp\/v2\/posts\/9915\/revisions"}],"predecessor-version":[{"id":9964,"href":"https:\/\/agora.xtec.cat\/escolalavilapalamos\/wp-json\/wp\/v2\/posts\/9915\/revisions\/9964"}],"wp:featuredmedia":[{"embeddable":true,"href":"https:\/\/agora.xtec.cat\/escolalavilapalamos\/wp-json\/wp\/v2\/media\/9918"}],"wp:attachment":[{"href":"https:\/\/agora.xtec.cat\/escolalavilapalamos\/wp-json\/wp\/v2\/media?parent=9915"}],"wp:term":[{"taxonomy":"category","embeddable":true,"href":"https:\/\/agora.xtec.cat\/escolalavilapalamos\/wp-json\/wp\/v2\/categories?post=9915"},{"taxonomy":"post_tag","embeddable":true,"href":"https:\/\/agora.xtec.cat\/escolalavilapalamos\/wp-json\/wp\/v2\/tags?post=9915"}],"curies":[{"name":"wp","href":"https:\/\/api.w.org\/{rel}","templated":true}]}}