{"id":9888,"date":"2021-10-18T15:28:08","date_gmt":"2021-10-18T13:28:08","guid":{"rendered":"https:\/\/agora.xtec.cat\/escolalavilapalamos\/?p=9888"},"modified":"2021-10-20T15:08:47","modified_gmt":"2021-10-20T13:08:47","slug":"el-volca-entra-en-erupcio","status":"publish","type":"post","link":"https:\/\/agora.xtec.cat\/escolalavilapalamos\/escrivim-noticies-a-la-web\/el-volca-entra-en-erupcio\/","title":{"rendered":"El volc\u00e0 entra en erupci\u00f3"},"content":{"rendered":"<p>El volc\u00e0 de La Palma<img loading=\"lazy\" decoding=\"async\" class=\"alignright\" src=\"https:\/\/filesedc.com\/uploads\/other\/2019\/07\/1200\/imatge-del-volca-de-papua-llancant-magma.jpg\" alt=\"Un volc\u00e0 de Papua pot danyar la salut humana\" width=\"599\" height=\"337\" \/><\/p>\n<p>El volc\u00e0 Cumbre Vieja ha explotat. Dilluns 19 de setembre. La Palma \u00e9s una illa volc\u00e0nica de les Illes Can\u00e0ries. La lava ha arribat al mar.<\/p>\n<p>La lava a destru\u00eft moltes cases. Com la lava a arribat al mar pot ser que faci m\u00e9s gran l&#8217; illa. Per sort ning\u00fa ha sortit ferit.<\/p>\n<p>Als costats del volc\u00e0\u00a0 Cumbre Vieja s&#8217;han obert 8 forats. Abans que el volca explot\u00e9s ha avisat amb terratr\u00e8mols. Des d&#8217; una muntanya s&#8217;ha vist fum del volc\u00e0 com explotava. Si la lava an\u00e9s una miqueta m\u00e9s lluny podria ser que fes una nova illa.<\/p>\n<p>Ariadna Silva i Lina Benzaidan\ud83c\udf0b\ud83d\udca5<\/p>\n","protected":false},"excerpt":{"rendered":"<p>El volc\u00e0 de La Palma<br \/>\nEl volc\u00e0 Cumbre Vieja ha explotat. Dilluns 19 de setembre. La Palma \u00e9s una illa volc\u00e0nica de les Illes Can\u00e0ries. La lava ha arribat al mar.<br \/>\nLa lava a destru\u00eft moltes cases. Com la lava a arribat al mar pot ser que&hellip;  <a href=\"https:\/\/agora.xtec.cat\/escolalavilapalamos\/escrivim-noticies-a-la-web\/el-volca-entra-en-erupcio\/\" title=\"Read El volc\u00e0 entra en erupci\u00f3\">Llegeix m\u00e9s\u00bb<\/a><\/p>\n","protected":false},"author":171,"featured_media":10179,"comment_status":"open","ping_status":"closed","sticky":false,"template":"","format":"standard","meta":{"_bbp_topic_count":0,"_bbp_reply_count":0,"_bbp_total_topic_count":0,"_bbp_total_reply_count":0,"_bbp_voice_count":0,"_bbp_anonymous_reply_count":0,"_bbp_topic_count_hidden":0,"_bbp_reply_count_hidden":0,"_bbp_forum_subforum_count":0,"footnotes":""},"categories":[139],"tags":[],"class_list":["post-9888","post","type-post","status-publish","format-standard","has-post-thumbnail","hentry","category-escrivim-noticies-a-la-web"],"post_mailing_queue_ids":[],"_links":{"self":[{"href":"https:\/\/agora.xtec.cat\/escolalavilapalamos\/wp-json\/wp\/v2\/posts\/9888","targetHints":{"allow":["GET"]}}],"collection":[{"href":"https:\/\/agora.xtec.cat\/escolalavilapalamos\/wp-json\/wp\/v2\/posts"}],"about":[{"href":"https:\/\/agora.xtec.cat\/escolalavilapalamos\/wp-json\/wp\/v2\/types\/post"}],"author":[{"embeddable":true,"href":"https:\/\/agora.xtec.cat\/escolalavilapalamos\/wp-json\/wp\/v2\/users\/171"}],"replies":[{"embeddable":true,"href":"https:\/\/agora.xtec.cat\/escolalavilapalamos\/wp-json\/wp\/v2\/comments?post=9888"}],"version-history":[{"count":3,"href":"https:\/\/agora.xtec.cat\/escolalavilapalamos\/wp-json\/wp\/v2\/posts\/9888\/revisions"}],"predecessor-version":[{"id":10180,"href":"https:\/\/agora.xtec.cat\/escolalavilapalamos\/wp-json\/wp\/v2\/posts\/9888\/revisions\/10180"}],"wp:featuredmedia":[{"embeddable":true,"href":"https:\/\/agora.xtec.cat\/escolalavilapalamos\/wp-json\/wp\/v2\/media\/10179"}],"wp:attachment":[{"href":"https:\/\/agora.xtec.cat\/escolalavilapalamos\/wp-json\/wp\/v2\/media?parent=9888"}],"wp:term":[{"taxonomy":"category","embeddable":true,"href":"https:\/\/agora.xtec.cat\/escolalavilapalamos\/wp-json\/wp\/v2\/categories?post=9888"},{"taxonomy":"post_tag","embeddable":true,"href":"https:\/\/agora.xtec.cat\/escolalavilapalamos\/wp-json\/wp\/v2\/tags?post=9888"}],"curies":[{"name":"wp","href":"https:\/\/api.w.org\/{rel}","templated":true}]}}