{"id":9882,"date":"2021-10-06T10:22:46","date_gmt":"2021-10-06T08:22:46","guid":{"rendered":"https:\/\/agora.xtec.cat\/escolalavilapalamos\/?p=9882"},"modified":"2021-10-06T10:22:46","modified_gmt":"2021-10-06T08:22:46","slug":"p3-visitem-la-biblioteca-municipal","status":"publish","type":"post","link":"https:\/\/agora.xtec.cat\/escolalavilapalamos\/general\/p3-visitem-la-biblioteca-municipal\/","title":{"rendered":"P3 visitem la Biblioteca Municipal"},"content":{"rendered":"<p><img loading=\"lazy\" decoding=\"async\" class=\" wp-image-9903 alignright\" src=\"https:\/\/agora.xtec.cat\/escolalavilapalamos\/wp-content\/uploads\/usu897\/2021\/10\/20211005_165401.jpg\" alt=\"\" width=\"363\" height=\"272\" srcset=\"https:\/\/agora.xtec.cat\/escolalavilapalamos\/wp-content\/uploads\/usu897\/2021\/10\/20211005_165401.jpg 444w, https:\/\/agora.xtec.cat\/escolalavilapalamos\/wp-content\/uploads\/usu897\/2021\/10\/20211005_165401-300x225.jpg 300w, https:\/\/agora.xtec.cat\/escolalavilapalamos\/wp-content\/uploads\/usu897\/2021\/10\/20211005_165401-200x150.jpg 200w\" sizes=\"auto, (max-width: 363px) 100vw, 363px\" \/><\/p>\n<p>Aquest <strong>dijous 7 d&#8217;octubre<\/strong>, al mat\u00ed, els infants de P3 farem la primera visita a<a href=\"https:\/\/www.bibgirona.cat\/biblioteca\/palamos\"> la Biblioteca Municipal de Palam\u00f3s.<\/a> Coneixerem les instal\u00b7lacions i gaudirem de l&#8217;espai dels contes infantils.<\/p>\n<p>Aquesta activitat la repetirem al llarg del curs, amb l&#8217;objectiu de desenvolupar la comunicaci\u00f3 oral, adquirir nou vocabulari i millorar la comprensi\u00f3. El treball amb els contes afavoreix la imaginaci\u00f3, la creativitat, la gesti\u00f3 de les emocions i fomenta la capacitat d&#8217;escolta i l&#8217;atenci\u00f3.<\/p>\n<p>Ens esperen moments m\u00e0gics on gaudir de noves aventures!!!<\/p>\n","protected":false},"excerpt":{"rendered":"<p>Aquest dijous 7 d&#8217;octubre, al mat\u00ed, els infants de P3 farem la primera visita a<a href=\"https:\/\/www.bibgirona.cat\/biblioteca\/palamos\"> la Biblioteca Municipal de Palam\u00f3s.<\/a> Coneixerem les instal\u00b7lacions i gaudirem de l&#8217;espai dels contes infantils.<br \/>\nAquesta activitat la repetirem al llarg del curs, amb l&#8217;objectiu de desenvolupar la comunicaci\u00f3 oral,&hellip;  <a href=\"https:\/\/agora.xtec.cat\/escolalavilapalamos\/general\/p3-visitem-la-biblioteca-municipal\/\" title=\"Read P3 visitem la Biblioteca Municipal\">Llegeix m\u00e9s\u00bb<\/a><\/p>\n","protected":false},"author":128,"featured_media":9903,"comment_status":"open","ping_status":"closed","sticky":false,"template":"","format":"standard","meta":{"_bbp_topic_count":0,"_bbp_reply_count":0,"_bbp_total_topic_count":0,"_bbp_total_reply_count":0,"_bbp_voice_count":0,"_bbp_anonymous_reply_count":0,"_bbp_topic_count_hidden":0,"_bbp_reply_count_hidden":0,"_bbp_forum_subforum_count":0,"footnotes":""},"categories":[2,1,4],"tags":[],"class_list":["post-9882","post","type-post","status-publish","format-standard","has-post-thumbnail","hentry","category-infantil","category-general","category-portada"],"post_mailing_queue_ids":[],"_links":{"self":[{"href":"https:\/\/agora.xtec.cat\/escolalavilapalamos\/wp-json\/wp\/v2\/posts\/9882","targetHints":{"allow":["GET"]}}],"collection":[{"href":"https:\/\/agora.xtec.cat\/escolalavilapalamos\/wp-json\/wp\/v2\/posts"}],"about":[{"href":"https:\/\/agora.xtec.cat\/escolalavilapalamos\/wp-json\/wp\/v2\/types\/post"}],"author":[{"embeddable":true,"href":"https:\/\/agora.xtec.cat\/escolalavilapalamos\/wp-json\/wp\/v2\/users\/128"}],"replies":[{"embeddable":true,"href":"https:\/\/agora.xtec.cat\/escolalavilapalamos\/wp-json\/wp\/v2\/comments?post=9882"}],"version-history":[{"count":3,"href":"https:\/\/agora.xtec.cat\/escolalavilapalamos\/wp-json\/wp\/v2\/posts\/9882\/revisions"}],"predecessor-version":[{"id":9908,"href":"https:\/\/agora.xtec.cat\/escolalavilapalamos\/wp-json\/wp\/v2\/posts\/9882\/revisions\/9908"}],"wp:featuredmedia":[{"embeddable":true,"href":"https:\/\/agora.xtec.cat\/escolalavilapalamos\/wp-json\/wp\/v2\/media\/9903"}],"wp:attachment":[{"href":"https:\/\/agora.xtec.cat\/escolalavilapalamos\/wp-json\/wp\/v2\/media?parent=9882"}],"wp:term":[{"taxonomy":"category","embeddable":true,"href":"https:\/\/agora.xtec.cat\/escolalavilapalamos\/wp-json\/wp\/v2\/categories?post=9882"},{"taxonomy":"post_tag","embeddable":true,"href":"https:\/\/agora.xtec.cat\/escolalavilapalamos\/wp-json\/wp\/v2\/tags?post=9882"}],"curies":[{"name":"wp","href":"https:\/\/api.w.org\/{rel}","templated":true}]}}