{"id":9860,"date":"2021-10-02T22:05:05","date_gmt":"2021-10-02T20:05:05","guid":{"rendered":"https:\/\/agora.xtec.cat\/escolalavilapalamos\/?p=9860"},"modified":"2021-10-06T10:07:37","modified_gmt":"2021-10-06T08:07:37","slug":"p5-anem-a-la-biblioteca-de-palamos","status":"publish","type":"post","link":"https:\/\/agora.xtec.cat\/escolalavilapalamos\/general\/p5-anem-a-la-biblioteca-de-palamos\/","title":{"rendered":"P5 anem a la biblioteca de Palam\u00f3s"},"content":{"rendered":"<p><span style=\"font-weight: 400;\"><a href=\"https:\/\/agora.xtec.cat\/escolalavilapalamos\/wp-content\/uploads\/usu897\/2021\/10\/IMG_5208.jpg\"><img loading=\"lazy\" decoding=\"async\" class=\"wp-image-9879 aligncenter\" src=\"https:\/\/agora.xtec.cat\/escolalavilapalamos\/wp-content\/uploads\/usu897\/2021\/10\/IMG_5208-300x109.jpg\" alt=\"\" width=\"556\" height=\"202\" srcset=\"https:\/\/agora.xtec.cat\/escolalavilapalamos\/wp-content\/uploads\/usu897\/2021\/10\/IMG_5208-300x109.jpg 300w, https:\/\/agora.xtec.cat\/escolalavilapalamos\/wp-content\/uploads\/usu897\/2021\/10\/IMG_5208-1024x373.jpg 1024w, https:\/\/agora.xtec.cat\/escolalavilapalamos\/wp-content\/uploads\/usu897\/2021\/10\/IMG_5208-768x279.jpg 768w, https:\/\/agora.xtec.cat\/escolalavilapalamos\/wp-content\/uploads\/usu897\/2021\/10\/IMG_5208-1536x559.jpg 1536w, https:\/\/agora.xtec.cat\/escolalavilapalamos\/wp-content\/uploads\/usu897\/2021\/10\/IMG_5208.jpg 1921w\" sizes=\"auto, (max-width: 556px) 100vw, 556px\" \/><\/a><\/span><\/p>\n<p><span style=\"font-weight: 400;\">Actualment ens trobem que als infants els costa llegir, tenen molts est\u00edmuls que els criden l\u2019atenci\u00f3 i sovint la lectura no \u00e9s una de les seves prioritats. Sabem que la lectura \u00e9s essencial per estimular el cervell i per afavorir el seu creixement integral.<\/span><\/p>\n<p><span style=\"font-weight: 400;\">Per aconseguir tenir infants lectors, el primer que cal que fem \u00e9s que despertem el seu l\u2019inter\u00e8s i la motivaci\u00f3 per la lectura. Si aconseguim que els infants vulguin llegir, que vulguin tenir llibres a les mans, podrem afavorir que adquireixin un bon h\u00e0bit lector.<\/span><\/p>\n<p><span style=\"font-weight: 400;\">L\u2019escola t\u00e9 la missi\u00f3 de motivar als infants en la lectura. La biblioteca d\u2019aula, el conte del cap de setmana, llegir contes en veu alta\u2026 s\u00f3n algunes de les activitats que ens ajuden en aquesta tasca.<\/span><\/p>\n<p><span style=\"font-weight: 400;\">La visita a la Biblioteca Municipal t\u00e9 com a objectiu apropar als nens i nenes i a les fam\u00edlies a la lectura fent un bon \u00fas d&#8217; aquest equipament: fer el carnet de la biblioteca als nens, fer \u00fas del servei de pr\u00e9stec, gaudir de l&#8217; Hora del Conte, gaudir dels Contes Musicals<\/span><\/p>\n<p><b>No hi ha espectacle m\u00e9s bonic que la mirada d\u2019un nen que llegeix.\u00a0 G\u00fcnter Grass<\/b><\/p>\n<p>Mireu les fotos <a href=\"https:\/\/photos.app.goo.gl\/eJMbTj2GS9UcuAYv8\">clicant aqu\u00ed<\/a><b><\/b><\/p>\n","protected":false},"excerpt":{"rendered":"<p><a href=\"https:\/\/agora.xtec.cat\/escolalavilapalamos\/wp-content\/uploads\/usu897\/2021\/10\/IMG_5208.jpg\"><\/a><br \/>\nActualment ens trobem que als infants els costa llegir, tenen molts est\u00edmuls que els criden l\u2019atenci\u00f3 i sovint la lectura no \u00e9s una de les seves prioritats. Sabem que la lectura \u00e9s essencial per estimular el cervell i per afavorir el seu creixement integral.<br \/>\nPer&hellip;  <a href=\"https:\/\/agora.xtec.cat\/escolalavilapalamos\/general\/p5-anem-a-la-biblioteca-de-palamos\/\" title=\"Read P5 anem a la biblioteca de Palam\u00f3s\">Llegeix m\u00e9s\u00bb<\/a><\/p>\n","protected":false},"author":128,"featured_media":9861,"comment_status":"open","ping_status":"closed","sticky":false,"template":"","format":"standard","meta":{"_bbp_topic_count":0,"_bbp_reply_count":0,"_bbp_total_topic_count":0,"_bbp_total_reply_count":0,"_bbp_voice_count":0,"_bbp_anonymous_reply_count":0,"_bbp_topic_count_hidden":0,"_bbp_reply_count_hidden":0,"_bbp_forum_subforum_count":0,"footnotes":""},"categories":[2,1,4],"tags":[],"class_list":["post-9860","post","type-post","status-publish","format-standard","has-post-thumbnail","hentry","category-infantil","category-general","category-portada"],"post_mailing_queue_ids":[],"_links":{"self":[{"href":"https:\/\/agora.xtec.cat\/escolalavilapalamos\/wp-json\/wp\/v2\/posts\/9860","targetHints":{"allow":["GET"]}}],"collection":[{"href":"https:\/\/agora.xtec.cat\/escolalavilapalamos\/wp-json\/wp\/v2\/posts"}],"about":[{"href":"https:\/\/agora.xtec.cat\/escolalavilapalamos\/wp-json\/wp\/v2\/types\/post"}],"author":[{"embeddable":true,"href":"https:\/\/agora.xtec.cat\/escolalavilapalamos\/wp-json\/wp\/v2\/users\/128"}],"replies":[{"embeddable":true,"href":"https:\/\/agora.xtec.cat\/escolalavilapalamos\/wp-json\/wp\/v2\/comments?post=9860"}],"version-history":[{"count":4,"href":"https:\/\/agora.xtec.cat\/escolalavilapalamos\/wp-json\/wp\/v2\/posts\/9860\/revisions"}],"predecessor-version":[{"id":9881,"href":"https:\/\/agora.xtec.cat\/escolalavilapalamos\/wp-json\/wp\/v2\/posts\/9860\/revisions\/9881"}],"wp:featuredmedia":[{"embeddable":true,"href":"https:\/\/agora.xtec.cat\/escolalavilapalamos\/wp-json\/wp\/v2\/media\/9861"}],"wp:attachment":[{"href":"https:\/\/agora.xtec.cat\/escolalavilapalamos\/wp-json\/wp\/v2\/media?parent=9860"}],"wp:term":[{"taxonomy":"category","embeddable":true,"href":"https:\/\/agora.xtec.cat\/escolalavilapalamos\/wp-json\/wp\/v2\/categories?post=9860"},{"taxonomy":"post_tag","embeddable":true,"href":"https:\/\/agora.xtec.cat\/escolalavilapalamos\/wp-json\/wp\/v2\/tags?post=9860"}],"curies":[{"name":"wp","href":"https:\/\/api.w.org\/{rel}","templated":true}]}}