{"id":9842,"date":"2021-09-20T11:21:52","date_gmt":"2021-09-20T09:21:52","guid":{"rendered":"https:\/\/agora.xtec.cat\/escolalavilapalamos\/?p=9842"},"modified":"2021-09-23T11:31:15","modified_gmt":"2021-09-23T09:31:15","slug":"beques-deducacio-especial","status":"publish","type":"post","link":"https:\/\/agora.xtec.cat\/escolalavilapalamos\/general\/beques-deducacio-especial\/","title":{"rendered":"Beques d&#8217;educaci\u00f3 especial"},"content":{"rendered":"<p><a href=\"https:\/\/agora.xtec.cat\/escolalavilapalamos\/wp-content\/uploads\/usu897\/2021\/09\/beques_1.jpg\"><img loading=\"lazy\" decoding=\"async\" class=\"alignleft size-full wp-image-9843\" src=\"https:\/\/agora.xtec.cat\/escolalavilapalamos\/wp-content\/uploads\/usu897\/2021\/09\/beques_1.jpg\" alt=\"\" width=\"225\" height=\"225\" srcset=\"https:\/\/agora.xtec.cat\/escolalavilapalamos\/wp-content\/uploads\/usu897\/2021\/09\/beques_1.jpg 225w, https:\/\/agora.xtec.cat\/escolalavilapalamos\/wp-content\/uploads\/usu897\/2021\/09\/beques_1-150x150.jpg 150w\" sizes=\"auto, (max-width: 225px) 100vw, 225px\" \/><\/a>Us informem que el passat 8 d\u2019agost es va publicar l\u2019extracte de la Resoluci\u00f3 de 2 d\u2019agost de 2021, de la \u201cSecretaria de Estado de Educaci\u00f3n\u201d que convoca <strong>ajuts per a l\u2019alumnat amb necessitat\u00a0 espec\u00edfica de suport educatiu per al curs acad\u00e8mic 2021-2022.<\/strong><\/p>\n<p>D\u2019acord amb les bases de la convocat\u00f2ria,<strong> la sol\u00b7licitud es tramita\u00a0per via telem\u00e0tica. <\/strong>Per a la tramitaci\u00f3 de la sol\u00b7licitud, el\/la sol\u00b7licitant ha d\u2019entrar a la p\u00e0gina web\u00a0<a href=\"http:\/\/www.becaseducacion.gob.es\/\" data-saferedirecturl=\"https:\/\/www.google.com\/url?q=http:\/\/www.becaseducacion.gob.es&amp;source=gmail&amp;ust=1632469719461000&amp;usg=AFQjCNGNztdd2H5a909qTEXHqhBoN_KfUw\">www.becaseducacion.gob.es<\/a>,\u00a0donar-se d\u2019alta com a usuari\/\u00e0ria, omplir la sol\u00b7licitud i imprimir-la, a fi de signar tots els apartats. Despr\u00e9s l\u2019ha d\u2019entregar al centre escolar, junt amb la documentaci\u00f3 acreditativa necess\u00e0ria per completar la sol\u00b7licitud, la qual heu de comprovar que sigui correcta.<\/p>\n<p>La documentaci\u00f3 que cal adjuntar a cada sol\u00b7licitud \u00e9s la seg\u00fcent:<\/p>\n<ul>\n<li>Fotoc\u00f2pia del DNI o NIE de tots els membres de la unitat familiar (el passaport no \u00e9s v\u00e0lid) i la resta de la documentaci\u00f3 acreditativa de les circumst\u00e0ncies familiars (carnet de fam\u00edlia nombrosa, monoparental, resoluci\u00f3 d\u2019inf\u00e0ncia en cas d\u2019alumnes tutelats, &#8230;). No \u00e9s necessari presentar fotoc\u00f2pies del llibre de fam\u00edlia i de les targetes sanit\u00e0ries.<\/li>\n<li>Fotoc\u00f2pia del compte corrent de l\u2019alumne\/a on consti com a titular o co-titular.\u00a0En cas que l\u2019alumne\/a no tingui DNI o NIE i per tant, no sigui titular d\u2019un compte corrent, el pare\/mare\/tutor ha d\u2019omplir i signar l\u2019autoritzaci\u00f3 per percebre l\u2019ajut en el centre escolar on est\u00e0 matriculat i adjuntar la fotoc\u00f2pia del compte corrent del centre.<\/li>\n<li>Certificat de discapacitat pels alumnes que l\u2019EAP determini que tenen la necessitat derivada d\u2019una discapacitat.<\/li>\n<li>Certificat m\u00e8dic expedit pels serveis de salut sostinguts amb fons p\u00fablics, pels alumnes que l\u2019EAP determini que tenen la necessitat derivada del Trastorn de l\u2019Espectre Autista.<\/li>\n<\/ul>\n<p>TERMINI DE PRESENTACI\u00d3:<\/p>\n<p><strong>El termini de presentaci\u00f3 de les sol\u00b7licituds en el centre escolar per part del\/la sol\u00b7licitant, finalitza el\u00a030 de setembre\u00a0de 2021 (incl\u00f2s).<\/strong><\/p>\n","protected":false},"excerpt":{"rendered":"<p><a href=\"https:\/\/agora.xtec.cat\/escolalavilapalamos\/wp-content\/uploads\/usu897\/2021\/09\/beques_1.jpg\"><\/a>Us informem que el passat 8 d\u2019agost es va publicar l\u2019extracte de la Resoluci\u00f3 de 2 d\u2019agost de 2021, de la \u201cSecretaria de Estado de Educaci\u00f3n\u201d que convoca ajuts per a l\u2019alumnat amb necessitat\u00a0 espec\u00edfica de suport educatiu per al curs acad\u00e8mic 2021-2022.<br \/>\nD\u2019acord amb&hellip;  <a href=\"https:\/\/agora.xtec.cat\/escolalavilapalamos\/general\/beques-deducacio-especial\/\" title=\"Read Beques d&#8217;educaci\u00f3 especial\">Llegeix m\u00e9s\u00bb<\/a><\/p>\n","protected":false},"author":1,"featured_media":9843,"comment_status":"open","ping_status":"closed","sticky":false,"template":"","format":"standard","meta":{"_bbp_topic_count":0,"_bbp_reply_count":0,"_bbp_total_topic_count":0,"_bbp_total_reply_count":0,"_bbp_voice_count":0,"_bbp_anonymous_reply_count":0,"_bbp_topic_count_hidden":0,"_bbp_reply_count_hidden":0,"_bbp_forum_subforum_count":0,"footnotes":""},"categories":[1,4],"tags":[],"class_list":["post-9842","post","type-post","status-publish","format-standard","has-post-thumbnail","hentry","category-general","category-portada"],"post_mailing_queue_ids":[],"_links":{"self":[{"href":"https:\/\/agora.xtec.cat\/escolalavilapalamos\/wp-json\/wp\/v2\/posts\/9842","targetHints":{"allow":["GET"]}}],"collection":[{"href":"https:\/\/agora.xtec.cat\/escolalavilapalamos\/wp-json\/wp\/v2\/posts"}],"about":[{"href":"https:\/\/agora.xtec.cat\/escolalavilapalamos\/wp-json\/wp\/v2\/types\/post"}],"author":[{"embeddable":true,"href":"https:\/\/agora.xtec.cat\/escolalavilapalamos\/wp-json\/wp\/v2\/users\/1"}],"replies":[{"embeddable":true,"href":"https:\/\/agora.xtec.cat\/escolalavilapalamos\/wp-json\/wp\/v2\/comments?post=9842"}],"version-history":[{"count":1,"href":"https:\/\/agora.xtec.cat\/escolalavilapalamos\/wp-json\/wp\/v2\/posts\/9842\/revisions"}],"predecessor-version":[{"id":9844,"href":"https:\/\/agora.xtec.cat\/escolalavilapalamos\/wp-json\/wp\/v2\/posts\/9842\/revisions\/9844"}],"wp:featuredmedia":[{"embeddable":true,"href":"https:\/\/agora.xtec.cat\/escolalavilapalamos\/wp-json\/wp\/v2\/media\/9843"}],"wp:attachment":[{"href":"https:\/\/agora.xtec.cat\/escolalavilapalamos\/wp-json\/wp\/v2\/media?parent=9842"}],"wp:term":[{"taxonomy":"category","embeddable":true,"href":"https:\/\/agora.xtec.cat\/escolalavilapalamos\/wp-json\/wp\/v2\/categories?post=9842"},{"taxonomy":"post_tag","embeddable":true,"href":"https:\/\/agora.xtec.cat\/escolalavilapalamos\/wp-json\/wp\/v2\/tags?post=9842"}],"curies":[{"name":"wp","href":"https:\/\/api.w.org\/{rel}","templated":true}]}}