{"id":9838,"date":"2021-09-23T10:57:49","date_gmt":"2021-09-23T08:57:49","guid":{"rendered":"https:\/\/agora.xtec.cat\/escolalavilapalamos\/?p=9838"},"modified":"2021-09-23T10:57:49","modified_gmt":"2021-09-23T08:57:49","slug":"jornada-de-benvinguda-al-laboratori-de-transformacio-educativa","status":"publish","type":"post","link":"https:\/\/agora.xtec.cat\/escolalavilapalamos\/general\/jornada-de-benvinguda-al-laboratori-de-transformacio-educativa\/","title":{"rendered":"Jornada de benvinguda al Laboratori de Transformaci\u00f3 Educativa"},"content":{"rendered":"<p>Un miler de professionals de l&#8217;educaci\u00f3 vam seguir en directe <strong>la Jornada de benvinguda al Laboratori de Transformaci\u00f3 &#8220;Complicitats per transformar el sistema&#8221;.<\/strong><\/p>\n<p>Quin \u00e9s el prop\u00f2sit de l\u2019escola? Quina escola per a quina societat? Quins infants per a quin m\u00f3n? La resposta a aquestes preguntes ha de condicionar tot el que fem a l\u2019entorn educatiu.<\/p>\n<p>A l&#8217;escola La Vila fa anys que estem compromesos amb el canvi educatiu\u00a0 i aquest curs estem satisfets de formar part dels centres referents del Laboratori i aprendre d&#8217;altres projectes per a continuar millorant el nostre.<\/p>\n<p>Us convidem a veure el v\u00eddeo de la jornada, val la pena escoltar-lo amb atenci\u00f3 i reflexionar sobre tants temes importants que es posen sobre la taula.<\/p>\n<p><iframe loading=\"lazy\" title=\"Jornada de Benvinguda Curs 2021 - 2022. Laboratori de Transformaci\u00f3 Educativa\" width=\"500\" height=\"281\" src=\"https:\/\/www.youtube.com\/embed\/HD0dt-KfSco?feature=oembed\" frameborder=\"0\" allow=\"accelerometer; autoplay; clipboard-write; encrypted-media; gyroscope; picture-in-picture; web-share\" referrerpolicy=\"strict-origin-when-cross-origin\" allowfullscreen><\/iframe><\/p>\n","protected":false},"excerpt":{"rendered":"<p>Un miler de professionals de l&#8217;educaci\u00f3 vam seguir en directe la Jornada de benvinguda al Laboratori de Transformaci\u00f3 &#8220;Complicitats per transformar el sistema&#8221;.<br \/>\nQuin \u00e9s el prop\u00f2sit de l\u2019escola? Quina escola per a quina societat? Quins infants per a quin m\u00f3n? La resposta a aquestes preguntes&hellip;  <a href=\"https:\/\/agora.xtec.cat\/escolalavilapalamos\/general\/jornada-de-benvinguda-al-laboratori-de-transformacio-educativa\/\" title=\"Read Jornada de benvinguda al Laboratori de Transformaci\u00f3 Educativa\">Llegeix m\u00e9s\u00bb<\/a><\/p>\n","protected":false},"author":24,"featured_media":9840,"comment_status":"open","ping_status":"closed","sticky":false,"template":"","format":"standard","meta":{"_bbp_topic_count":0,"_bbp_reply_count":0,"_bbp_total_topic_count":0,"_bbp_total_reply_count":0,"_bbp_voice_count":0,"_bbp_anonymous_reply_count":0,"_bbp_topic_count_hidden":0,"_bbp_reply_count_hidden":0,"_bbp_forum_subforum_count":0,"footnotes":""},"categories":[1,4],"tags":[],"class_list":["post-9838","post","type-post","status-publish","format-standard","has-post-thumbnail","hentry","category-general","category-portada"],"post_mailing_queue_ids":[],"_links":{"self":[{"href":"https:\/\/agora.xtec.cat\/escolalavilapalamos\/wp-json\/wp\/v2\/posts\/9838","targetHints":{"allow":["GET"]}}],"collection":[{"href":"https:\/\/agora.xtec.cat\/escolalavilapalamos\/wp-json\/wp\/v2\/posts"}],"about":[{"href":"https:\/\/agora.xtec.cat\/escolalavilapalamos\/wp-json\/wp\/v2\/types\/post"}],"author":[{"embeddable":true,"href":"https:\/\/agora.xtec.cat\/escolalavilapalamos\/wp-json\/wp\/v2\/users\/24"}],"replies":[{"embeddable":true,"href":"https:\/\/agora.xtec.cat\/escolalavilapalamos\/wp-json\/wp\/v2\/comments?post=9838"}],"version-history":[{"count":2,"href":"https:\/\/agora.xtec.cat\/escolalavilapalamos\/wp-json\/wp\/v2\/posts\/9838\/revisions"}],"predecessor-version":[{"id":9841,"href":"https:\/\/agora.xtec.cat\/escolalavilapalamos\/wp-json\/wp\/v2\/posts\/9838\/revisions\/9841"}],"wp:featuredmedia":[{"embeddable":true,"href":"https:\/\/agora.xtec.cat\/escolalavilapalamos\/wp-json\/wp\/v2\/media\/9840"}],"wp:attachment":[{"href":"https:\/\/agora.xtec.cat\/escolalavilapalamos\/wp-json\/wp\/v2\/media?parent=9838"}],"wp:term":[{"taxonomy":"category","embeddable":true,"href":"https:\/\/agora.xtec.cat\/escolalavilapalamos\/wp-json\/wp\/v2\/categories?post=9838"},{"taxonomy":"post_tag","embeddable":true,"href":"https:\/\/agora.xtec.cat\/escolalavilapalamos\/wp-json\/wp\/v2\/tags?post=9838"}],"curies":[{"name":"wp","href":"https:\/\/api.w.org\/{rel}","templated":true}]}}