{"id":9832,"date":"2021-10-26T12:28:04","date_gmt":"2021-10-26T10:28:04","guid":{"rendered":"https:\/\/agora.xtec.cat\/escolalavilapalamos\/?p=9832"},"modified":"2021-10-26T12:31:37","modified_gmt":"2021-10-26T10:31:37","slug":"psicomotricitat-a-la-comunitat-de-petits","status":"publish","type":"post","link":"https:\/\/agora.xtec.cat\/escolalavilapalamos\/general\/psicomotricitat-a-la-comunitat-de-petits\/","title":{"rendered":"Psicomotricitat a la comunitat de petits"},"content":{"rendered":"<p><img loading=\"lazy\" decoding=\"async\" class=\"n3VNCb alignright\" src=\"https:\/\/agora.xtec.cat\/escolajaumemiret\/wp-content\/uploads\/usu1799\/2020\/03\/psico.jpg\" alt=\"Psicomotricitat | Escola Jaume Miret\" width=\"391\" height=\"170\" data-noaft=\"1\" \/><\/p>\n<p>Hem iniciat un nou curs escolar carregat d&#8217;energies i l&#8217;alumnat de comunitat de petits ha comen\u00e7at a gaudir de la psicomotricitat. Aquesta \u00e0rea s&#8217;impartir\u00e0 al llarg de tot el curs escolar i a trav\u00e9s de la web de l&#8217;escola s&#8217;aniran penjant activitats destacades que aniran realitzant les vostres filles i fills. Clicant sobre la fotografia en veureu un breu recull.<\/p>\n<p><a href=\"https:\/\/photos.app.goo.gl\/xggHeKKHzepDNnzu5\"><img loading=\"lazy\" decoding=\"async\" class=\"wp-image-9834 aligncenter\" src=\"https:\/\/agora.xtec.cat\/escolalavilapalamos\/wp-content\/uploads\/usu897\/2021\/09\/IMG_20210916_105952-1024x768.jpg\" alt=\"\" width=\"379\" height=\"284\" srcset=\"https:\/\/agora.xtec.cat\/escolalavilapalamos\/wp-content\/uploads\/usu897\/2021\/09\/IMG_20210916_105952-1024x768.jpg 1024w, https:\/\/agora.xtec.cat\/escolalavilapalamos\/wp-content\/uploads\/usu897\/2021\/09\/IMG_20210916_105952-300x225.jpg 300w, https:\/\/agora.xtec.cat\/escolalavilapalamos\/wp-content\/uploads\/usu897\/2021\/09\/IMG_20210916_105952-768x576.jpg 768w, https:\/\/agora.xtec.cat\/escolalavilapalamos\/wp-content\/uploads\/usu897\/2021\/09\/IMG_20210916_105952-1536x1152.jpg 1536w, https:\/\/agora.xtec.cat\/escolalavilapalamos\/wp-content\/uploads\/usu897\/2021\/09\/IMG_20210916_105952-2048x1536.jpg 2048w, https:\/\/agora.xtec.cat\/escolalavilapalamos\/wp-content\/uploads\/usu897\/2021\/09\/IMG_20210916_105952-200x150.jpg 200w\" sizes=\"auto, (max-width: 379px) 100vw, 379px\" \/><\/a><\/p>\n","protected":false},"excerpt":{"rendered":"<p>Hem iniciat un nou curs escolar carregat d&#8217;energies i l&#8217;alumnat de comunitat de petits ha comen\u00e7at a gaudir de la psicomotricitat. Aquesta \u00e0rea s&#8217;impartir\u00e0 al llarg de tot el curs escolar i a trav\u00e9s de la web de l&#8217;escola s&#8217;aniran penjant activitats destacades que aniran&hellip;  <a href=\"https:\/\/agora.xtec.cat\/escolalavilapalamos\/general\/psicomotricitat-a-la-comunitat-de-petits\/\" title=\"Read Psicomotricitat a la comunitat de petits\">Llegeix m\u00e9s\u00bb<\/a><\/p>\n","protected":false},"author":167,"featured_media":0,"comment_status":"open","ping_status":"closed","sticky":false,"template":"","format":"standard","meta":{"_bbp_topic_count":0,"_bbp_reply_count":0,"_bbp_total_topic_count":0,"_bbp_total_reply_count":0,"_bbp_voice_count":0,"_bbp_anonymous_reply_count":0,"_bbp_topic_count_hidden":0,"_bbp_reply_count_hidden":0,"_bbp_forum_subforum_count":0,"footnotes":""},"categories":[2,70,67,1,4],"tags":[],"class_list":["post-9832","post","type-post","status-publish","format-standard","hentry","category-infantil","category-efi","category-especialistes","category-general","category-portada"],"post_mailing_queue_ids":[],"_links":{"self":[{"href":"https:\/\/agora.xtec.cat\/escolalavilapalamos\/wp-json\/wp\/v2\/posts\/9832","targetHints":{"allow":["GET"]}}],"collection":[{"href":"https:\/\/agora.xtec.cat\/escolalavilapalamos\/wp-json\/wp\/v2\/posts"}],"about":[{"href":"https:\/\/agora.xtec.cat\/escolalavilapalamos\/wp-json\/wp\/v2\/types\/post"}],"author":[{"embeddable":true,"href":"https:\/\/agora.xtec.cat\/escolalavilapalamos\/wp-json\/wp\/v2\/users\/167"}],"replies":[{"embeddable":true,"href":"https:\/\/agora.xtec.cat\/escolalavilapalamos\/wp-json\/wp\/v2\/comments?post=9832"}],"version-history":[{"count":3,"href":"https:\/\/agora.xtec.cat\/escolalavilapalamos\/wp-json\/wp\/v2\/posts\/9832\/revisions"}],"predecessor-version":[{"id":10237,"href":"https:\/\/agora.xtec.cat\/escolalavilapalamos\/wp-json\/wp\/v2\/posts\/9832\/revisions\/10237"}],"wp:attachment":[{"href":"https:\/\/agora.xtec.cat\/escolalavilapalamos\/wp-json\/wp\/v2\/media?parent=9832"}],"wp:term":[{"taxonomy":"category","embeddable":true,"href":"https:\/\/agora.xtec.cat\/escolalavilapalamos\/wp-json\/wp\/v2\/categories?post=9832"},{"taxonomy":"post_tag","embeddable":true,"href":"https:\/\/agora.xtec.cat\/escolalavilapalamos\/wp-json\/wp\/v2\/tags?post=9832"}],"curies":[{"name":"wp","href":"https:\/\/api.w.org\/{rel}","templated":true}]}}