{"id":9829,"date":"2021-10-26T12:35:06","date_gmt":"2021-10-26T10:35:06","guid":{"rendered":"https:\/\/agora.xtec.cat\/escolalavilapalamos\/?p=9829"},"modified":"2021-10-27T12:47:22","modified_gmt":"2021-10-27T10:47:22","slug":"educacio-fisica-a-comunitat-de-mitjans-i-comunitat-de-grans","status":"publish","type":"post","link":"https:\/\/agora.xtec.cat\/escolalavilapalamos\/general\/educacio-fisica-a-comunitat-de-mitjans-i-comunitat-de-grans\/","title":{"rendered":"Educaci\u00f3 f\u00edsica a comunitat de mitjans i comunitat de grans!"},"content":{"rendered":"<p><img loading=\"lazy\" decoding=\"async\" class=\"n3VNCb alignright\" src=\"https:\/\/agora.xtec.cat\/ceipitaca\/wp-content\/uploads\/usu141\/2020\/04\/TURU.jpg\" alt=\"Educaci\u00f3 f\u00edsica + __ Educaci\u00f3 F\u00edsica a l'escola Pau Casals del Vendrell | Bloc d'Albert Camara Mas (Mestre d'Educaci\u00f3 F\u00edsica a l'escola Pau Casals del Vendrell)\" width=\"394\" height=\"278\" data-noaft=\"1\" \/><\/p>\n<p>Hem iniciat un nou curs escolar carregats d&#8217;energies i l&#8217;alumnat de comunitat de mitjans i de grans han comen\u00e7at a gaudir de l&#8217;\u00e0rea d&#8217;educaci\u00f3 f\u00edsica. Aquesta \u00e0rea s&#8217;impartir\u00e0 al llarg de tot el curs escolar i a trav\u00e9s de la web de l&#8217;escola s&#8217;aniran penjant activitats destacades que aniran realitzant les vostres filles i fills. Clicant sobre les fotografies en veureu un breu recull.<\/p>\n<figure class=\"figure wp-caption alignleft\"><a href=\"https:\/\/photos.app.goo.gl\/1wVKjiKvhLUpjCqF9\"><img loading=\"lazy\" decoding=\"async\" class=\"wp-image-10226\" src=\"https:\/\/agora.xtec.cat\/escolalavilapalamos\/wp-content\/uploads\/usu897\/2021\/10\/IMG-20211026-WA0001-1024x768.jpg\" alt=\"\" width=\"307\" height=\"231\" srcset=\"https:\/\/agora.xtec.cat\/escolalavilapalamos\/wp-content\/uploads\/usu897\/2021\/10\/IMG-20211026-WA0001-1024x768.jpg 1024w, https:\/\/agora.xtec.cat\/escolalavilapalamos\/wp-content\/uploads\/usu897\/2021\/10\/IMG-20211026-WA0001-300x225.jpg 300w, https:\/\/agora.xtec.cat\/escolalavilapalamos\/wp-content\/uploads\/usu897\/2021\/10\/IMG-20211026-WA0001-768x576.jpg 768w, https:\/\/agora.xtec.cat\/escolalavilapalamos\/wp-content\/uploads\/usu897\/2021\/10\/IMG-20211026-WA0001-1536x1152.jpg 1536w, https:\/\/agora.xtec.cat\/escolalavilapalamos\/wp-content\/uploads\/usu897\/2021\/10\/IMG-20211026-WA0001-200x150.jpg 200w, https:\/\/agora.xtec.cat\/escolalavilapalamos\/wp-content\/uploads\/usu897\/2021\/10\/IMG-20211026-WA0001.jpg 1600w\" sizes=\"auto, (max-width: 307px) 100vw, 307px\" \/><\/a><figcaption class=\"wp-caption-text\">MITJANS<\/figcaption><\/figure>\n<figure class=\"figure wp-caption alignright\"><a href=\"https:\/\/photos.app.goo.gl\/e446g1nE5Zi9a4HY6\"><img loading=\"lazy\" decoding=\"async\" class=\"wp-image-10223\" src=\"https:\/\/agora.xtec.cat\/escolalavilapalamos\/wp-content\/uploads\/usu897\/2021\/09\/IMG_20210924_105747-rotated.jpg\" alt=\"\" width=\"319\" height=\"239\" srcset=\"https:\/\/agora.xtec.cat\/escolalavilapalamos\/wp-content\/uploads\/usu897\/2021\/09\/IMG_20210924_105747-rotated.jpg 960w, https:\/\/agora.xtec.cat\/escolalavilapalamos\/wp-content\/uploads\/usu897\/2021\/09\/IMG_20210924_105747-300x225.jpg 300w, https:\/\/agora.xtec.cat\/escolalavilapalamos\/wp-content\/uploads\/usu897\/2021\/09\/IMG_20210924_105747-768x576.jpg 768w, https:\/\/agora.xtec.cat\/escolalavilapalamos\/wp-content\/uploads\/usu897\/2021\/09\/IMG_20210924_105747-200x150.jpg 200w\" sizes=\"auto, (max-width: 319px) 100vw, 319px\" \/><\/a><figcaption class=\"wp-caption-text\">GRANS<\/figcaption><\/figure>\n<p>&nbsp;<\/p>\n","protected":false},"excerpt":{"rendered":"<p>Hem iniciat un nou curs escolar carregats d&#8217;energies i l&#8217;alumnat de comunitat de mitjans i de grans han comen\u00e7at a gaudir de l&#8217;\u00e0rea d&#8217;educaci\u00f3 f\u00edsica. Aquesta \u00e0rea s&#8217;impartir\u00e0 al llarg de tot el curs escolar i a trav\u00e9s de la web de l&#8217;escola s&#8217;aniran penjant&hellip;  <a href=\"https:\/\/agora.xtec.cat\/escolalavilapalamos\/general\/educacio-fisica-a-comunitat-de-mitjans-i-comunitat-de-grans\/\" title=\"Read Educaci\u00f3 f\u00edsica a comunitat de mitjans i comunitat de grans!\">Llegeix m\u00e9s\u00bb<\/a><\/p>\n","protected":false},"author":167,"featured_media":10226,"comment_status":"open","ping_status":"closed","sticky":false,"template":"","format":"standard","meta":{"_bbp_topic_count":0,"_bbp_reply_count":0,"_bbp_total_topic_count":0,"_bbp_total_reply_count":0,"_bbp_voice_count":0,"_bbp_anonymous_reply_count":0,"_bbp_topic_count_hidden":0,"_bbp_reply_count_hidden":0,"_bbp_forum_subforum_count":0,"footnotes":""},"categories":[128,127,70,67,1,4],"tags":[],"class_list":["post-9829","post","type-post","status-publish","format-standard","has-post-thumbnail","hentry","category-comunitat-de-grans","category-comunitat-de-mitjans","category-efi","category-especialistes","category-general","category-portada"],"post_mailing_queue_ids":[],"_links":{"self":[{"href":"https:\/\/agora.xtec.cat\/escolalavilapalamos\/wp-json\/wp\/v2\/posts\/9829","targetHints":{"allow":["GET"]}}],"collection":[{"href":"https:\/\/agora.xtec.cat\/escolalavilapalamos\/wp-json\/wp\/v2\/posts"}],"about":[{"href":"https:\/\/agora.xtec.cat\/escolalavilapalamos\/wp-json\/wp\/v2\/types\/post"}],"author":[{"embeddable":true,"href":"https:\/\/agora.xtec.cat\/escolalavilapalamos\/wp-json\/wp\/v2\/users\/167"}],"replies":[{"embeddable":true,"href":"https:\/\/agora.xtec.cat\/escolalavilapalamos\/wp-json\/wp\/v2\/comments?post=9829"}],"version-history":[{"count":3,"href":"https:\/\/agora.xtec.cat\/escolalavilapalamos\/wp-json\/wp\/v2\/posts\/9829\/revisions"}],"predecessor-version":[{"id":10239,"href":"https:\/\/agora.xtec.cat\/escolalavilapalamos\/wp-json\/wp\/v2\/posts\/9829\/revisions\/10239"}],"wp:featuredmedia":[{"embeddable":true,"href":"https:\/\/agora.xtec.cat\/escolalavilapalamos\/wp-json\/wp\/v2\/media\/10226"}],"wp:attachment":[{"href":"https:\/\/agora.xtec.cat\/escolalavilapalamos\/wp-json\/wp\/v2\/media?parent=9829"}],"wp:term":[{"taxonomy":"category","embeddable":true,"href":"https:\/\/agora.xtec.cat\/escolalavilapalamos\/wp-json\/wp\/v2\/categories?post=9829"},{"taxonomy":"post_tag","embeddable":true,"href":"https:\/\/agora.xtec.cat\/escolalavilapalamos\/wp-json\/wp\/v2\/tags?post=9829"}],"curies":[{"name":"wp","href":"https:\/\/api.w.org\/{rel}","templated":true}]}}